{"id":1221,"date":"2024-01-04T10:28:02","date_gmt":"2024-01-04T10:28:02","guid":{"rendered":"https:\/\/www.automakers.cz\/?p=1221"},"modified":"2024-01-04T10:28:02","modified_gmt":"2024-01-04T10:28:02","slug":"orlen-slibuje-900-rychlodobijecek-pro-elektromobily","status":"publish","type":"post","link":"https:\/\/www.automakers.cz\/?p=1221","title":{"rendered":"ORLEN slibuje 900 rychlodob\u00edje\u010dek pro elektromobily"},"content":{"rendered":"<p><strong>ORLEN letos pl\u00e1nuje zintenz\u00edvnit zav\u00e1d\u011bn\u00ed alternativn\u00edch energi\u00ed. V sou\u010dasnosti nab\u00edz\u00ed na 66 \u010derpac\u00edch stanic\u00edch 267 elektro dob\u00edjec\u00edch bod\u016f a na dvou stanic\u00edch vod\u00edkov\u00e9 plnic\u00ed stojany pro osobn\u00ed automobily, autobusy i n\u00e1kladn\u00ed vozidla. Jak v dal\u0161\u00edch letech?<\/strong><!--more--><\/p>\n<p>V oblasti e-mobility zahajuje v\u00fdstavbu vlastn\u00ed vysokorychlostn\u00ed dob\u00edjec\u00ed infrastruktury a pokra\u010duje v projektech t\u0159\u00ed vod\u00edkov\u00fdch stanic v Praze, Brn\u011b a Ostrav\u011b. Do roku 2030 chce provozovat 1 800 vysokorychlostn\u00edch dob\u00edjec\u00edch bod\u016f a v\u00edce ne\u017e dvacet vod\u00edkov\u00fdch plnic\u00edch stanic.<\/p>\n<p><em>\u201eLeto\u0161n\u00ed rok byl pro n\u00e1s speci\u00e1ln\u00ed, proto\u017ee byl pln\u00fd zm\u011bn a d\u016fle\u017eit\u00fdch miln\u00edk\u016f. P\u0159ejmenovali jsme p\u0159es t\u0159i sta \u010derpac\u00edch stanic, co\u017e znamen\u00e1, \u017ee 80 procent s\u00edt\u011b ji\u017e provozujeme pod zna\u010dkou ORLEN. V\u00a0na\u0161\u00ed mobiln\u00ed aplikaci ORLEN jsme oslavili p\u016flmiliont\u00e9ho z\u00e1kazn\u00edka, razantn\u011b jsme zv\u00fd\u0161ili n\u00e1\u0161 tr\u017en\u00ed pod\u00edl prodan\u00fdch paliv a p\u0159ipravili se na benz\u00edn E10, kter\u00fd za\u010dneme nab\u00edzet od nov\u00e9ho roku,\u201c<\/em> shrnul kon\u010d\u00edc\u00ed se rok <strong>Vladim\u00edr Do\u010dekal, \u0159editel s\u00edt\u011b \u010derpac\u00edch stanic ORLEN.<\/strong><\/p>\n<p>\u010cerpac\u00ed s\u00ed\u0165 ORLEN zahrnuje v \u010cesku 434 \u010derpac\u00edch stanic. Dle po\u010dtu \u010derpac\u00edch stanic, ale i dle objemu prodan\u00fdch pohonn\u00fdch hmot, kter\u00fd aktu\u00e1ln\u011b dosahuje \u00farovn\u011b 25,7 %, je jedni\u010dkou na \u010desk\u00e9m trhu. <em>\u201eN\u00e1\u0161 tr\u017en\u00ed pod\u00edl chceme i nad\u00e1le zvy\u0161ovat. Jednak nab\u00eddkou kvalitn\u00edch paliv a ob\u010derstven\u00ed za p\u0159\u00edzniv\u00e9 ceny a jednak dal\u0161\u00edm roz\u0161i\u0159ov\u00e1n\u00edm s\u00edt\u011b skrze v\u011bt\u0161\u00ed \u010di men\u0161\u00ed akvizice. Jsme p\u0159ipraveni diskutovat s\u00a0k\u00fdmkoliv, ale p\u0159\u00edpadn\u00e9 investice do akvizic n\u00e1m musej\u00ed d\u00e1vat ekonomick\u00fd smysl,\u201c <\/em>vysv\u011btlil <strong>Vladim\u00edr Do\u010dekal<\/strong><em>.<\/em><\/p>\n<p>ORLEN v \u010cesku nab\u00edz\u00ed pohonn\u00e9 hmoty Efecta s\u00a0prokazateln\u00fdmi \u010distic\u00edmi \u00fa\u010dinky a pr\u00e9miov\u00e1 paliva Verva, kter\u00e1 vedle p\u00e9\u010de o motorovou soustavu maj\u00ed maxim\u00e1ln\u011b vylep\u0161eny v\u00fdkonnostn\u00ed parametry. Od nov\u00e9ho roku bude v\u00a0cel\u00e9 s\u00edti nab\u00edzet benz\u00edn EFECTA 95 s\u00a0ozna\u010den\u00edm E10, tedy s pod\u00edlem bioslo\u017eky do deseti procent. <em>\u201eT\u00edmto ekologick\u00fdm opat\u0159en\u00edm pln\u00edme evropskou legislativu t\u00fdkaj\u00edc\u00ed se sni\u017eov\u00e1n\u00ed emis\u00ed oxidu uhli\u010dit\u00e9ho. Benz\u00edn E10 je vhodn\u00fd pro naprostou v\u011bt\u0161inu sou\u010dasn\u00fdch vozidel. Motorist\u00e9 s\u00a0automobily \u010di motocykly vyroben\u00fdmi v\u00a0minul\u00e9m stolet\u00ed u n\u00e1s mohou bez obav \u010derpat pr\u00e9miov\u00fd benz\u00edn Verva 100,\u201c<\/em> ujistil <strong>Vladim\u00edr Do\u010dekal<\/strong>.<\/p>\n<p>ORLEN v\u00a0\u010cesku intenz\u00edvn\u011b buduje nab\u00eddku alternativn\u00edch pohon\u016f a energi\u00ed. <em>\u201eI kdy\u017e klasick\u00e1 paliva budou je\u0161t\u011b minim\u00e1ln\u011b deset patn\u00e1ct let p\u0159eva\u017eovat, rozv\u00edj\u00edme tak\u00e9 infrastrukturu pro elektromobily. Otev\u0159eli jsme dv\u011b vod\u00edkov\u00e9 stanice v\u00a0Praze a Litv\u00ednov\u011b a na 66 \u010derpac\u00edch stanic\u00edch ji\u017e nab\u00edz\u00edme 93 dob\u00edjec\u00edch stanic s\u00a0celkem 267 elektro dob\u00edjec\u00edmi body, co\u017e v\u00a0n\u00e1s obou p\u0159\u00edpadech d\u011bl\u00e1 l\u00eddra trhu. Budov\u00e1n\u00ed t\u00e9to infrastruktury vn\u00edm\u00e1me jako nezbytnou investici do udr\u017een\u00ed konkurenceschopnosti v budoucnosti,\u201c <\/em>up\u0159esnil <strong>Vladim\u00edr Do\u010dekal<\/strong>.<\/p>\n<p><strong>Pl\u00e1n na 900 rychlodob\u00edje\u010dek<\/strong><\/p>\n<p>V\u00a0roz\u0161i\u0159ov\u00e1n\u00ed elektromobiln\u00ed infrastruktury hodl\u00e1 ORLEN pokra\u010dovat i v p\u0159\u00ed\u0161t\u00edm roce. Krom\u011b st\u00e1vaj\u00edc\u00edch dob\u00edjec\u00edch stojan\u016f extern\u00edch partner\u016f, chce za\u010d\u00edt budovat vlastn\u00ed vysokorychlostn\u00ed dob\u00edjec\u00ed infrastrukturu.<\/p>\n<p><em>\u201eDo roku 2030 chceme instalovat 900 vysokorychlostn\u00edch dob\u00edjec\u00edch stanic s 1 800 vysokorychlostn\u00edmi dob\u00edjec\u00edmi body. Pracujeme rovn\u011b\u017e na dal\u0161\u00edch projektech vod\u00edkov\u00fdch pln\u00edc\u00edch stanic, kter\u00fdch bychom do roku 2030 cht\u011bli m\u00edt v\u00edce ne\u017e 20. Pust\u00edme se tak\u00e9 do modernizace na\u0161eho ob\u010derstvovac\u00edho konceptu Stop Cafe, kter\u00fd st\u00e1le snese ty nejvy\u0161\u0161\u00ed n\u00e1roky, ale \u010das let\u00ed a my c\u00edt\u00edme, \u017ee je pot\u0159eba p\u0159ij\u00edt s\u00a0inovacemi,\u201c <\/em>nast\u00ednil pl\u00e1ny s\u00edt\u011b ORLEN <strong>Vladim\u00edr Do\u010dekal<\/strong>.<\/p>\n<p>S\u00ed\u0165 \u010derpac\u00edch stanic ORLEN pat\u0159\u00ed do skupiny ORLEN Unipetrol, kter\u00e1 je vlastn\u011bna mezin\u00e1rodn\u00ed skupinou ORLEN. Ta provozuje v\u00edce ne\u017e t\u0159i tis\u00edce \u010derpac\u00edch stanic v \u0161esti zem\u00edch \u2013 i v Polsku, \u010cesku, N\u011bmecku, Litv\u011b, v Ma\u010farsku a na Slovensku. V\u00a0roce 2024 p\u0159evezme 266 \u010derpac\u00edch stanic zna\u010dky Turm\u00f6l v\u00a0Rakousku.<\/p>\n<p><strong>ORLEN <\/strong>je sou\u010d\u00e1st\u00ed skupiny ORLEN Unipetrol, je\u017e pat\u0159\u00ed do nadn\u00e1rodn\u00edho skupiny ORLEN, a provozuje nejrozs\u00e1hlej\u0161\u00ed s\u00ed\u0165 \u010derpac\u00edch stanic v \u010cesk\u00e9 republice.<\/p>\n<p><strong>Zdroj a foto: ORLEN<\/strong><\/p>\n<p><img loading=\"lazy\" decoding=\"async\" class=\"alignnone size-medium wp-image-802\" src=\"http:\/\/www.automakers.cz\/wp-content\/uploads\/2023\/12\/orlen-logo-900x653.png\" alt=\"\" width=\"900\" height=\"653\" srcset=\"https:\/\/www.automakers.cz\/wp-content\/uploads\/2023\/12\/orlen-logo-900x653.png 900w, https:\/\/www.automakers.cz\/wp-content\/uploads\/2023\/12\/orlen-logo-1024x743.png 1024w, https:\/\/www.automakers.cz\/wp-content\/uploads\/2023\/12\/orlen-logo-768x557.png 768w, https:\/\/www.automakers.cz\/wp-content\/uploads\/2023\/12\/orlen-logo-1536x1115.png 1536w, https:\/\/www.automakers.cz\/wp-content\/uploads\/2023\/12\/orlen-logo-2048x1486.png 2048w\" sizes=\"auto, (max-width: 900px) 100vw, 900px\" \/><\/p>\n","protected":false},"excerpt":{"rendered":"<p>ORLEN letos pl\u00e1nuje zintenz\u00edvnit zav\u00e1d\u011bn\u00ed alternativn\u00edch energi\u00ed. V sou\u010dasnosti nab\u00edz\u00ed na 66 \u010derpac\u00edch stanic\u00edch 267&#8230;<\/p>\n","protected":false},"author":1,"featured_media":1224,"comment_status":"open","ping_status":"open","sticky":false,"template":"","format":"standard","meta":{"footnotes":""},"categories":[9],"tags":[],"class_list":["post-1221","post","type-post","status-publish","format-standard","has-post-thumbnail","hentry","category-elektromobily"],"_links":{"self":[{"href":"https:\/\/www.automakers.cz\/index.php?rest_route=\/wp\/v2\/posts\/1221","targetHints":{"allow":["GET"]}}],"collection":[{"href":"https:\/\/www.automakers.cz\/index.php?rest_route=\/wp\/v2\/posts"}],"about":[{"href":"https:\/\/www.automakers.cz\/index.php?rest_route=\/wp\/v2\/types\/post"}],"author":[{"embeddable":true,"href":"https:\/\/www.automakers.cz\/index.php?rest_route=\/wp\/v2\/users\/1"}],"replies":[{"embeddable":true,"href":"https:\/\/www.automakers.cz\/index.php?rest_route=%2Fwp%2Fv2%2Fcomments&post=1221"}],"version-history":[{"count":3,"href":"https:\/\/www.automakers.cz\/index.php?rest_route=\/wp\/v2\/posts\/1221\/revisions"}],"predecessor-version":[{"id":1226,"href":"https:\/\/www.automakers.cz\/index.php?rest_route=\/wp\/v2\/posts\/1221\/revisions\/1226"}],"wp:featuredmedia":[{"embeddable":true,"href":"https:\/\/www.automakers.cz\/index.php?rest_route=\/wp\/v2\/media\/1224"}],"wp:attachment":[{"href":"https:\/\/www.automakers.cz\/index.php?rest_route=%2Fwp%2Fv2%2Fmedia&parent=1221"}],"wp:term":[{"taxonomy":"category","embeddable":true,"href":"https:\/\/www.automakers.cz\/index.php?rest_route=%2Fwp%2Fv2%2Fcategories&post=1221"},{"taxonomy":"post_tag","embeddable":true,"href":"https:\/\/www.automakers.cz\/index.php?rest_route=%2Fwp%2Fv2%2Ftags&post=1221"}],"curies":[{"name":"wp","href":"https:\/\/api.w.org\/{rel}","templated":true}]}}