{"id":12261,"date":"2025-04-08T05:47:10","date_gmt":"2025-04-08T05:47:10","guid":{"rendered":"https:\/\/www.automakers.cz\/?p=12261"},"modified":"2025-04-08T05:47:10","modified_gmt":"2025-04-08T05:47:10","slug":"huettl-dalsi-3-roky-sefem-opelu-vauxhall","status":"publish","type":"post","link":"https:\/\/www.automakers.cz\/?p=12261","title":{"rendered":"Huettl dal\u0161\u00ed 3 roky \u0161\u00e9fem Opelu\/Vauxhall"},"content":{"rendered":"<p><strong>Florian Huettl z\u016fst\u00e1v\u00e1 gener\u00e1ln\u00edm \u0159editelem zna\u010dek Opel\/Vauxhall &#8211; dozor\u010d\u00ed rada Opel Automobile GmbH mu prodlou\u017eila st\u00e1vaj\u00edc\u00ed kontrakt o dal\u0161\u00ed t\u0159i roky. Osma\u010dty\u0159icetilet\u00fd Huettl je \u0161\u00e9fem zna\u010dek Opel\/Vauxhall od \u010dervna 2022, od prosince 2024 nav\u00edc zast\u0159e\u0161uje aktivity koncernu Stellantis v N\u011bmecku.<\/strong><!--more--><\/p>\n<p>\u201eB\u011bhem uplynul\u00fdch t\u0159ech let v \u010dele Opelu\/Vauxhallu prok\u00e1zal Florian Huettl, \u017ee dok\u00e1\u017ee d\u016fsledn\u011b sm\u011brovat tyto tradi\u010dn\u00ed zna\u010dky do budoucnosti, a to i v n\u00e1ro\u010dn\u00fdch \u010dasech. Je uzn\u00e1van\u00fdm odborn\u00edkem v oboru, m\u00e1 vynikaj\u00edc\u00ed v\u016fd\u010d\u00ed schopnosti a zku\u0161enosti na mezin\u00e1rodn\u00edch trz\u00edch. Jsme p\u0159esv\u011bd\u010deni, \u017ee Florian bude \u00fasp\u011b\u0161n\u011b \u0159\u00eddit dal\u0161\u00ed v\u00fdvoj zna\u010dek Opel\/Vauxhall a koordinovat n\u011bmeck\u00e9 aktivity koncernu Stellantis,\u201c \u0159\u00edk\u00e1 Xavier Ch\u00e9reau, p\u0159edseda dozor\u010d\u00ed rady Opel Automobile GmbH.<\/p>\n<p><strong>Zdroj: Martin Hejral<\/strong><\/p>\n","protected":false},"excerpt":{"rendered":"<p>Florian Huettl z\u016fst\u00e1v\u00e1 gener\u00e1ln\u00edm \u0159editelem zna\u010dek Opel\/Vauxhall &#8211; dozor\u010d\u00ed rada Opel Automobile GmbH mu prodlou\u017eila&#8230;<\/p>\n","protected":false},"author":1,"featured_media":12263,"comment_status":"closed","ping_status":"closed","sticky":false,"template":"","format":"standard","meta":{"footnotes":""},"categories":[6,5],"tags":[],"class_list":["post-12261","post","type-post","status-publish","format-standard","has-post-thumbnail","hentry","category-management","category-personalie"],"_links":{"self":[{"href":"https:\/\/www.automakers.cz\/index.php?rest_route=\/wp\/v2\/posts\/12261","targetHints":{"allow":["GET"]}}],"collection":[{"href":"https:\/\/www.automakers.cz\/index.php?rest_route=\/wp\/v2\/posts"}],"about":[{"href":"https:\/\/www.automakers.cz\/index.php?rest_route=\/wp\/v2\/types\/post"}],"author":[{"embeddable":true,"href":"https:\/\/www.automakers.cz\/index.php?rest_route=\/wp\/v2\/users\/1"}],"replies":[{"embeddable":true,"href":"https:\/\/www.automakers.cz\/index.php?rest_route=%2Fwp%2Fv2%2Fcomments&post=12261"}],"version-history":[{"count":1,"href":"https:\/\/www.automakers.cz\/index.php?rest_route=\/wp\/v2\/posts\/12261\/revisions"}],"predecessor-version":[{"id":12262,"href":"https:\/\/www.automakers.cz\/index.php?rest_route=\/wp\/v2\/posts\/12261\/revisions\/12262"}],"wp:featuredmedia":[{"embeddable":true,"href":"https:\/\/www.automakers.cz\/index.php?rest_route=\/wp\/v2\/media\/12263"}],"wp:attachment":[{"href":"https:\/\/www.automakers.cz\/index.php?rest_route=%2Fwp%2Fv2%2Fmedia&parent=12261"}],"wp:term":[{"taxonomy":"category","embeddable":true,"href":"https:\/\/www.automakers.cz\/index.php?rest_route=%2Fwp%2Fv2%2Fcategories&post=12261"},{"taxonomy":"post_tag","embeddable":true,"href":"https:\/\/www.automakers.cz\/index.php?rest_route=%2Fwp%2Fv2%2Ftags&post=12261"}],"curies":[{"name":"wp","href":"https:\/\/api.w.org\/{rel}","templated":true}]}}