{"id":12271,"date":"2025-04-08T10:55:05","date_gmt":"2025-04-08T10:55:05","guid":{"rendered":"https:\/\/www.automakers.cz\/?p=12271"},"modified":"2025-04-10T10:21:17","modified_gmt":"2025-04-10T10:21:17","slug":"audi-ukazalo-treti-generaci-q5-v-kurdejove","status":"publish","type":"post","link":"https:\/\/www.automakers.cz\/?p=12271","title":{"rendered":"Audi uk\u00e1zalo novou generaci Q5 v moravsk\u00e9m Kurd\u011bjov\u011b"},"content":{"rendered":"<p><b>K dealer\u016fm Audi p\u0159ich\u00e1zej\u00ed dv\u011b novinky v podob\u011b dal\u0161\u00ed generace Audi Q5 a tak\u00e9 vozu Audi A6 e-tron. Jejich novin\u00e1\u0159sk\u00e9 testy prob\u011bhly za\u010d\u00e1tkem dubna na trase z pra\u017esk\u00fdch Stod\u016flek do jihomoravsk\u00e9ho Kurd\u011bjova. <\/b><strong>Prostory vina\u0159stv\u00ed Gurdau pak hostily technickou prezentaci vozidel.<\/strong><!--more--><\/p>\n<p>Nejprod\u00e1van\u011bj\u0161\u00edm modelem Audi v \u010cesku je sice velk\u00e9 SUV Q8, men\u0161\u00edmu Q5 ale pat\u0159\u00ed u\u017e patn\u00e1ct let d\u016fstojn\u00e9 \u010dtvrt\u00e9 m\u00edsto. Pro jeho leto\u0161n\u00ed verzi byly objedn\u00e1vkov\u00e9 knihy dealer\u016f otev\u0159eny letos v zim\u011b, v\u016fz vstoupil do p\u0159edprodeje ve dvou karos\u00e1\u0159sk\u00fdch variant\u00e1ch a se t\u0159emi variantami pohonu.\u00a0<strong><br \/>\n<\/strong><\/p>\n<p><img loading=\"lazy\" decoding=\"async\" class=\"alignnone size-medium wp-image-12292\" src=\"http:\/\/www.automakers.cz\/wp-content\/uploads\/2025\/04\/Audi-Q5-Kurdejov-pole-900x506.jpg\" alt=\"\" width=\"900\" height=\"506\" srcset=\"https:\/\/www.automakers.cz\/wp-content\/uploads\/2025\/04\/Audi-Q5-Kurdejov-pole-900x506.jpg 900w, https:\/\/www.automakers.cz\/wp-content\/uploads\/2025\/04\/Audi-Q5-Kurdejov-pole-1024x576.jpg 1024w, https:\/\/www.automakers.cz\/wp-content\/uploads\/2025\/04\/Audi-Q5-Kurdejov-pole-768x432.jpg 768w, https:\/\/www.automakers.cz\/wp-content\/uploads\/2025\/04\/Audi-Q5-Kurdejov-pole-1536x864.jpg 1536w, https:\/\/www.automakers.cz\/wp-content\/uploads\/2025\/04\/Audi-Q5-Kurdejov-pole-1280x720.jpg 1280w, https:\/\/www.automakers.cz\/wp-content\/uploads\/2025\/04\/Audi-Q5-Kurdejov-pole.jpg 2040w\" sizes=\"auto, (max-width: 900px) 100vw, 900px\" \/><strong>Vina\u0159stv\u00ed Gurdau pat\u0159\u00ed mezi relativn\u011b mlad\u00e1 a nov\u00e1 moravsk\u00e1 vina\u0159stv\u00ed, orientuje se na \u0161pi\u010dkov\u00e1 v\u00edna pro top restaurace. Stylov\u00e9 degusta\u010dn\u00ed centrum hostilo tiskovou konferenci i n\u00e1ro\u010dn\u00fd ve\u010dern\u00ed program.<\/strong><\/p>\n<p><img loading=\"lazy\" decoding=\"async\" class=\"alignnone size-medium wp-image-12277\" src=\"http:\/\/www.automakers.cz\/wp-content\/uploads\/2025\/04\/Audi-Q5-Kurdejov-rada-900x600.jpg\" alt=\"\" width=\"900\" height=\"600\" \/><strong>Cena pod 1,5 milionu korun<\/strong><\/p>\n<p>Ceny za\u010d\u00ednaj\u00ed ji\u017e od 1 465 900 K\u010d v p\u0159\u00edpad\u011b SUV a od 1 545 900 K\u010d u Sportbacku. Prodlou\u017een\u00e1 z\u00e1ruka na 4 roky a 120 000 je sou\u010d\u00e1st\u00ed s\u00e9riov\u00e9 v\u00fdbavy.<\/p>\n<p>T\u0159et\u00ed generace SUV Audi Q5 m\u011bla sv\u011btovou premi\u00e9ru na za\u010d\u00e1tku z\u00e1\u0159\u00ed a na konci listopadu n\u00e1sledovalo p\u0159edstaven\u00ed kup\u00e9 Q5 Sportback s dynamickou siluetou.<\/p>\n<p><strong>Prezentaci novinky zajistil produktov\u00fd mana\u017eer zna\u010dky Adam Martin\u010dek.<\/strong><\/p>\n<p><img loading=\"lazy\" decoding=\"async\" class=\"alignnone size-medium wp-image-12285\" src=\"http:\/\/www.automakers.cz\/wp-content\/uploads\/2025\/04\/Audi-Q5-Tucek-900x600.jpg\" alt=\"\" width=\"900\" height=\"600\" \/><strong>V nab\u00eddce celkem t\u0159i motorizace<\/strong><\/p>\n<p>Zpo\u010d\u00e1tku jsou k dispozici z\u00e1\u017eehov\u00e9 a vzn\u011btov\u00e9 jednotky TFSI a TDI se zdvihov\u00fdm objemem 2,0 litru o v\u00fdkonu 150 kW (204 k). Po\u017eadavky na sportovn\u00ed v\u00fdkony spln\u00ed modely SQ5 SUV a SQ5 Sportback, jejich\u017e nov\u00fd p\u0159epl\u0148ovan\u00fd z\u00e1\u017eehov\u00fd \u0161estiv\u00e1lec TFSI poskytuje ze zdvihov\u00e9ho objemu 3,0 litru nejvy\u0161\u0161\u00ed v\u00fdkon 270 kW (367 k).<\/p>\n<p><strong>Mana\u017ee\u0159i Audi \u010delili na tiskovce \u0159ad\u011b z\u00e1ludn\u00fdch ot\u00e1zek novin\u00e1\u0159\u016f<\/strong><\/p>\n<p><img loading=\"lazy\" decoding=\"async\" class=\"alignnone size-medium wp-image-12289\" src=\"http:\/\/www.automakers.cz\/wp-content\/uploads\/2025\/04\/Audi-Q5-TK-Kurdejov-novinari-900x600.jpg\" alt=\"\" width=\"900\" height=\"600\" \/><strong>Technologick\u00fd pokrok v r\u00e1mci platformy PPC<\/strong><\/p>\n<p>Audi Q5 je prvn\u00ed SUV na z\u00e1klad\u011b platformy PPC (Premium Platform Combustion) pro pr\u00e9miov\u00e9 vozy poh\u00e1n\u011bn\u00e9 spalovac\u00edmi motory. Hospod\u00e1rnost v\u0161ech nab\u00edzen\u00fdch z\u00e1\u017eehov\u00fdch a vzn\u011btov\u00fdch motor\u016f zvy\u0161uje \u010d\u00e1ste\u010dn\u011b hybridn\u00ed technologie MHEV plus. Nov\u00e1 generace bestselleru p\u0159esv\u011bd\u010d\u00ed tak\u00e9 informa\u010dn\u00edmi a z\u00e1bavn\u00edmi syst\u00e9my s intuitivn\u00edm ovl\u00e1d\u00e1n\u00edm, individu\u00e1ln\u011b nastaviteln\u00fdmi digit\u00e1ln\u00edmi sv\u011bteln\u00fdmi designy a modern\u00edmi asisten\u010dn\u00edmi syst\u00e9my. D\u00edky elektronick\u00e9 architektu\u0159e E<sup>3<\/sup> 1.2 se mohou z\u00e1kazn\u00edci t\u011b\u0161it na modern\u00ed funkce v\u00a0oblastech konektivity a pr\u016fb\u011b\u017en\u00e9 bezdr\u00e1tov\u00e9 aktualizace digitalizovan\u00fdch syst\u00e9m\u016f.<\/p>\n<p>Kompletn\u011b nastaviteln\u00e1 zadn\u00ed sedadla v prostorn\u00e9m interi\u00e9ru jsou posuvn\u00e1 v pod\u00e9ln\u00e9m sm\u011bru a maj\u00ed nastaviteln\u00fd sklon op\u011bradla. U\u017eivatel\u00e9 si tak mohou podle pot\u0159eby zv\u011bt\u0161it objem zavazadlov\u00e9ho prostoru, nebo dop\u0159\u00e1t je\u0161t\u011b v\u00edce komfortu cestuj\u00edc\u00edm vzadu. P\u0159i sklopen\u00fdch zadn\u00edch sedadlech vzroste objem prostoru pro p\u0159epravu zavazadel \u2013 v z\u00e1vislosti na variant\u011b \u2013 a\u017e na 1473 litr\u016f. Nejvy\u0161\u0161\u00ed p\u0159\u00edpustn\u00e1 hmotnost p\u0159\u00edv\u011bsu je u modelov\u00e9 \u0159ady Audi Q5 a\u017e 2400 kilogram\u016f.<\/p>\n<p><img loading=\"lazy\" decoding=\"async\" class=\"alignnone size-medium wp-image-12298\" src=\"http:\/\/www.automakers.cz\/wp-content\/uploads\/2025\/04\/Audi-Q6-Kurdejov-prapor-900x506.jpg\" alt=\"\" width=\"900\" height=\"506\" srcset=\"https:\/\/www.automakers.cz\/wp-content\/uploads\/2025\/04\/Audi-Q6-Kurdejov-prapor-900x506.jpg 900w, https:\/\/www.automakers.cz\/wp-content\/uploads\/2025\/04\/Audi-Q6-Kurdejov-prapor-1024x576.jpg 1024w, https:\/\/www.automakers.cz\/wp-content\/uploads\/2025\/04\/Audi-Q6-Kurdejov-prapor-768x432.jpg 768w, https:\/\/www.automakers.cz\/wp-content\/uploads\/2025\/04\/Audi-Q6-Kurdejov-prapor-1536x864.jpg 1536w, https:\/\/www.automakers.cz\/wp-content\/uploads\/2025\/04\/Audi-Q6-Kurdejov-prapor-1280x720.jpg 1280w, https:\/\/www.automakers.cz\/wp-content\/uploads\/2025\/04\/Audi-Q6-Kurdejov-prapor.jpg 2040w\" sizes=\"auto, (max-width: 900px) 100vw, 900px\" \/><strong>V Kurd\u011bjove se p\u0159edvedla i dal\u0161\u00ed novinka, v\u00fdkonn\u00e9 elektrick\u00e9 Audi A6 e-tron.<\/strong><\/p>\n<p><img loading=\"lazy\" decoding=\"async\" class=\"alignnone size-medium wp-image-12280\" src=\"http:\/\/www.automakers.cz\/wp-content\/uploads\/2025\/04\/Audi-A6-etron-silnice-900x600.jpg\" alt=\"\" width=\"900\" height=\"600\" \/><strong>TK Audi, Erich Handl, Vina\u0159stv\u00ed Gurdau; Kurd\u011bjov<\/strong><\/p>\n<p><img loading=\"lazy\" decoding=\"async\" class=\"alignnone size-medium wp-image-12287\" src=\"http:\/\/www.automakers.cz\/wp-content\/uploads\/2025\/04\/Audi-vinarstvi-Gurdau-budova-900x600.jpg\" alt=\"\" width=\"900\" height=\"600\" \/><strong>\u00da\u010dastn\u00edci akce m\u011bli mo\u017enost prodiskutovat technick\u00e9 specifikace obou novinek v r\u00e1mci degusta\u010dn\u00ed ve\u010de\u0159e.<\/strong><\/p>\n<p><img loading=\"lazy\" decoding=\"async\" class=\"alignnone size-medium wp-image-12283\" src=\"http:\/\/www.automakers.cz\/wp-content\/uploads\/2025\/04\/Audi-Q5-Gurdau-sklipek-novinari-900x600.jpg\" alt=\"\" width=\"900\" height=\"600\" \/><\/p>\n<p>&nbsp;<\/p>\n","protected":false},"excerpt":{"rendered":"<p>K dealer\u016fm Audi p\u0159ich\u00e1zej\u00ed dv\u011b novinky v podob\u011b dal\u0161\u00ed generace Audi Q5 a tak\u00e9 vozu&#8230;<\/p>\n","protected":false},"author":1,"featured_media":12276,"comment_status":"closed","ping_status":"closed","sticky":false,"template":"","format":"standard","meta":{"footnotes":""},"categories":[12,69,40,20],"tags":[],"class_list":["post-12271","post","type-post","status-publish","format-standard","has-post-thumbnail","hentry","category-premiery","category-suv","category-technologie","category-tiskovky"],"_links":{"self":[{"href":"https:\/\/www.automakers.cz\/index.php?rest_route=\/wp\/v2\/posts\/12271","targetHints":{"allow":["GET"]}}],"collection":[{"href":"https:\/\/www.automakers.cz\/index.php?rest_route=\/wp\/v2\/posts"}],"about":[{"href":"https:\/\/www.automakers.cz\/index.php?rest_route=\/wp\/v2\/types\/post"}],"author":[{"embeddable":true,"href":"https:\/\/www.automakers.cz\/index.php?rest_route=\/wp\/v2\/users\/1"}],"replies":[{"embeddable":true,"href":"https:\/\/www.automakers.cz\/index.php?rest_route=%2Fwp%2Fv2%2Fcomments&post=12271"}],"version-history":[{"count":16,"href":"https:\/\/www.automakers.cz\/index.php?rest_route=\/wp\/v2\/posts\/12271\/revisions"}],"predecessor-version":[{"id":12301,"href":"https:\/\/www.automakers.cz\/index.php?rest_route=\/wp\/v2\/posts\/12271\/revisions\/12301"}],"wp:featuredmedia":[{"embeddable":true,"href":"https:\/\/www.automakers.cz\/index.php?rest_route=\/wp\/v2\/media\/12276"}],"wp:attachment":[{"href":"https:\/\/www.automakers.cz\/index.php?rest_route=%2Fwp%2Fv2%2Fmedia&parent=12271"}],"wp:term":[{"taxonomy":"category","embeddable":true,"href":"https:\/\/www.automakers.cz\/index.php?rest_route=%2Fwp%2Fv2%2Fcategories&post=12271"},{"taxonomy":"post_tag","embeddable":true,"href":"https:\/\/www.automakers.cz\/index.php?rest_route=%2Fwp%2Fv2%2Ftags&post=12271"}],"curies":[{"name":"wp","href":"https:\/\/api.w.org\/{rel}","templated":true}]}}