{"id":12302,"date":"2025-04-09T15:22:07","date_gmt":"2025-04-09T15:22:07","guid":{"rendered":"https:\/\/www.automakers.cz\/?p=12302"},"modified":"2025-04-10T10:20:04","modified_gmt":"2025-04-10T10:20:04","slug":"vystava-legendy-neni-jen-o-historickych-vozech","status":"publish","type":"post","link":"https:\/\/www.automakers.cz\/?p=12302","title":{"rendered":"V\u00fdstava LEGENDY nen\u00ed jen o historick\u00fdch vozech!"},"content":{"rendered":"<div><strong>Automobilov\u00e1 v\u00fdstava a slavnost LEGENDY 2025 se uskute\u010dn\u00ed za 2 m\u011bs\u00edce (30.5-1.62025 V\u00fdstavi\u0161t\u011b Praha Hole\u0161ovice). P\u0159\u00edpravn\u00e9 pr\u00e1ce jsou v pln\u00e9m proudu. Vstupenky se dob\u0159e prod\u00e1vaj\u00ed a n\u011bkter\u00e9 jsou ji\u017e vyprod\u00e1ny. Vystavovatel\u00e9 se hl\u00e1s\u00ed a p\u0159ipravuj\u00ed se expozice.<\/strong><\/div>\n<p><!--more--><\/p>\n<div>Promot\u00e9r v\u00fdstavy<strong> Lubor\u00a0<em>Kos<\/em>\u00a0<\/strong>p\u0159ipravuje dal\u0161\u00ed ro\u010dn\u00edk nejv\u011bt\u0161\u00ed \u010desk\u00e9 automobilov\u00e9 v\u00fdstavy, kter\u00e1 o\u010dek\u00e1v\u00e1 a\u017e 50 000 n\u00e1v\u0161t\u011bvn\u00edk\u016f.<\/div>\n<div><\/div>\n<div>Hlavn\u00edmi vystavovateli jsou zna\u010dky<strong> \u0160KODA<\/strong> a <strong>Mercedes-Benz<\/strong>, z\u00fa\u010dastn\u00ed se d\u00e1le <strong>AUDI, SUBARU<\/strong> a s dal\u0161\u00edmi zna\u010dkami nebo dealery se jedn\u00e1 a definuje rozsah spolupr\u00e1ce. Slavnost je otev\u0159ena v\u0161em zna\u010dk\u00e1m a nab\u00edz\u00ed \u0161irok\u00e9 osloven\u00ed a p\u0159\u00edpravu expozice na kl\u00ed\u010d.<\/div>\n<div><\/div>\n<div>Hlavn\u00edm l\u00e1kadlem budou <strong>Pavilon Alfa Romeo, Pavilon Lamborghini a Pavilon Ferrari.<\/strong> Tyto pavilony p\u0159ipravuje organiz\u00e1tor spolu se soukrom\u00fdmi majiteli a jde o pojet\u00ed v duchu galerie, kdy unik\u00e1tn\u00ed vozy jsou nasv\u00edceny, vozy stoj\u00ed na koberc\u00edch a vynik\u00e1 jejich kr\u00e1sa.<\/div>\n<div><\/div>\n<div>Celkov\u00fdm t\u00e9matem slavnost <strong>LEGENDY 2025<\/strong> je Rychlost a v\u00e1\u0161e\u0148.\u00a0N\u00e1v\u0161t\u011bvn\u00edci proto budou obdivovat mnoho z\u00e1vodn\u00edch voz\u016f, unik\u00e1tn\u00ed sb\u00edrky v\u00e1\u0161niv\u00fdch majitel\u016f a za\u017eij\u00ed zaj\u00edmav\u00fd program.<\/div>\n<div><\/div>\n<div>&#8222;Chcete-li se z\u00fa\u010dastnit, kontaktujete realiza\u010dn\u00ed t\u00fdm. M\u00e1me posledn\u00ed voln\u00e1 m\u00edsta v Pavilonu Radosti a venkovn\u00edch ploch\u00e1ch,&#8220; l\u00e1k\u00e1 vystavovatele Lubor Kos.<\/div>\n<div><a href=\"https:\/\/www.automakers.cz\/?attachment_id=12372\" rel=\"attachment wp-att-12372\"><img loading=\"lazy\" decoding=\"async\" class=\"alignnone size-medium wp-image-12372\" src=\"http:\/\/www.automakers.cz\/wp-content\/uploads\/2025\/04\/LEGENDY2025-inzerce-E15-208x90-2-900x389.jpg\" alt=\"\" width=\"900\" height=\"389\" srcset=\"https:\/\/www.automakers.cz\/wp-content\/uploads\/2025\/04\/LEGENDY2025-inzerce-E15-208x90-2-900x389.jpg 900w, https:\/\/www.automakers.cz\/wp-content\/uploads\/2025\/04\/LEGENDY2025-inzerce-E15-208x90-2-1024x443.jpg 1024w, https:\/\/www.automakers.cz\/wp-content\/uploads\/2025\/04\/LEGENDY2025-inzerce-E15-208x90-2-768x332.jpg 768w, https:\/\/www.automakers.cz\/wp-content\/uploads\/2025\/04\/LEGENDY2025-inzerce-E15-208x90-2-1536x665.jpg 1536w, https:\/\/www.automakers.cz\/wp-content\/uploads\/2025\/04\/LEGENDY2025-inzerce-E15-208x90-2-2048x886.jpg 2048w\" sizes=\"auto, (max-width: 900px) 100vw, 900px\" \/><\/a><\/div>\n<div><\/div>\n<div><strong>Informace na\u00a0<a href=\"http:\/\/www.legendy.cz\/\" target=\"_blank\" rel=\"noopener noreferrer\">www.LEGENDY.cz<\/a>\u00a0a s\u00edt\u00edch slavnost<\/strong><\/div>\n<div>\n<figure id=\"attachment_12304\" aria-describedby=\"caption-attachment-12304\" style=\"width: 900px\" class=\"wp-caption alignnone\"><img loading=\"lazy\" decoding=\"async\" class=\"size-medium wp-image-12304\" src=\"http:\/\/www.automakers.cz\/wp-content\/uploads\/2025\/04\/Legendy-2024-Pavilon-Rychlosti-Foto-Ondra-Kroutil-40-900x506.jpg\" alt=\"\" width=\"900\" height=\"506\" srcset=\"https:\/\/www.automakers.cz\/wp-content\/uploads\/2025\/04\/Legendy-2024-Pavilon-Rychlosti-Foto-Ondra-Kroutil-40-900x506.jpg 900w, https:\/\/www.automakers.cz\/wp-content\/uploads\/2025\/04\/Legendy-2024-Pavilon-Rychlosti-Foto-Ondra-Kroutil-40-1024x576.jpg 1024w, https:\/\/www.automakers.cz\/wp-content\/uploads\/2025\/04\/Legendy-2024-Pavilon-Rychlosti-Foto-Ondra-Kroutil-40-768x432.jpg 768w, https:\/\/www.automakers.cz\/wp-content\/uploads\/2025\/04\/Legendy-2024-Pavilon-Rychlosti-Foto-Ondra-Kroutil-40-1536x864.jpg 1536w, https:\/\/www.automakers.cz\/wp-content\/uploads\/2025\/04\/Legendy-2024-Pavilon-Rychlosti-Foto-Ondra-Kroutil-40-1280x720.jpg 1280w, https:\/\/www.automakers.cz\/wp-content\/uploads\/2025\/04\/Legendy-2024-Pavilon-Rychlosti-Foto-Ondra-Kroutil-40.jpg 2048w\" sizes=\"auto, (max-width: 900px) 100vw, 900px\" \/><figcaption id=\"caption-attachment-12304\" class=\"wp-caption-text\"><strong>Legendy 2024 &#8211; Pavilon Rychlosti &#8211; Foto Ondra Kroutil<\/strong><\/figcaption><\/figure>\n<\/div>\n","protected":false},"excerpt":{"rendered":"<p>Automobilov\u00e1 v\u00fdstava a slavnost LEGENDY 2025 se uskute\u010dn\u00ed za 2 m\u011bs\u00edce (30.5-1.62025 V\u00fdstavi\u0161t\u011b Praha Hole\u0161ovice)&#8230;.<\/p>\n","protected":false},"author":1,"featured_media":12306,"comment_status":"closed","ping_status":"closed","sticky":false,"template":"","format":"standard","meta":{"footnotes":""},"categories":[26,34,8],"tags":[],"class_list":["post-12302","post","type-post","status-publish","format-standard","has-post-thumbnail","hentry","category-eventy","category-veterani","category-vystavy"],"_links":{"self":[{"href":"https:\/\/www.automakers.cz\/index.php?rest_route=\/wp\/v2\/posts\/12302","targetHints":{"allow":["GET"]}}],"collection":[{"href":"https:\/\/www.automakers.cz\/index.php?rest_route=\/wp\/v2\/posts"}],"about":[{"href":"https:\/\/www.automakers.cz\/index.php?rest_route=\/wp\/v2\/types\/post"}],"author":[{"embeddable":true,"href":"https:\/\/www.automakers.cz\/index.php?rest_route=\/wp\/v2\/users\/1"}],"replies":[{"embeddable":true,"href":"https:\/\/www.automakers.cz\/index.php?rest_route=%2Fwp%2Fv2%2Fcomments&post=12302"}],"version-history":[{"count":4,"href":"https:\/\/www.automakers.cz\/index.php?rest_route=\/wp\/v2\/posts\/12302\/revisions"}],"predecessor-version":[{"id":12374,"href":"https:\/\/www.automakers.cz\/index.php?rest_route=\/wp\/v2\/posts\/12302\/revisions\/12374"}],"wp:featuredmedia":[{"embeddable":true,"href":"https:\/\/www.automakers.cz\/index.php?rest_route=\/wp\/v2\/media\/12306"}],"wp:attachment":[{"href":"https:\/\/www.automakers.cz\/index.php?rest_route=%2Fwp%2Fv2%2Fmedia&parent=12302"}],"wp:term":[{"taxonomy":"category","embeddable":true,"href":"https:\/\/www.automakers.cz\/index.php?rest_route=%2Fwp%2Fv2%2Fcategories&post=12302"},{"taxonomy":"post_tag","embeddable":true,"href":"https:\/\/www.automakers.cz\/index.php?rest_route=%2Fwp%2Fv2%2Ftags&post=12302"}],"curies":[{"name":"wp","href":"https:\/\/api.w.org\/{rel}","templated":true}]}}