{"id":12310,"date":"2025-04-09T15:37:58","date_gmt":"2025-04-09T15:37:58","guid":{"rendered":"https:\/\/www.automakers.cz\/?p=12310"},"modified":"2025-04-09T15:37:58","modified_gmt":"2025-04-09T15:37:58","slug":"cesky-volkswagen-hlasi-petinovy-rust-prodeju","status":"publish","type":"post","link":"https:\/\/www.automakers.cz\/?p=12310","title":{"rendered":"\u010cesk\u00fd Volkswagen hl\u00e1s\u00ed p\u011btinov\u00fd r\u016fst prodej\u016f"},"content":{"rendered":"<p><b>\u010cesk\u00fd Volkswagen jak v samotn\u00e9m b\u0159eznu, tak i za cel\u00e9 prvn\u00ed \u010dtvrtlet\u00ed dos\u00e1hl dvoucifern\u00e9ho meziro\u010dn\u00edho n\u00e1r\u016fstu prodeje a posunu na druhou pozici mezi dov\u00e1\u017een\u00fdmi zna\u010dkami. <\/b><!--more--><\/p>\n<p>\u201ePrvn\u00ed t\u0159i m\u011bs\u00edce leto\u0161n\u00edho roku znovu potvrdily, \u017ee Volkswagen je pro \u010desk\u00e9 motoristy dlouhodob\u011b d\u016fv\u011bryhodnou a spolehlivou zna\u010dkou,\u201c \u0159\u00edk\u00e1 Jakub \u0160ebesta, vedouc\u00ed divize Volkswagen spole\u010dnosti Porsche \u010cesk\u00e1 republika, a dod\u00e1v\u00e1: \u201eVysok\u00fdmi n\u00e1r\u016fsty prodeje se mohou pochlubit nejen na\u0161e tradi\u010dn\u00ed bestsellery, ale tak\u00e9 na\u0161e rodina elektrick\u00fdch model\u016f ID. I d\u00edky tomu jsme ned\u00e1vno p\u0159ekonali miln\u00edk 500\u00a0000 dodan\u00fdch nov\u00fdch model\u016f zna\u010dek Volkswagen a Volkswagen U\u017eitkov\u00e9 vozy od roku 1992. Neus\u00edn\u00e1me v\u0161ak na vav\u0159\u00ednech a neust\u00e1le se sna\u017e\u00edme nab\u00eddku pro \u010desk\u00e9 z\u00e1kazn\u00edky roz\u0161i\u0159ovat a vylep\u0161ovat. P\u0159\u00edkladem je \u00fasp\u011b\u0161n\u00e9 uveden\u00ed zcela nov\u00e9ho rodinn\u00e9ho SUV Tayron na \u010desk\u00fd trh nebo partnerstv\u00ed s\u00a0\u010desk\u00fdm projektem chytr\u00e9ho \u0159\u00edzen\u00ed dopravy C-ITS, kter\u00e9 n\u00e1m umo\u017enilo nab\u00edzet jako prvn\u00ed automobilov\u00e9 zna\u010dce v\u00a0\u010cR slu\u017eby Car2X \u0159idi\u010d\u016fm v\u011bt\u0161iny na\u0161ich model\u016f.\u201c<\/p>\n<p><img loading=\"lazy\" decoding=\"async\" class=\"alignnone size-medium wp-image-12028\" src=\"http:\/\/www.automakers.cz\/wp-content\/uploads\/2025\/03\/Volkswagen-Car2X-900x600.jpg\" alt=\"\" width=\"900\" height=\"600\" srcset=\"https:\/\/www.automakers.cz\/wp-content\/uploads\/2025\/03\/Volkswagen-Car2X-900x600.jpg 900w, https:\/\/www.automakers.cz\/wp-content\/uploads\/2025\/03\/Volkswagen-Car2X-1024x683.jpg 1024w, https:\/\/www.automakers.cz\/wp-content\/uploads\/2025\/03\/Volkswagen-Car2X-768x512.jpg 768w, https:\/\/www.automakers.cz\/wp-content\/uploads\/2025\/03\/Volkswagen-Car2X-1536x1024.jpg 1536w, https:\/\/www.automakers.cz\/wp-content\/uploads\/2025\/03\/Volkswagen-Car2X-2048x1365.jpg 2048w\" sizes=\"auto, (max-width: 900px) 100vw, 900px\" \/>V\u00a0b\u0159eznu 2025 bylo v\u00a0\u010cesk\u00e9 republice registrov\u00e1no 1397 nov\u00fdch voz\u016f Volkswagen, co\u017e je o 18,79 % v\u00edce ne\u017e v\u00a0b\u0159eznu 2024. Za prvn\u00ed \u010dtvrtlet\u00ed 2025 si u \u010desk\u00fdch z\u00e1kazn\u00edk\u016f druh\u00e1 nejobl\u00edben\u011bj\u0161\u00ed dov\u00e1\u017een\u00e1 zna\u010dka p\u0159ipsala na sv\u00e9 konto 4268 registrac\u00ed nov\u00fdch voz\u016f. Volkswagen se tak m\u016f\u017ee pochlubit dynamick\u00fdm meziro\u010dn\u00edm n\u00e1r\u016fstem o 15,01 %, p\u0159esto\u017ee celkov\u00fd trh rostl mnohem pomaleji, o 3,61 %. Tr\u017en\u00ed pod\u00edl zna\u010dky Volkswagen na \u010desk\u00e9m trhu se t\u00edm v\u00a0prvn\u00edch t\u0159ech m\u011bs\u00edc\u00edch leto\u0161n\u00edho roku meziro\u010dn\u011b zv\u00fd\u0161il z\u00a06,44 % na 7,15 %.<\/p>\n<p><strong>\u017deb\u0159\u00ed\u010dek model\u016f vede Golf, n\u00e1sleduj\u00ed Tiguan a Tayron<\/strong><\/p>\n<p>B\u0159eznov\u00fd \u017eeb\u0159\u00ed\u010dek nejprod\u00e1van\u011bj\u0161\u00edch model\u016f zna\u010dky Volkswagen vede Golf (311 voz\u016f; +8,74 %) n\u00e1sledovan\u00fd modely Tiguan (213 voz\u016f; -4,05 %), Tayron (116 voz\u016f), Passat (103 voz\u016f; -0,96 %), Touran (72 voz\u016f; +60 %), T-Cross (69 voz\u016f; +68,29 %) a Taigo (52 voz\u016f; 18,18 %). Meziro\u010dn\u011b n\u011bkolikan\u00e1sobn\u011b v\u011bt\u0161\u00ed oblib\u011b se t\u011b\u0161\u00ed elektrick\u00e9 modely z\u00a0rodiny ID., jich\u017e bylo v\u00a0b\u0159eznu registrov\u00e1no celkem 106 voz\u016f oproti 21 voz\u016fm v\u00a0b\u0159eznu 2024. Nejobl\u00edben\u011bj\u0161\u00ed byla p\u0159itom vlajkov\u00e1 lo\u010f ID.7 s\u00a033 vozy.<\/p>\n<p><img loading=\"lazy\" decoding=\"async\" class=\"alignnone size-medium wp-image-8870\" src=\"http:\/\/www.automakers.cz\/wp-content\/uploads\/2024\/11\/Volkswagen-Golf-Variant-small-900x600.jpg\" alt=\"\" width=\"900\" height=\"600\" srcset=\"https:\/\/www.automakers.cz\/wp-content\/uploads\/2024\/11\/Volkswagen-Golf-Variant-small-900x600.jpg 900w, https:\/\/www.automakers.cz\/wp-content\/uploads\/2024\/11\/Volkswagen-Golf-Variant-small-1024x683.jpg 1024w, https:\/\/www.automakers.cz\/wp-content\/uploads\/2024\/11\/Volkswagen-Golf-Variant-small-768x512.jpg 768w, https:\/\/www.automakers.cz\/wp-content\/uploads\/2024\/11\/Volkswagen-Golf-Variant-small-1536x1024.jpg 1536w, https:\/\/www.automakers.cz\/wp-content\/uploads\/2024\/11\/Volkswagen-Golf-Variant-small-2048x1366.jpg 2048w\" sizes=\"auto, (max-width: 900px) 100vw, 900px\" \/>V obdob\u00ed od ledna do b\u0159ezna 2025 oslovila nejv\u00edce \u010desk\u00fdch z\u00e1kazn\u00edk\u016f \u010dtve\u0159ice model\u016f Golf (1141 voz\u016f; +42,45 %), Tiguan (682 voz\u016f; +23,10 %), Passat (414 voz\u016f; +55,64 %) a Touran (236 voz\u016f; +17,41 %). Rodina model\u016f ID. t\u011b\u017eila v prvn\u00edm \u010dtvrtlet\u00ed leto\u0161n\u00edho roku ze skokov\u00e9ho n\u00e1r\u016fstu z\u00e1jmu o elektromobilitu v\u00a0pod\u00e1n\u00ed zna\u010dky Volkswagen. Celkem 296 elektromobil\u016f ID. je v\u00edce ne\u017e trojn\u00e1sobkem prodeje ve stejn\u00e9m obdob\u00ed lo\u0148sk\u00e9ho roku (86 voz\u016f).<\/p>\n<figure id=\"attachment_1948\" aria-describedby=\"caption-attachment-1948\" style=\"width: 900px\" class=\"wp-caption alignnone\"><img loading=\"lazy\" decoding=\"async\" class=\"size-medium wp-image-1948\" src=\"http:\/\/www.automakers.cz\/wp-content\/uploads\/2024\/02\/VW-ID7-Dloha-Lhota-predek-900x600.jpg\" alt=\"\" width=\"900\" height=\"600\" srcset=\"https:\/\/www.automakers.cz\/wp-content\/uploads\/2024\/02\/VW-ID7-Dloha-Lhota-predek-900x600.jpg 900w, https:\/\/www.automakers.cz\/wp-content\/uploads\/2024\/02\/VW-ID7-Dloha-Lhota-predek-1024x682.jpg 1024w, https:\/\/www.automakers.cz\/wp-content\/uploads\/2024\/02\/VW-ID7-Dloha-Lhota-predek-768x512.jpg 768w, https:\/\/www.automakers.cz\/wp-content\/uploads\/2024\/02\/VW-ID7-Dloha-Lhota-predek.jpg 1237w\" sizes=\"auto, (max-width: 900px) 100vw, 900px\" \/><figcaption id=\"caption-attachment-1948\" class=\"wp-caption-text\"><strong>Jeden z posledn\u00edch p\u0159\u00edsp\u011bvk\u016f koncernu k elektromobilit\u011b &#8211; Volkswagen ID.7 &#8211; se loni p\u0159edvedl ve Dlouh\u00e9 Lhot\u011b<\/strong><\/figcaption><\/figure>\n<p>Bezm\u00e1la polovinu odbytu v elektromobilov\u00e9m segmentu p\u0159itom zajistila vlajkov\u00e1 lo\u010f ID.7 se 127 vozy (oproti 47 voz\u016fm v\u00a0prvn\u00edm \u010dtvrtlet\u00ed 2024). O velmi pozitivn\u00edm p\u0159ijet\u00ed zcela nov\u00e9ho modelu Tayron \u010desk\u00fdmi z\u00e1kazn\u00edky pak sv\u011bd\u010d\u00ed 121 voz\u016f registrovan\u00fdch p\u0159ev\u00e1\u017en\u011b a\u017e v z\u00e1v\u011bru prvn\u00edho \u010dtvrtlet\u00ed.<\/p>\n<p>Za \u00fasp\u011b\u0161n\u00fdmi obchodn\u00edmi v\u00fdsledky zna\u010dky Volkswagen v dosavadn\u00edm pr\u016fb\u011bhu leto\u0161n\u00edho roku stoj\u00ed \u0161irok\u00e9 portfolio obl\u00edben\u00fdch model\u016f ve spojen\u00ed s atraktivn\u00edmi ak\u010dn\u00edmi nab\u00eddkami. Krom\u011b zv\u00fdhodn\u011bn\u00fdch model\u016f Limited Edition, People a R-Line People boduje Volkswagen u \u010desk\u00fdch z\u00e1kazn\u00edk\u016f tak\u00e9 programem Volkswagen e-dotace, d\u00edky n\u011bmu\u017e m\u016f\u017ee po\u0159\u00edzen\u00ed \u010dist\u011b elektrick\u00e9ho nebo a plug-in hybridn\u00edho modelu Volkswagen vyj\u00edt a\u017e o 100 000 K\u010d v\u00fdhodn\u011bji.<\/p>\n<p>Volkswagen v\u00a0uplynul\u00e9m \u010dtvrtlet\u00ed potvrdil tak\u00e9 svou roli pr\u016fkopn\u00edka technick\u00fdch inovac\u00ed. Jako partner projektu C-ITS (Cooperative Intelligent Transport Systems) se Volkswagen stal v \u010cesk\u00e9 republice prvn\u00ed automobilovou zna\u010dkou, kter\u00e1 integruje do sv\u00fdch vozidel technologii Car2X ve spojen\u00ed s certifik\u00e1tem pro provoz v r\u00e1mci \u010desk\u00e9ho syst\u00e9mu C-ITS. T\u00edm je umo\u017en\u011bna bezdr\u00e1tov\u00e1 komunikace kompatibiln\u00edch vozidel mezi sebou, s dopravn\u00ed infrastrukturou i centr\u00e1ln\u00edmi syst\u00e9my \u0159\u00edzen\u00ed silni\u010dn\u00ed dopravy. Pro \u0159idi\u010de v\u011bt\u0161iny nejprod\u00e1van\u011bj\u0161\u00edch model\u016f Volkswagen na \u010desk\u00e9m trhu to znamen\u00e1, \u017ee si ji\u017e dnes mohou u\u017e\u00edvat je\u0161t\u011b vy\u0161\u0161\u00ed \u00farove\u0148 bezpe\u010dnosti d\u00edky v\u010dasn\u00fdm upozorn\u011bn\u00edm na nebezpe\u010dn\u00e9 \u00faseky a situace, a minimalizovat tak riziko nehody.<\/p>\n<p><strong>P\u0159ed\u00e1n 500 000. v\u016fz z\u00e1kazn\u00edkovi<\/strong><\/p>\n<p>Mezi highlighty prvn\u00edho \u010dtvrtlet\u00ed pat\u0159\u00ed tak\u00e9 p\u0159ed\u00e1n\u00ed 500 000. nov\u00e9ho vozu Volkswagen \u010desk\u00e9mu z\u00e1kazn\u00edkovi, uveden\u00ed zcela nov\u00e9ho modelu Tayron na \u010desk\u00fd trh a partnerstv\u00ed s projektem chytr\u00e9ho \u0159\u00edzen\u00ed dopravy C-ITS (Cooperative Intelligent Transport Systems), kter\u00e9 umo\u017e\u0148uje \u0159idi\u010d\u016fm v\u011bt\u0161iny nov\u00fdch model\u016f Volkswagen vyu\u017e\u00edvat inovativn\u00ed bezpe\u010dnostn\u00ed funkce pou\u017e\u00edvaj\u00edc\u00ed technologii Car2X.<\/p>\n<p><img loading=\"lazy\" decoding=\"async\" class=\"alignnone size-medium wp-image-11631\" src=\"http:\/\/www.automakers.cz\/wp-content\/uploads\/2025\/03\/VW-Jarov-Sebesta-Golf-Variant-900x506.jpg\" alt=\"\" width=\"900\" height=\"506\" srcset=\"https:\/\/www.automakers.cz\/wp-content\/uploads\/2025\/03\/VW-Jarov-Sebesta-Golf-Variant-900x506.jpg 900w, https:\/\/www.automakers.cz\/wp-content\/uploads\/2025\/03\/VW-Jarov-Sebesta-Golf-Variant-1024x576.jpg 1024w, https:\/\/www.automakers.cz\/wp-content\/uploads\/2025\/03\/VW-Jarov-Sebesta-Golf-Variant-768x432.jpg 768w, https:\/\/www.automakers.cz\/wp-content\/uploads\/2025\/03\/VW-Jarov-Sebesta-Golf-Variant-1536x864.jpg 1536w, https:\/\/www.automakers.cz\/wp-content\/uploads\/2025\/03\/VW-Jarov-Sebesta-Golf-Variant-1280x720.jpg 1280w, https:\/\/www.automakers.cz\/wp-content\/uploads\/2025\/03\/VW-Jarov-Sebesta-Golf-Variant.jpg 2040w\" sizes=\"auto, (max-width: 900px) 100vw, 900px\" \/><\/p>\n<p><strong>Zdroj: VW, Lenka Va\u0148kov\u00e1<\/strong><\/p>\n","protected":false},"excerpt":{"rendered":"<p>\u010cesk\u00fd Volkswagen jak v samotn\u00e9m b\u0159eznu, tak i za cel\u00e9 prvn\u00ed \u010dtvrtlet\u00ed dos\u00e1hl dvoucifern\u00e9ho meziro\u010dn\u00edho&#8230;<\/p>\n","protected":false},"author":1,"featured_media":12311,"comment_status":"closed","ping_status":"closed","sticky":false,"template":"","format":"standard","meta":{"footnotes":""},"categories":[11,10],"tags":[],"class_list":["post-12310","post","type-post","status-publish","format-standard","has-post-thumbnail","hentry","category-importeri","category-statistika"],"_links":{"self":[{"href":"https:\/\/www.automakers.cz\/index.php?rest_route=\/wp\/v2\/posts\/12310","targetHints":{"allow":["GET"]}}],"collection":[{"href":"https:\/\/www.automakers.cz\/index.php?rest_route=\/wp\/v2\/posts"}],"about":[{"href":"https:\/\/www.automakers.cz\/index.php?rest_route=\/wp\/v2\/types\/post"}],"author":[{"embeddable":true,"href":"https:\/\/www.automakers.cz\/index.php?rest_route=\/wp\/v2\/users\/1"}],"replies":[{"embeddable":true,"href":"https:\/\/www.automakers.cz\/index.php?rest_route=%2Fwp%2Fv2%2Fcomments&post=12310"}],"version-history":[{"count":2,"href":"https:\/\/www.automakers.cz\/index.php?rest_route=\/wp\/v2\/posts\/12310\/revisions"}],"predecessor-version":[{"id":12313,"href":"https:\/\/www.automakers.cz\/index.php?rest_route=\/wp\/v2\/posts\/12310\/revisions\/12313"}],"wp:featuredmedia":[{"embeddable":true,"href":"https:\/\/www.automakers.cz\/index.php?rest_route=\/wp\/v2\/media\/12311"}],"wp:attachment":[{"href":"https:\/\/www.automakers.cz\/index.php?rest_route=%2Fwp%2Fv2%2Fmedia&parent=12310"}],"wp:term":[{"taxonomy":"category","embeddable":true,"href":"https:\/\/www.automakers.cz\/index.php?rest_route=%2Fwp%2Fv2%2Fcategories&post=12310"},{"taxonomy":"post_tag","embeddable":true,"href":"https:\/\/www.automakers.cz\/index.php?rest_route=%2Fwp%2Fv2%2Ftags&post=12310"}],"curies":[{"name":"wp","href":"https:\/\/api.w.org\/{rel}","templated":true}]}}