{"id":12327,"date":"2025-04-09T17:04:27","date_gmt":"2025-04-09T17:04:27","guid":{"rendered":"https:\/\/www.automakers.cz\/?p=12327"},"modified":"2025-04-17T08:13:24","modified_gmt":"2025-04-17T08:13:24","slug":"personalni-rosada-v-redakci-sveta-motoru","status":"publish","type":"post","link":"https:\/\/www.automakers.cz\/?p=12327","title":{"rendered":"Person\u00e1ln\u00ed ro\u0161\u00e1da v redakci Sv\u011bta motor\u016f"},"content":{"rendered":"<p><strong>Redakci Sv\u011bta motor\u016f (Czech News Center) opustil jeden z jeho dlouholet\u00fdch redaktor\u016f, naopak p\u0159i\u0161el novin\u00e1\u0159 z \u010cesk\u00e9ho rozhlasu.<br \/>\n<\/strong><!--more--><\/p>\n<p>Po deseti letech p\u016fsoben\u00ed v redakci ode\u0161el <strong>Martin Jen\u00edk<\/strong>. &#8222;Martin se rozhodl vyu\u017e\u00edt sv\u00e9 technick\u00e9 vzd\u011bl\u00e1n\u00ed mimo oblast m\u00e9di\u00ed, odch\u00e1z\u00ed do soukrom\u00e9ho byznysu s \u010derpadly a sol\u00e1rn\u00edmi elektr\u00e1rnami,&#8220; up\u0159esnil n\u00e1m <strong>\u0161\u00e9fredaktor SM Petr Slov\u00e1\u010dek<\/strong> s t\u00edm, \u017ee redakce t\u00fdden\u00edku uspo\u0159\u00e1dala Martinovi dojemnou rozlu\u010dkovou oslavu.<\/p>\n<p>Divizi v\u0161eobecn\u00e9ho motorismu naopak od dubna pos\u00edlil<strong> Lud\u011bk Hub\u00e1\u010dek,<\/strong> kter\u00fd p\u0159i\u0161el z \u010cesk\u00e9ho rozhlasu. &#8222;D\u016fvod odchodu z r\u00e1dia do Sv\u011bta motor\u016f byla velk\u00e1 pracovn\u00ed v\u00fdzva, budu ps\u00e1t stejn\u00e9 \u010dl\u00e1nky jako v r\u00e1diu a hledat zaj\u00edmav\u00e9 n\u00e1m\u011bty pro \u010dten\u00e1\u0159e nejstar\u0161\u00edho t\u00fdden\u00edku v oboru,&#8220; \u0159ekl n\u00e1m Hub\u00e1\u010dek.<\/p>\n<p><strong>Zdroj: Petr Slov\u00e1\u010dek, Lud\u011bk Hub\u00e1\u010dek<\/strong><\/p>\n<p><img loading=\"lazy\" decoding=\"async\" class=\"alignnone size-medium wp-image-12550\" src=\"http:\/\/www.automakers.cz\/wp-content\/uploads\/2025\/04\/Hubacek-Ludek-SM-900x845.jpg\" alt=\"\" width=\"900\" height=\"845\" srcset=\"https:\/\/www.automakers.cz\/wp-content\/uploads\/2025\/04\/Hubacek-Ludek-SM-900x845.jpg 900w, https:\/\/www.automakers.cz\/wp-content\/uploads\/2025\/04\/Hubacek-Ludek-SM-1024x962.jpg 1024w, https:\/\/www.automakers.cz\/wp-content\/uploads\/2025\/04\/Hubacek-Ludek-SM-768x721.jpg 768w, https:\/\/www.automakers.cz\/wp-content\/uploads\/2025\/04\/Hubacek-Ludek-SM-1536x1443.jpg 1536w, https:\/\/www.automakers.cz\/wp-content\/uploads\/2025\/04\/Hubacek-Ludek-SM.jpg 1600w\" sizes=\"auto, (max-width: 900px) 100vw, 900px\" \/><\/p>\n","protected":false},"excerpt":{"rendered":"<p>Redakci Sv\u011bta motor\u016f (Czech News Center) opustil jeden z jeho dlouholet\u00fdch redaktor\u016f, naopak p\u0159i\u0161el novin\u00e1\u0159&#8230;<\/p>\n","protected":false},"author":1,"featured_media":12329,"comment_status":"closed","ping_status":"closed","sticky":false,"template":"","format":"standard","meta":{"footnotes":""},"categories":[49,27,5],"tags":[],"class_list":["post-12327","post","type-post","status-publish","format-standard","has-post-thumbnail","hentry","category-media","category-novinari","category-personalie"],"_links":{"self":[{"href":"https:\/\/www.automakers.cz\/index.php?rest_route=\/wp\/v2\/posts\/12327","targetHints":{"allow":["GET"]}}],"collection":[{"href":"https:\/\/www.automakers.cz\/index.php?rest_route=\/wp\/v2\/posts"}],"about":[{"href":"https:\/\/www.automakers.cz\/index.php?rest_route=\/wp\/v2\/types\/post"}],"author":[{"embeddable":true,"href":"https:\/\/www.automakers.cz\/index.php?rest_route=\/wp\/v2\/users\/1"}],"replies":[{"embeddable":true,"href":"https:\/\/www.automakers.cz\/index.php?rest_route=%2Fwp%2Fv2%2Fcomments&post=12327"}],"version-history":[{"count":7,"href":"https:\/\/www.automakers.cz\/index.php?rest_route=\/wp\/v2\/posts\/12327\/revisions"}],"predecessor-version":[{"id":12551,"href":"https:\/\/www.automakers.cz\/index.php?rest_route=\/wp\/v2\/posts\/12327\/revisions\/12551"}],"wp:featuredmedia":[{"embeddable":true,"href":"https:\/\/www.automakers.cz\/index.php?rest_route=\/wp\/v2\/media\/12329"}],"wp:attachment":[{"href":"https:\/\/www.automakers.cz\/index.php?rest_route=%2Fwp%2Fv2%2Fmedia&parent=12327"}],"wp:term":[{"taxonomy":"category","embeddable":true,"href":"https:\/\/www.automakers.cz\/index.php?rest_route=%2Fwp%2Fv2%2Fcategories&post=12327"},{"taxonomy":"post_tag","embeddable":true,"href":"https:\/\/www.automakers.cz\/index.php?rest_route=%2Fwp%2Fv2%2Ftags&post=12327"}],"curies":[{"name":"wp","href":"https:\/\/api.w.org\/{rel}","templated":true}]}}