{"id":12347,"date":"2025-04-10T09:28:03","date_gmt":"2025-04-10T09:28:03","guid":{"rendered":"https:\/\/www.automakers.cz\/?p=12347"},"modified":"2025-04-10T09:28:03","modified_gmt":"2025-04-10T09:28:03","slug":"porsche-meni-sefa-pro-vychodni-evropu","status":"publish","type":"post","link":"https:\/\/www.automakers.cz\/?p=12347","title":{"rendered":"Porsche m\u011bn\u00ed \u0161\u00e9fa pro v\u00fdchodn\u00ed Evropu"},"content":{"rendered":"<p><strong>Michael Kirsch p\u0159evezme od 1. kv\u011btna 2025 funkci gener\u00e1ln\u00edho \u0159editele region\u00e1ln\u00ed pobo\u010dky Porsche pro st\u0159edn\u00ed a v\u00fdchodn\u00ed Evropu. Ve funkci vyst\u0159\u00edd\u00e1 Irynu Kauk, kter\u00e1 se ujme nov\u00e9 funkce viceprezidentky pro region Evropa (krom\u011b N\u011bmecka).<\/strong> <!--more--><\/p>\n<p>Oba jmenov\u00e1n\u00ed jsou sou\u010d\u00e1st\u00ed strategick\u00e9 reorganizace spole\u010dnosti Porsche AG s c\u00edlem pos\u00edlit jej\u00ed p\u0159\u00edtomnost na trhu a podpo\u0159it budouc\u00ed r\u016fst.<\/p>\n<p><strong>Gener\u00e1ln\u00ed \u0159editel s mezin\u00e1rodn\u00edmi zku\u0161enostmi<\/strong><br \/>\n<strong>Kirsch<\/strong> pracuje ve spole\u010dnosti Porsche od roku 2012. Dosud p\u016fsobil jako CEO na trz\u00edch v Koreji, Japonsku a \u010c\u00edn\u011b, kde p\u0159isp\u011bl k \u00fasp\u011b\u0161n\u00e9mu rozvoji zna\u010dky Porsche v Asii. P\u0159ed n\u00e1stupem do spole\u010dnosti Porsche zast\u00e1val vedouc\u00ed pozice ve spole\u010dnosti BMW a v mezin\u00e1rodn\u00edm hotelov\u00e9m \u0159et\u011bzci.<\/p>\n<p><img loading=\"lazy\" decoding=\"async\" class=\"alignnone size-medium wp-image-12351\" src=\"http:\/\/www.automakers.cz\/wp-content\/uploads\/2025\/04\/Porsche-Irina-Kauk-900x520.jpg\" alt=\"\" width=\"900\" height=\"520\" srcset=\"https:\/\/www.automakers.cz\/wp-content\/uploads\/2025\/04\/Porsche-Irina-Kauk-900x520.jpg 900w, https:\/\/www.automakers.cz\/wp-content\/uploads\/2025\/04\/Porsche-Irina-Kauk-1024x592.jpg 1024w, https:\/\/www.automakers.cz\/wp-content\/uploads\/2025\/04\/Porsche-Irina-Kauk-768x444.jpg 768w, https:\/\/www.automakers.cz\/wp-content\/uploads\/2025\/04\/Porsche-Irina-Kauk-1536x887.jpg 1536w, https:\/\/www.automakers.cz\/wp-content\/uploads\/2025\/04\/Porsche-Irina-Kauk.jpg 1620w\" sizes=\"auto, (max-width: 900px) 100vw, 900px\" \/><strong>Iryna Kauk povede prodej v Evrop\u011b<\/strong><br \/>\nKirschova p\u0159edch\u016fdkyn\u011b <strong>Iryna Kauk<\/strong> z\u016fst\u00e1v\u00e1 ve spole\u010dnosti Porsche a od 1. kv\u011btna bude zodpov\u011bdn\u00e1 za region Evropa. Kauk vedla region PCEE v posledn\u00edch dvou letech. Pod jej\u00edm veden\u00edm zaznamenal region v\u00fdrazn\u00fd r\u016fst a roz\u0161\u00ed\u0159il se na sou\u010dasn\u00fdch 28 zem\u00ed.<\/p>\n<p><strong>Zdroj: Porsche<\/strong><\/p>\n","protected":false},"excerpt":{"rendered":"<p>Michael Kirsch p\u0159evezme od 1. kv\u011btna 2025 funkci gener\u00e1ln\u00edho \u0159editele region\u00e1ln\u00ed pobo\u010dky Porsche pro st\u0159edn\u00ed&#8230;<\/p>\n","protected":false},"author":1,"featured_media":12350,"comment_status":"closed","ping_status":"closed","sticky":false,"template":"","format":"standard","meta":{"footnotes":""},"categories":[6,5],"tags":[],"class_list":["post-12347","post","type-post","status-publish","format-standard","has-post-thumbnail","hentry","category-management","category-personalie"],"_links":{"self":[{"href":"https:\/\/www.automakers.cz\/index.php?rest_route=\/wp\/v2\/posts\/12347","targetHints":{"allow":["GET"]}}],"collection":[{"href":"https:\/\/www.automakers.cz\/index.php?rest_route=\/wp\/v2\/posts"}],"about":[{"href":"https:\/\/www.automakers.cz\/index.php?rest_route=\/wp\/v2\/types\/post"}],"author":[{"embeddable":true,"href":"https:\/\/www.automakers.cz\/index.php?rest_route=\/wp\/v2\/users\/1"}],"replies":[{"embeddable":true,"href":"https:\/\/www.automakers.cz\/index.php?rest_route=%2Fwp%2Fv2%2Fcomments&post=12347"}],"version-history":[{"count":4,"href":"https:\/\/www.automakers.cz\/index.php?rest_route=\/wp\/v2\/posts\/12347\/revisions"}],"predecessor-version":[{"id":12353,"href":"https:\/\/www.automakers.cz\/index.php?rest_route=\/wp\/v2\/posts\/12347\/revisions\/12353"}],"wp:featuredmedia":[{"embeddable":true,"href":"https:\/\/www.automakers.cz\/index.php?rest_route=\/wp\/v2\/media\/12350"}],"wp:attachment":[{"href":"https:\/\/www.automakers.cz\/index.php?rest_route=%2Fwp%2Fv2%2Fmedia&parent=12347"}],"wp:term":[{"taxonomy":"category","embeddable":true,"href":"https:\/\/www.automakers.cz\/index.php?rest_route=%2Fwp%2Fv2%2Fcategories&post=12347"},{"taxonomy":"post_tag","embeddable":true,"href":"https:\/\/www.automakers.cz\/index.php?rest_route=%2Fwp%2Fv2%2Ftags&post=12347"}],"curies":[{"name":"wp","href":"https:\/\/api.w.org\/{rel}","templated":true}]}}