{"id":12354,"date":"2025-04-10T09:42:12","date_gmt":"2025-04-10T09:42:12","guid":{"rendered":"https:\/\/www.automakers.cz\/?p=12354"},"modified":"2025-04-10T09:44:56","modified_gmt":"2025-04-10T09:44:56","slug":"veletrh-amper-videlo-26-000-navstevniku","status":"publish","type":"post","link":"https:\/\/www.automakers.cz\/?p=12354","title":{"rendered":"Veletrh AMPER vid\u011blo 26 000 n\u00e1v\u0161t\u011bvn\u00edk\u016f"},"content":{"rendered":"<p><strong>Na brn\u011bnsk\u00e9m v\u00fdstavi\u0161ti se v b\u0159eznu uskute\u010dnil <\/strong><strong>31. ro\u010dn\u00edk<\/strong>\u00a0<strong>veletrhu AMPER s\u00a0mezin\u00e1rodn\u00edm v\u00fdznamem<\/strong>\u00a0<strong>pod taktovkou po\u0159adatele firmy TERINVEST<\/strong>. <strong>Na plo\u0161e 20.000 m2 se p\u0159edstavilo 440 vystavovatel\u016f, <\/strong><strong>p\u0159i\u010dem\u017e 160 z nich p\u0159ijelo ze 24 zahrani\u010dn\u00edch zem\u00ed<\/strong><strong>.<\/strong> <!--more--><\/p>\n<p>Ofici\u00e1ln\u00ed zahrani\u010dn\u00ed \u00fa\u010dast p\u0159edstavily zem\u011b Rakousko, Tchaj-wan a Ukrajina, co\u017e podtrhlo mezin\u00e1rodn\u00ed v\u00fdznam t\u00e9to ud\u00e1losti. <strong>Veletrh AMPER<\/strong> op\u011bt nab\u00eddl platformu pro prezentaci technologick\u00fdch novinek, v\u00fdm\u011bnu odborn\u00fdch zku\u0161enost\u00ed<br \/>\ni navazov\u00e1n\u00ed obchodn\u00edch partnerstv\u00ed.<\/p>\n<p><strong>Vysok\u00e1 n\u00e1v\u0161t\u011bvnost 26 tis\u00edc odborn\u00edk\u016f byla registrov\u00e1na z \u010cR 80 %, Slovenska 18 % <\/strong><strong>a z ostatn\u00edch zem\u00ed 2 %. \u00a0Mana\u017eer\u016f s rozhodovac\u00ed pravomoc\u00ed p\u0159ijelo p\u0159es 35<\/strong>\u00a0<strong>%. Veletrh<\/strong>\u00a0tak op\u011bt potvrdil statut nejv\u00fdznamn\u011bj\u0161\u00ed<strong>\u00a0<\/strong>ud\u00e1losti<strong>\u00a0<\/strong>v oblasti elektrotechniky, elektroniky a energetiky v \u010cesku a na Slovensku. Ka\u017ed\u00fd rok p\u0159itahuje \u0161irok\u00e9 spektrum odborn\u00edk\u016f, firem i inov\u00e1tor\u016f, kte\u0159\u00ed zde prezentuj\u00ed nejnov\u011bj\u0161\u00ed technologie a trendy.<\/p>\n<p><img loading=\"lazy\" decoding=\"async\" class=\"alignnone size-medium wp-image-12360\" src=\"http:\/\/www.automakers.cz\/wp-content\/uploads\/2025\/04\/Amper-Mestska-policie3-21-900x600.jpg\" alt=\"\" width=\"900\" height=\"600\" srcset=\"https:\/\/www.automakers.cz\/wp-content\/uploads\/2025\/04\/Amper-Mestska-policie3-21-900x600.jpg 900w, https:\/\/www.automakers.cz\/wp-content\/uploads\/2025\/04\/Amper-Mestska-policie3-21-768x512.jpg 768w, https:\/\/www.automakers.cz\/wp-content\/uploads\/2025\/04\/Amper-Mestska-policie3-21.jpg 1000w\" sizes=\"auto, (max-width: 900px) 100vw, 900px\" \/><\/p>\n<p><strong><b>Veletrh se nesl na vln\u011b inovac\u00ed. <\/b><\/strong><strong><b><br \/>\n<\/b><\/strong><strong><b>V\u00fdstavn\u00ed hala P<\/b><\/strong> nab\u00eddla p\u0159\u00edle\u017eitost sezn\u00e1mit se s nejnov\u011bj\u0161\u00edmi inovacemi a trendy v oblastech elektrotechniky a energetiky.<strong><b>\u00a0<\/b><\/strong>K vid\u011bn\u00ed byly mimo jin\u00e9 kogenera\u010dn\u00ed jednotky spole\u010dnost\u00ed (TEDOM a GENTEC), fotovoltaick\u00e9 syst\u00e9my (Photomate), za\u0159\u00edzen\u00ed pro p\u0159enos energie (DRIBO), transform\u00e1tory (KO\u010c\u00cd-VAL\u00c1\u0160EK), nap\u00e1jec\u00ed zdroje (MEAN WELL), \u00falo\u017ei\u0161t\u011b energie (AERS), vodi\u010de a kabely (MEDI Kabel), kompletn\u00ed elektroinstalace od A do Z, zabezpe\u010den\u00ed a mnoho dal\u0161\u00edho.<\/p>\n<p>N\u00e1v\u0161t\u011bvn\u00edci se mohli sezn\u00e1mit tak\u00e9 s novinkami v oblasti LED osv\u011btlen\u00ed, a jeho \u0159\u00edzen\u00ed. V pop\u0159ed\u00ed z\u00e1jmu byly i bezdr\u00e1tov\u00e9 technologie (SECTRON), m\u011b\u0159\u00edc\u00ed technika (GHV Trading), automatizace a \u0159\u00edzen\u00ed pr\u016fmyslu (Teco) a sklad\u016f (KASYS), bezpe\u010dnostn\u00ed kamery (ELNIKA) a pohony (RAVEO). Mont\u00e1\u017en\u00ed firmy zaujalo profesn\u00ed n\u00e1\u0159ad\u00ed (Bosch) a investory zase \u0159e\u0161en\u00ed in\u017een\u00fdrsk\u00fdch staveb (OHLA \u017dS).<\/p>\n<p><img loading=\"lazy\" decoding=\"async\" class=\"alignnone size-medium wp-image-12357\" src=\"http:\/\/www.automakers.cz\/wp-content\/uploads\/2025\/04\/Amper-Tecon-6-21-900x600.jpg\" alt=\"\" width=\"900\" height=\"600\" srcset=\"https:\/\/www.automakers.cz\/wp-content\/uploads\/2025\/04\/Amper-Tecon-6-21-900x600.jpg 900w, https:\/\/www.automakers.cz\/wp-content\/uploads\/2025\/04\/Amper-Tecon-6-21-768x512.jpg 768w, https:\/\/www.automakers.cz\/wp-content\/uploads\/2025\/04\/Amper-Tecon-6-21.jpg 1000w\" sizes=\"auto, (max-width: 900px) 100vw, 900px\" \/><strong><b>V hale F <\/b><\/strong>se n\u00e1v\u0161t\u011bvn\u00edci soust\u0159edili na prezentace p\u0159edev\u0161\u00edm z oblasti v\u00fdrobn\u00edch za\u0159\u00edzen\u00ed pro elektroniku<strong>\u00a0<\/strong>(PBT Ro\u017enov p.R.) a DPS technologi\u00ed (IMT Technologies &amp; Solutions s.r.o.). V\u00fdrazn\u011b se p\u0159edstavili v\u00fdrobci a distributo\u0159i elektronick\u00fdch sou\u010d\u00e1stek (OFFICIAL ELECTRONIC),<strong>\u00a0<\/strong>komponenty pro elektroniku (HARTING), konektor\u016f (SVK Elektronik), odborn\u00edci na kabelovou konfekci (Komax Czech Republic Trading) i specialist\u00e9 na konektivitu (Avnet Abacus). P\u0159\u00edmo na st\u00e1nku prob\u011bhla oslava 10. v\u00fdro\u010d\u00ed spole\u010dnosti MINYX servis.<\/p>\n<p><strong>Hlavn\u00edm vystavuj\u00edc\u00edm partnerem se stal velkoobchod ELKOV elektro \/ VARNET<\/strong>, kter\u00fd se sv\u00fdmi 40 dodavateli nab\u00eddl \u0161irok\u00fd sortiment v\u00fdrobk\u016f na exkluzivn\u00edm v\u00fdstavn\u00edm st\u00e1nku.<\/p>\n<p><strong><b>\u0160pi\u010dkov\u00fd odborn\u00fd program ve spolupr\u00e1ci s\u00a085 odborn\u00fdmi a medi\u00e1ln\u00edmi partnery.<\/b><\/strong><strong><b><br \/>\n<\/b><\/strong>Na 18 konferenc\u00edch a workshopech se diskutovalo na aktu\u00e1ln\u00ed t\u00e9mata, jako je digit\u00e1ln\u00ed transformace energetiky, fotovoltaika, obnoviteln\u00e9 zdroje, elektromobilita, chytr\u00e1 elektrick\u00e1 doprava, AI v elektrotechnice, kyberbezpe\u010dnost, inteligentn\u00ed budovy a dal\u0161\u00ed.<\/p>\n<p>Jedn\u00edm z hlavn\u00edch bod\u016f programu se stala vrcholn\u00e1 konference <strong>AMPER SUMMIT 2025<\/strong>\u00a0organizovan\u00e1 Krajskou hospod\u00e1\u0159skou komorou JM ve spolupr\u00e1ci s\u00a0HK \u010cR, kter\u00e1 se v\u011bnovala limit\u016fm distribu\u010dn\u00ed s\u00edt\u011b pro modern\u00ed energetiku pod patronac\u00ed \u010cEZ a MPO.<\/p>\n<p><strong>F\u00f3rum<\/strong>\u00a0<strong>AMPER FOR BUSINESS<\/strong>\u00a0ve spolupr\u00e1ci s agenturou CzechTrade, Jihomoravsk\u00fdm krajem a G\u0158 Spr\u00e1vy \u017eeleznic nab\u00eddl cenn\u00e9 informace o investi\u010dn\u00edch a exportn\u00edch p\u0159\u00edle\u017eitostech pro rok 2025.<\/p>\n<p><strong>Na AMPER Innovation Hub<\/strong>\u00a0se p\u0159edstavily \u0161pi\u010dkov\u00e9 v\u00fdzkumn\u00e9 t\u00fdmy, univerzity<br \/>\na startupy s inovativn\u00edmi projekty. Tato sekce byla l\u00e1kadlem pro studenty odborn\u00fdch \u0161kol. Zaj\u00edmavost\u00ed byl st\u00e1nek MEGA robot, kde studenti skl\u00e1dali funk\u010dn\u00ed robotick\u00e9 modely v\u010detn\u011b servopohon\u016f.<\/p>\n<p><strong><b>AMPER e-mobility<\/b><\/strong>\u00a0p\u0159inesl expon\u00e1ty pro dob\u00edjec\u00ed infrastrukturu, titanov\u00e9 bateriov\u00e9 syst\u00e9my<br \/>\ni profesion\u00e1ln\u00ed drony. Ve spolupr\u00e1ci se spole\u010dnost\u00ed Elektrofest se n\u00e1v\u0161t\u011bvn\u00edci mohli sezn\u00e1mit s nejnov\u011bj\u0161\u00edmi modely elektromobil\u016f. Exkluzivn\u011b pouze na veletrhu AMPER 2025 byl p\u0159edstaven leteck\u00fd elektrick\u00fd pohon 150 kW s t\u0159\u00edlistou vrtul\u00ed ur\u010den\u00fd pro leteck\u00fd pr\u016fmysl.<\/p>\n<p><strong><b>Odborn\u00e1 porota pod veden\u00edm profesora Zde\u0148ka Peroutky ze Z\u010cU v sout\u011b\u017ei ZLAT\u00dd AMPER <\/b><\/strong>ocenila 5 nejp\u0159\u00ednosn\u011bj\u0161\u00ed expon\u00e1t\u016f veletrhu modro-zlatou so\u0161kou spole\u010dnosti<strong><b>\u00a0<\/b><\/strong>BD<strong><b>\u00a0<\/b><\/strong>SENSORS,<strong>\u00a0<\/strong>CEITEC &#8211; Central European Institute of Technology VUT Brno<strong>,<\/strong><strong>\u00a0<\/strong>Compleo Charging Solutions<strong>,<\/strong>\u00a0Fakulta elektrotechnick\u00e1 Z\u010cU\u00a0| RICE\u00a0a ENIKA.CZ.<br \/>\nLetos poprv\u00e9 sout\u011b\u017eili se sv\u00fdmi projekty i studenti st\u0159edn\u00edch a vysok\u00fdch \u0161kol v kategorii Studentsk\u00fd Zlat\u00fd Amper. Historicky prvn\u00edm v\u00edt\u011bzem se stal Tom\u00e1\u0161 Knopf<strong><b>,<\/b><\/strong>\u00a0student Fakulty\u00a0elektrotechnick\u00e9\u00a0Z\u00e1pado\u010desk\u00e9 univerzity v\u00a0Plzni.<\/p>\n<p><img loading=\"lazy\" decoding=\"async\" class=\"alignnone size-medium wp-image-7443\" src=\"http:\/\/www.automakers.cz\/wp-content\/uploads\/2024\/09\/amper-2024-hala-900x428.jpg\" alt=\"\" width=\"900\" height=\"428\" \/><strong>Veletrh AMPER 2025\u00a0nab\u00eddl 3 dny pln\u00e9 inovac\u00ed, inspirace a prezentace p\u0159ed odborn\u00edky. N\u00e1v\u0161t\u011bvn\u00edci si u\u017eili 3denn\u00ed networking, a dokonce slune\u010dnou atmosf\u00e9ru presti\u017en\u00edho veletrhu.<\/strong><\/p>\n<p><strong>Zdroj: Terinvest<\/strong><\/p>\n<p><img loading=\"lazy\" decoding=\"async\" class=\"alignnone size-full wp-image-8838\" src=\"http:\/\/www.automakers.cz\/wp-content\/uploads\/2024\/11\/Amper-banner-2025.jpg\" alt=\"\" width=\"626\" height=\"78\" \/><\/p>\n","protected":false},"excerpt":{"rendered":"<p>Na brn\u011bnsk\u00e9m v\u00fdstavi\u0161ti se v b\u0159eznu uskute\u010dnil 31. ro\u010dn\u00edk\u00a0veletrhu AMPER s\u00a0mezin\u00e1rodn\u00edm v\u00fdznamem\u00a0pod taktovkou po\u0159adatele firmy&#8230;<\/p>\n","protected":false},"author":1,"featured_media":12356,"comment_status":"closed","ping_status":"closed","sticky":false,"template":"","format":"standard","meta":{"footnotes":""},"categories":[9,8],"tags":[],"class_list":["post-12354","post","type-post","status-publish","format-standard","has-post-thumbnail","hentry","category-elektromobily","category-vystavy"],"_links":{"self":[{"href":"https:\/\/www.automakers.cz\/index.php?rest_route=\/wp\/v2\/posts\/12354","targetHints":{"allow":["GET"]}}],"collection":[{"href":"https:\/\/www.automakers.cz\/index.php?rest_route=\/wp\/v2\/posts"}],"about":[{"href":"https:\/\/www.automakers.cz\/index.php?rest_route=\/wp\/v2\/types\/post"}],"author":[{"embeddable":true,"href":"https:\/\/www.automakers.cz\/index.php?rest_route=\/wp\/v2\/users\/1"}],"replies":[{"embeddable":true,"href":"https:\/\/www.automakers.cz\/index.php?rest_route=%2Fwp%2Fv2%2Fcomments&post=12354"}],"version-history":[{"count":5,"href":"https:\/\/www.automakers.cz\/index.php?rest_route=\/wp\/v2\/posts\/12354\/revisions"}],"predecessor-version":[{"id":12362,"href":"https:\/\/www.automakers.cz\/index.php?rest_route=\/wp\/v2\/posts\/12354\/revisions\/12362"}],"wp:featuredmedia":[{"embeddable":true,"href":"https:\/\/www.automakers.cz\/index.php?rest_route=\/wp\/v2\/media\/12356"}],"wp:attachment":[{"href":"https:\/\/www.automakers.cz\/index.php?rest_route=%2Fwp%2Fv2%2Fmedia&parent=12354"}],"wp:term":[{"taxonomy":"category","embeddable":true,"href":"https:\/\/www.automakers.cz\/index.php?rest_route=%2Fwp%2Fv2%2Fcategories&post=12354"},{"taxonomy":"post_tag","embeddable":true,"href":"https:\/\/www.automakers.cz\/index.php?rest_route=%2Fwp%2Fv2%2Ftags&post=12354"}],"curies":[{"name":"wp","href":"https:\/\/api.w.org\/{rel}","templated":true}]}}