{"id":1239,"date":"2024-01-05T08:44:42","date_gmt":"2024-01-05T08:44:42","guid":{"rendered":"https:\/\/www.automakers.cz\/?p=1239"},"modified":"2024-01-05T08:44:42","modified_gmt":"2024-01-05T08:44:42","slug":"norsko-elektromobily-tvori-80-prodanych-aut","status":"publish","type":"post","link":"https:\/\/www.automakers.cz\/?p=1239","title":{"rendered":"Norsko: elektromobily tvo\u0159\u00ed 80 % prodan\u00fdch aut"},"content":{"rendered":"<p><strong><span class=\"highlight-E1id5 highlight-E4id1 highlight-E1M highlight-E4M\">Tesla<\/span> potvrdila vedouc\u00ed postaven\u00ed v prodej\u00edch v <span class=\"highlight-E0id1 highlight-E0M\">Norsku<\/span> Elektromobily zde maj\u00ed u\u017e 82% pod\u00edl na trhu Americk\u00e1 automobilka u\u017e t\u0159i roky vede norskou EV hitpar\u00e1du <span class=\"highlight-E3id3 highlight-E3M\">Tesla<\/span> <span class=\"highlight-E3id3 highlight-E3M\">Model<\/span> <span class=\"highlight-E3id3 highlight-E3M\">Y<\/span> (2023) v nejdra\u017e\u0161\u00edm proveden\u00ed Midnight Cherry Red.<\/strong><!--more--><\/p>\n<p>Automobilka <span class=\"highlight-E1id5 highlight-E4id1 highlight-E1M highlight-E4M\">Tesla<\/span> v roce 2023 ji\u017e t\u0159et\u00edm rokem udr\u017eela prvn\u00ed m\u00edsto v prodej\u00edch na norsk\u00e9m <span class=\"highlight-query\">automobilov\u00e9m<\/span> trhu a navzdory pokra\u010duj\u00edc\u00edmu konfliktu s odborov\u00fdmi svazy v seversk\u00e9m regionu zv\u00fd\u0161ila n\u00e1skok p\u0159ed sv\u00fdmi konkurenty.<\/p>\n<p><span class=\"highlight-E0id1 highlight-E0M\">Norsko<\/span> sm\u011b\u0159uje k elektrick\u00e9 budoucnosti V\u00edce ne\u017e \u010dty\u0159i p\u011btiny nov\u00fdch voz\u016f prodan\u00fdch v <span class=\"highlight-E0id1 highlight-E0M\">Norsku<\/span> v lo\u0148sk\u00e9m roce byly poh\u00e1n\u011bny pouze bateriemi, p\u0159i\u010dem\u017e pod\u00edl <span class=\"highlight-E4id1 highlight-E1id5 highlight-E4M highlight-E1M\">Tesly<\/span> na celkov\u00e9m trhu vzrostl z 12,2 % na 20 %.<\/p>\n<p>Elektrick\u00e1 vozidla tvo\u0159ila v lo\u0148sk\u00e9m roce 82,4 % prodej\u016f nov\u00fdch vozidel, co\u017e je n\u00e1r\u016fst ze 79,3 % v roce 2022, uvedla Norsk\u00e1 federace OFV.<\/p>\n<p><strong>Konec spalov\u00e1k\u016f v roce 2025<\/strong><\/p>\n<p>V\u00edce ne\u017e \u010dty\u0159i p\u011btiny nov\u00fdch voz\u016f prodan\u00fdch v <span class=\"highlight-E0id1 highlight-E0M\">Norsku<\/span> v lo\u0148sk\u00e9m roce byly poh\u00e1n\u011bny pouze bateriemi, p\u0159i\u010dem\u017e pod\u00edl <span class=\"highlight-E4id1 highlight-E1id5 highlight-E4M highlight-E1M\">Tesly<\/span> na celkov\u00e9m trhu vzrostl z 12,2 % na 20 %. Elektrick\u00e1 vozidla tvo\u0159ila v lo\u0148sk\u00e9m roce 82,4 % prodej\u016f nov\u00fdch vozidel, co\u017e je n\u00e1r\u016fst ze 79,3 % v roce 2022, uvedla Norsk\u00e1 federace OFV. <span class=\"highlight-E0id1 highlight-E0M\">Norsko<\/span> i nad\u00e1le pokra\u010duje ve sv\u00e9 snaze st\u00e1t se prvn\u00ed zem\u00ed, kter\u00e1 do roku 2025 ukon\u010d\u00ed prodeje benz\u00ednov\u00fdch a naftov\u00fdch voz\u016f. Tak\u00e9 z toho d\u016fvodu jsou elektrick\u00e1 vozidla osvobozena od mnoha dan\u00ed, kter\u00e9 jsou uvalov\u00e1ny na konkurenty se spalovac\u00edmi motory.<\/p>\n<p><strong>Zdroj: elektrickevozy.cz<\/strong><\/p>\n<p><img loading=\"lazy\" decoding=\"async\" class=\"alignnone size-medium wp-image-457\" src=\"http:\/\/www.automakers.cz\/wp-content\/uploads\/2023\/11\/Schneider_Elektromobilita_nabijecka-900x600.jpg\" alt=\"\" width=\"900\" height=\"600\" srcset=\"https:\/\/www.automakers.cz\/wp-content\/uploads\/2023\/11\/Schneider_Elektromobilita_nabijecka-900x600.jpg 900w, https:\/\/www.automakers.cz\/wp-content\/uploads\/2023\/11\/Schneider_Elektromobilita_nabijecka-1024x683.jpg 1024w, https:\/\/www.automakers.cz\/wp-content\/uploads\/2023\/11\/Schneider_Elektromobilita_nabijecka-768x512.jpg 768w, https:\/\/www.automakers.cz\/wp-content\/uploads\/2023\/11\/Schneider_Elektromobilita_nabijecka-1536x1024.jpg 1536w, https:\/\/www.automakers.cz\/wp-content\/uploads\/2023\/11\/Schneider_Elektromobilita_nabijecka.jpg 1600w\" sizes=\"auto, (max-width: 900px) 100vw, 900px\" \/><\/p>\n<p>&nbsp;<\/p>\n","protected":false},"excerpt":{"rendered":"<p>Tesla potvrdila vedouc\u00ed postaven\u00ed v prodej\u00edch v Norsku Elektromobily zde maj\u00ed u\u017e 82% pod\u00edl na&#8230;<\/p>\n","protected":false},"author":1,"featured_media":395,"comment_status":"open","ping_status":"open","sticky":false,"template":"","format":"standard","meta":{"footnotes":""},"categories":[10],"tags":[],"class_list":["post-1239","post","type-post","status-publish","format-standard","has-post-thumbnail","hentry","category-statistika"],"_links":{"self":[{"href":"https:\/\/www.automakers.cz\/index.php?rest_route=\/wp\/v2\/posts\/1239","targetHints":{"allow":["GET"]}}],"collection":[{"href":"https:\/\/www.automakers.cz\/index.php?rest_route=\/wp\/v2\/posts"}],"about":[{"href":"https:\/\/www.automakers.cz\/index.php?rest_route=\/wp\/v2\/types\/post"}],"author":[{"embeddable":true,"href":"https:\/\/www.automakers.cz\/index.php?rest_route=\/wp\/v2\/users\/1"}],"replies":[{"embeddable":true,"href":"https:\/\/www.automakers.cz\/index.php?rest_route=%2Fwp%2Fv2%2Fcomments&post=1239"}],"version-history":[{"count":1,"href":"https:\/\/www.automakers.cz\/index.php?rest_route=\/wp\/v2\/posts\/1239\/revisions"}],"predecessor-version":[{"id":1240,"href":"https:\/\/www.automakers.cz\/index.php?rest_route=\/wp\/v2\/posts\/1239\/revisions\/1240"}],"wp:featuredmedia":[{"embeddable":true,"href":"https:\/\/www.automakers.cz\/index.php?rest_route=\/wp\/v2\/media\/395"}],"wp:attachment":[{"href":"https:\/\/www.automakers.cz\/index.php?rest_route=%2Fwp%2Fv2%2Fmedia&parent=1239"}],"wp:term":[{"taxonomy":"category","embeddable":true,"href":"https:\/\/www.automakers.cz\/index.php?rest_route=%2Fwp%2Fv2%2Fcategories&post=1239"},{"taxonomy":"post_tag","embeddable":true,"href":"https:\/\/www.automakers.cz\/index.php?rest_route=%2Fwp%2Fv2%2Ftags&post=1239"}],"curies":[{"name":"wp","href":"https:\/\/api.w.org\/{rel}","templated":true}]}}