{"id":12419,"date":"2025-04-13T22:02:21","date_gmt":"2025-04-13T22:02:21","guid":{"rendered":"https:\/\/www.automakers.cz\/?p=12419"},"modified":"2025-04-13T22:52:39","modified_gmt":"2025-04-13T22:52:39","slug":"nejlepsim-autem-pro-zeny-je-skoda-elroq","status":"publish","type":"post","link":"https:\/\/www.automakers.cz\/?p=12419","title":{"rendered":"Nejlep\u0161\u00edm autem pro \u017eeny je \u0160koda Elroq"},"content":{"rendered":"<p><strong>Organiz\u00e1tor ankety AUTO M\u00c9HO SRDCE, magaz\u00edn \u017dena v aut\u011b.cz, vyhl\u00e1sil u\u017e po\u0161est\u00e9 v\u00edt\u011bze hlasov\u00e1n\u00ed odborn\u00e9 poroty o nejlep\u0161\u00ed auto roku z pohledu \u017een. Odborn\u00e1 porota slo\u017een\u00e1 z dvan\u00e1cti novin\u00e1\u0159ek a osobnost\u00ed zvolila v t\u011bsn\u00e9m hlasov\u00e1n\u00ed absolutn\u00edm v\u00edt\u011bzem elektrick\u00fd crossover \u0160koda Elroq.<\/strong><!--more--><\/p>\n<p><strong>Hlasov\u00e1n\u00ed odborn\u00e9 poroty AUTO M\u00c9HO SRDCE<\/strong><\/p>\n<p>C\u00edlem ankety AUTO M\u00c9HO SRDCE je ocenit v\u00fdrazn\u00e9 nov\u011b uv\u00e1d\u011bn\u00e9 vozy na \u010desk\u00e9m trhu, je\u017e nejv\u00edce oslovuj\u00ed \u017eensk\u00e9 publikum. Odborn\u00e1 porota letos v \u00fanoru vybrala z 31 nominovan\u00fdch voz\u016f do z\u00fa\u017een\u00e9ho kola p\u011bt model\u016f: Cupra Terramar, Fiat 600, Kia EV3, S\u030ckoda Elroq a Volvo XC90. T\u011bchto p\u011bt model\u016f n\u00e1sledn\u011b porota hodnotila b\u011bhem testovac\u00edch j\u00edzd, a to podle krit\u00e9ri\u00ed jako prakti\u010dnost, design, j\u00edzdn\u00ed vlastnosti, prostornost, bezpe\u010dnost, technologie a vst\u0159\u00edcnost k d\u011btem.<\/p>\n<p>V\u00edt\u011bzem 6. ro\u010dn\u00edku ankety AUTO M\u00c9HO SRDCE se s nejv\u011bt\u0161\u00edm po\u010dtem hlas\u016f stal elektromobil \u0160koda Elroq (59 bod\u016f). Porotkyn\u011b ocenily j\u00edzdn\u00ed komfort, tich\u00fd chod, lehkost \u0159\u00edzen\u00ed a \u0161pi\u010dkov\u00e9 technologie na palub\u011b.<\/p>\n<p>\u201eZ tohoto v\u00edt\u011bzstv\u00ed m\u00e1me velkou radost. \u017deny jsou dnes p\u0159i v\u00fdb\u011bru automobilu \u010dasto n\u00e1ro\u010dn\u011bj\u0161\u00ed ne\u017e mu\u017ei a tak\u00e9 pod\u00edl \u017een mezi na\u0161imi z\u00e1kazn\u00edky stoup\u00e1,\u201c \u0159\u00edk\u00e1 Michaela Sklen\u00e1\u0159ov\u00e1, tiskov\u00e1 mluv\u010d\u00ed a PR mana\u017eerka \u0160koda Auto pro \u010desk\u00fd trh a dod\u00e1v\u00e1: \u201eV\u00edt\u011bzstv\u00ed pro model Elroq potvrzuje \u00fasp\u011bch na\u0161\u00ed filozofie Simply clever, zam\u011b\u0159en\u00e9 na praktick\u00fd ka\u017edodenn\u00ed \u017eivot.\u201c<\/p>\n<p><img loading=\"lazy\" decoding=\"async\" class=\"alignnone size-medium wp-image-12421\" src=\"http:\/\/www.automakers.cz\/wp-content\/uploads\/2025\/04\/Skoda-Elroq_foto-Lukas_Haupt-small-2-900x600.jpg\" alt=\"\" width=\"900\" height=\"600\" srcset=\"https:\/\/www.automakers.cz\/wp-content\/uploads\/2025\/04\/Skoda-Elroq_foto-Lukas_Haupt-small-2-900x600.jpg 900w, https:\/\/www.automakers.cz\/wp-content\/uploads\/2025\/04\/Skoda-Elroq_foto-Lukas_Haupt-small-2-1024x683.jpg 1024w, https:\/\/www.automakers.cz\/wp-content\/uploads\/2025\/04\/Skoda-Elroq_foto-Lukas_Haupt-small-2-768x512.jpg 768w, https:\/\/www.automakers.cz\/wp-content\/uploads\/2025\/04\/Skoda-Elroq_foto-Lukas_Haupt-small-2.jpg 1280w\" sizes=\"auto, (max-width: 900px) 100vw, 900px\" \/><\/p>\n<p>Organiz\u00e1torka ankety a motoristick\u00e1 novin\u00e1\u0159ka Sabina Kv\u00e1\u0161ov\u00e1 o nejlep\u0161\u00edm aut\u011b roku z pohledu \u017een \u0159ekla: \u201e\u0160koda Elroq porotkyn\u011b v anket\u011b zaujala kombinac\u00ed snadn\u00e9ho \u0159\u00edzen\u00ed, p\u0159\u00edjemn\u00e9ho ovl\u00e1d\u00e1n\u00ed, p\u0159ekvapiv\u00e9 prostornosti a n\u00e1padit\u00fdch detail\u016f. Sv\u011b\u017e\u00ed design zvy\u0161uje vn\u00edmanou hodnotu mladoboleslavsk\u00e9ho p\u0159\u00edr\u016fstku na novou \u00farove\u0148. U\u017e z\u00e1kladn\u00ed v\u00fdbava je skute\u010dn\u011b bohat\u00e1.\u201c<\/p>\n<p>\u201eElroq je p\u011bkn\u011b vymy\u0161len\u00fd, m\u00e1 hezk\u00e9 a praktick\u00e9 prvky a opravdu zaujme. Osobn\u011b m\u011b p\u0159ekvapily j\u00edzdn\u00ed vlastnosti, barevn\u00e9 kombinace i uspo\u0159\u00e1d\u00e1n\u00ed interi\u00e9ru,\u201c uvedla dal\u0161\u00ed \u010dlenka 12\u010dlenn\u00e9 odborn\u00e9 poroty a moder\u00e1torka Tereza Tobi\u00e1\u0161ov\u00e1.<\/p>\n<p>\u201e\u0160koda Elroq je absolutn\u011b funk\u010dn\u00ed auto, jednoduch\u00e9, ale z\u00e1rove\u0148 sofistikovan\u00e9. \u0158idi\u010d se v n\u011bm c\u00edt\u00ed bezpe\u010dn\u011b, m\u00e1 \u00fa\u017easn\u00fd rejd. I dojezd na elekt\u0159inu je obstojn\u00fd. Je to ide\u00e1ln\u00ed auto do m\u011bsta, do kufru se toho vejde dost. Zvenku se na prvn\u00ed pohled nezd\u00e1, kolik m\u00edsta uvnit\u0159 je, a to i na zadn\u00edch seda\u010dk\u00e1ch. \u0158idi\u010d si na j\u00edzdu i super akceleraci zvykne v okam\u017eiku,\u201c doplnila sv\u00e9 hodnocen\u00ed Elroqu moder\u00e1torka Vendula Pokorn\u00e1, letos nov\u00e1 \u010dlenka poroty.<\/p>\n<p>Fin\u00e1le 6. ro\u010dn\u00edku o nejlep\u0161\u00ed auto roku z pohledu \u017een bylo letos velmi t\u011bsn\u00e9. Pouh\u00fd 1 bod rozhodl o absolutn\u00edm v\u00edt\u011bzi. Na druh\u00e9m m\u00edst\u011b se v hodnocen\u00ed odborn\u00e9 poroty v anket\u011b AUTO M\u00c9HO SRDCE 2025 um\u00edstil crossover Cupra Terramar (58 bod\u016f). T\u0159et\u00ed pozici obsadilo SUV Volvo XC90 (37 bod\u016f).<\/p>\n<p><strong>Partnerem 6. ro\u010dn\u00edku ankety AUTO M\u00c9HO SRDCE byla Platforma VIZE 0, poji\u0161\u0165ovna Kooperativa a zna\u010dky Max Factor, Sally Hansen a Adidas.<\/strong><\/p>\n<p><strong>Zdroj: Sabina Kv\u00e1\u0161ov\u00e1<\/strong><\/p>\n<p><img loading=\"lazy\" decoding=\"async\" class=\"alignnone wp-image-12422\" src=\"http:\/\/www.automakers.cz\/wp-content\/uploads\/2025\/04\/porotkyne-25.jpg\" alt=\"\" width=\"857\" height=\"550\" \/><\/p>\n","protected":false},"excerpt":{"rendered":"<p>Organiz\u00e1tor ankety AUTO M\u00c9HO SRDCE, magaz\u00edn \u017dena v aut\u011b.cz, vyhl\u00e1sil u\u017e po\u0161est\u00e9 v\u00edt\u011bze hlasov\u00e1n\u00ed odborn\u00e9&#8230;<\/p>\n","protected":false},"author":2,"featured_media":12420,"comment_status":"closed","ping_status":"closed","sticky":false,"template":"","format":"standard","meta":{"footnotes":""},"categories":[32,9,53],"tags":[],"class_list":["post-12419","post","type-post","status-publish","format-standard","has-post-thumbnail","hentry","category-ankety","category-elektromobily","category-vysledky"],"_links":{"self":[{"href":"https:\/\/www.automakers.cz\/index.php?rest_route=\/wp\/v2\/posts\/12419","targetHints":{"allow":["GET"]}}],"collection":[{"href":"https:\/\/www.automakers.cz\/index.php?rest_route=\/wp\/v2\/posts"}],"about":[{"href":"https:\/\/www.automakers.cz\/index.php?rest_route=\/wp\/v2\/types\/post"}],"author":[{"embeddable":true,"href":"https:\/\/www.automakers.cz\/index.php?rest_route=\/wp\/v2\/users\/2"}],"replies":[{"embeddable":true,"href":"https:\/\/www.automakers.cz\/index.php?rest_route=%2Fwp%2Fv2%2Fcomments&post=12419"}],"version-history":[{"count":2,"href":"https:\/\/www.automakers.cz\/index.php?rest_route=\/wp\/v2\/posts\/12419\/revisions"}],"predecessor-version":[{"id":12433,"href":"https:\/\/www.automakers.cz\/index.php?rest_route=\/wp\/v2\/posts\/12419\/revisions\/12433"}],"wp:featuredmedia":[{"embeddable":true,"href":"https:\/\/www.automakers.cz\/index.php?rest_route=\/wp\/v2\/media\/12420"}],"wp:attachment":[{"href":"https:\/\/www.automakers.cz\/index.php?rest_route=%2Fwp%2Fv2%2Fmedia&parent=12419"}],"wp:term":[{"taxonomy":"category","embeddable":true,"href":"https:\/\/www.automakers.cz\/index.php?rest_route=%2Fwp%2Fv2%2Fcategories&post=12419"},{"taxonomy":"post_tag","embeddable":true,"href":"https:\/\/www.automakers.cz\/index.php?rest_route=%2Fwp%2Fv2%2Ftags&post=12419"}],"curies":[{"name":"wp","href":"https:\/\/api.w.org\/{rel}","templated":true}]}}