{"id":1242,"date":"2024-01-05T10:17:31","date_gmt":"2024-01-05T10:17:31","guid":{"rendered":"https:\/\/www.automakers.cz\/?p=1242"},"modified":"2024-01-05T10:18:58","modified_gmt":"2024-01-05T10:18:58","slug":"byd-vloni-prodal-tri-miliony-elektromobilu","status":"publish","type":"post","link":"https:\/\/www.automakers.cz\/?p=1242","title":{"rendered":"BYD vloni prodal t\u0159i miliony elektromobil\u016f"},"content":{"rendered":"<p><strong>\u010c\u00ednsk\u00fd <span class=\"highlight-query\">automobilov\u00fd<\/span> gigant BYD vloni podle vlastn\u00edch \u00fadaj\u016f dos\u00e1hl celkov\u00e9ho <span class=\"highlight-query\">prodeje<\/span> elektrick\u00fdch vozidel t\u0159\u00ed milion\u016f kus\u016f. Z toho bylo 1,6 milion\u016f \u010dist\u00fdch bateriov\u00fdch automobil\u016f. Oproti roku 2022 vloni spole\u010dnost nav\u00fd\u0161ila tr\u017eby o 62 procent.<\/strong><!--more--><\/p>\n<p>Da\u0159ilo se tak\u00e9 ostatn\u00edm \u010d\u00ednsk\u00fdm <span class=\"highlight-E5id0 highlight-E5M\">producent\u016fm<\/span> elektromobil\u016f. P\u0159esn\u00e1 statistika zat\u00edm sice k dispozici je\u0161t\u011b nen\u00ed, ale o\u010dek\u00e1v\u00e1 se, \u017ee za uplynul\u00fdch dvan\u00e1ct m\u011bs\u00edc\u016f se v komunistick\u00e9 zemi <span class=\"highlight-query\">prodalo<\/span> 9,4 milionu aut poh\u00e1n\u011bn\u00fdch elektromotory. Je to o dva a p\u016fl milionu v\u00edce ne\u017e ve stejn\u00e9m obdob\u00ed roku 2022.<\/p>\n<p>Existuje re\u00e1ln\u00fd p\u0159edpoklad, \u017ee <span class=\"highlight-query\">prodeje<\/span> tohoto typu osobn\u00edch vozidel posko\u010d\u00ed letos zhruba na \u00farove\u0148 11,5 milionu exempl\u00e1\u0159\u016f. \u010c\u00ednsk\u00e9 automobilky se nav\u00edc cht\u011bj\u00ed \u010d\u00edm d\u00e1l v\u00edce orientovat tak\u00e9 na jin\u00e1 odbyti\u0161t\u011b, ne\u017e je pouze <span class=\"highlight-E0id0 highlight-E0M\">\u010c\u00edna<\/span>.<\/p>\n<p>Nap\u0159\u00edklad BYD, jak jsme informovali ned\u00e1vno, postav\u00ed dokonce v ma\u010farsk\u00e9m <span class=\"highlight-E0id1 highlight-E0M\">Seged\u00ednu<\/span> vlastn\u00ed tov\u00e1rnu na mont\u00e1\u017e osobn\u00edch elektromobil\u016f ur\u010den\u00fdch pro evropsk\u00e9 <span class=\"highlight-E5id1 highlight-E5M\">\u0159idi\u010de<\/span>. V tomto jejich rozletu by je ale mohla p\u0159ibrzdit uva\u017eovan\u00e1 opat\u0159en\u00ed <span class=\"highlight-E1id0 highlight-E1M\">Evropsk\u00e9<\/span> <span class=\"highlight-E1id0 highlight-E1M\">unie<\/span>, kter\u00e1 by p\u0159\u00edpadn\u011b n\u00e1sledovala po uzav\u0159en\u00ed vy\u0161et\u0159ov\u00e1n\u00ed o \u010d\u00ednsk\u00fdch st\u00e1tn\u00edch dotac\u00edch na vyv\u00e1\u017een\u00e1 elektrick\u00e1 vozidla.<\/p>\n<p><strong>Zdroj: Network News<\/strong><\/p>\n","protected":false},"excerpt":{"rendered":"<p>\u010c\u00ednsk\u00fd automobilov\u00fd gigant BYD vloni podle vlastn\u00edch \u00fadaj\u016f dos\u00e1hl celkov\u00e9ho prodeje elektrick\u00fdch vozidel t\u0159\u00ed milion\u016f&#8230;<\/p>\n","protected":false},"author":1,"featured_media":1037,"comment_status":"open","ping_status":"open","sticky":false,"template":"","format":"standard","meta":{"footnotes":""},"categories":[9,10],"tags":[],"class_list":["post-1242","post","type-post","status-publish","format-standard","has-post-thumbnail","hentry","category-elektromobily","category-statistika"],"_links":{"self":[{"href":"https:\/\/www.automakers.cz\/index.php?rest_route=\/wp\/v2\/posts\/1242","targetHints":{"allow":["GET"]}}],"collection":[{"href":"https:\/\/www.automakers.cz\/index.php?rest_route=\/wp\/v2\/posts"}],"about":[{"href":"https:\/\/www.automakers.cz\/index.php?rest_route=\/wp\/v2\/types\/post"}],"author":[{"embeddable":true,"href":"https:\/\/www.automakers.cz\/index.php?rest_route=\/wp\/v2\/users\/1"}],"replies":[{"embeddable":true,"href":"https:\/\/www.automakers.cz\/index.php?rest_route=%2Fwp%2Fv2%2Fcomments&post=1242"}],"version-history":[{"count":3,"href":"https:\/\/www.automakers.cz\/index.php?rest_route=\/wp\/v2\/posts\/1242\/revisions"}],"predecessor-version":[{"id":1245,"href":"https:\/\/www.automakers.cz\/index.php?rest_route=\/wp\/v2\/posts\/1242\/revisions\/1245"}],"wp:featuredmedia":[{"embeddable":true,"href":"https:\/\/www.automakers.cz\/index.php?rest_route=\/wp\/v2\/media\/1037"}],"wp:attachment":[{"href":"https:\/\/www.automakers.cz\/index.php?rest_route=%2Fwp%2Fv2%2Fmedia&parent=1242"}],"wp:term":[{"taxonomy":"category","embeddable":true,"href":"https:\/\/www.automakers.cz\/index.php?rest_route=%2Fwp%2Fv2%2Fcategories&post=1242"},{"taxonomy":"post_tag","embeddable":true,"href":"https:\/\/www.automakers.cz\/index.php?rest_route=%2Fwp%2Fv2%2Ftags&post=1242"}],"curies":[{"name":"wp","href":"https:\/\/api.w.org\/{rel}","templated":true}]}}