{"id":12429,"date":"2025-04-13T22:19:02","date_gmt":"2025-04-13T22:19:02","guid":{"rendered":"https:\/\/www.automakers.cz\/?p=12429"},"modified":"2025-04-13T22:19:02","modified_gmt":"2025-04-13T22:19:02","slug":"bosch-zavira-vyrobu-ve-dvou-zavodech","status":"publish","type":"post","link":"https:\/\/www.automakers.cz\/?p=12429","title":{"rendered":"Bosch zav\u00edr\u00e1 v\u00fdrobu ve dvou z\u00e1vodech"},"content":{"rendered":"<p><strong><span class=\"highlight-E1id0 highlight-E4id0 highlight-E1M highlight-E4M\">Bosch<\/span> ozn\u00e1mil, \u017ee uzav\u00edr\u00e1 dal\u0161\u00ed sv\u00e9 z\u00e1vody v <span class=\"highlight-E0id5 highlight-E0M\">N\u011bmecku<\/span> a kon\u010d\u00ed zde s v\u00fdrobou zn\u00e1m\u00e9ho n\u00e1\u0159ad\u00ed. Divize <span class=\"highlight-E4id0 highlight-E1id0 highlight-E4M highlight-E1M\">Bosch<\/span> <span class=\"highlight-E1id1 highlight-E1M\">Power<\/span> Tools ukon\u010d\u00ed v\u00fdrobu ve sv\u00e9m \u00fast\u0159ed\u00ed a v dal\u0161\u00edm n\u011bmeck\u00e9m m\u00edst\u011b v p\u0159\u00ed\u0161t\u00edm roce. Od nyn\u011bj\u0161ka bude v\u00fdroba prob\u00edhat v zahrani\u010d\u00ed, ozn\u00e1mil bavorsk\u00fd list Merkur.<\/strong><!--more--><\/p>\n<p>Skupina <span class=\"highlight-E1id0 highlight-E4id0 highlight-E1M highlight-E4M\">Bosch<\/span> ji\u017e loni ohl\u00e1sila rozs\u00e1hl\u00e9 propou\u0161t\u011bn\u00ed v <span class=\"highlight-E0id5 highlight-E0M\">N\u011bmecku<\/span>, kter\u00e9 se krom\u011b centr\u00e1ln\u00edho <span class=\"highlight-query\">automobilov\u00e9ho<\/span> sektoru dot\u00fdk\u00e1 nov\u011b tak\u00e9 obchodu s elektrick\u00fdm n\u00e1\u0159ad\u00edm. Ve spole\u010dnosti <span class=\"highlight-E4id0 highlight-E1id0 highlight-E4M highlight-E1M\">Bosch<\/span> Power Tools m\u00e1 b\u00fdt do konce roku 2026 zru\u0161eno 480 pracovn\u00edch m\u00edst v \u00fast\u0159ed\u00ed, v\u00fdvoji a administrativ\u011b. Divize <span class=\"highlight-E1id0 highlight-E4id0 highlight-E1M highlight-E4M\">Bosch<\/span> nav\u00edc hodl\u00e1 v tuto chv\u00edli ukon\u010dit v\u00fdrobu ve sv\u00e9m s\u00eddle v <span class=\"highlight-E0id4 highlight-E0M\">Leinfelden-Echterdingen<\/span> (<span class=\"highlight-E0id8 highlight-E0M\">B\u00e1densko-W\u00fcrttembersko<\/span>) a v z\u00e1vod\u011b v <span class=\"highlight-E0id7 highlight-E0M\">Sebnitzu<\/span> (<span class=\"highlight-E0id3 highlight-E0M\">Sasko<\/span>, nedaleko <span class=\"highlight-E0id0 highlight-E0M\">\u010ceska<\/span>).<\/p>\n<p>\u201eV r\u00e1mci reorganizace sv\u00fdch glob\u00e1ln\u00edch v\u00fdrobn\u00edch struktur spole\u010dnost <span class=\"highlight-E4id0 highlight-E1id0 highlight-E4M highlight-E1M\">Bosch<\/span> <span class=\"highlight-E1id1 highlight-E1M\">Power<\/span> Tools pl\u00e1nuje postupn\u00e9 ukon\u010den\u00ed v\u00fdroby v pobo\u010dk\u00e1ch <span class=\"highlight-E0id7 highlight-E0M\">Sebnitz<\/span> a Leinfelden,\u201c uv\u00e1d\u00ed prohl\u00e1\u0161en\u00ed firmy.<\/p>\n<p><strong>P\u0159esun v\u00fdroby do Ma\u010farska<\/strong><\/p>\n<p>To znamen\u00e1, \u017ee v p\u0159\u00ed\u0161t\u00edm roce p\u0159ijde o pr\u00e1ci dal\u0161\u00edch 510 <span class=\"highlight-E5id0 highlight-E5M\">zam\u011bstnanc\u016f<\/span> <span class=\"highlight-E1id0 highlight-E4id0 highlight-E1M highlight-E4M\">Bosch<\/span> v <span class=\"highlight-E0id5 highlight-E0M\">N\u011bmecku<\/span>. V d\u016fsledku masivn\u00edch opat\u0159en\u00ed na sn\u00ed\u017een\u00ed n\u00e1klad\u016f ve spole\u010dnosti <span class=\"highlight-E4id0 highlight-E1id0 highlight-E4M highlight-E1M\">Bosch<\/span> ji\u017e existovaly obavy, \u017ee by \u0161v\u00e1bsk\u00e1 glob\u00e1ln\u00ed korporace mohla uzav\u0159\u00edt cel\u00e9 sv\u00e9 pobo\u010dky. V p\u0159\u00edpad\u011b z\u00e1vodu ve <span class=\"highlight-E0id6 highlight-E0M\">Schw\u00e4bisch<\/span> <span class=\"highlight-E0id6 highlight-E0M\">Gm\u00fcnd<\/span> (<span class=\"highlight-E0id8 highlight-E0M\">B\u00e1densko-W\u00fcrttembersko<\/span>) k tomuto kroku z\u0159ejm\u011b ji\u017e do\u0161lo. N\u011bkter\u00e9 nev\u00fdrobn\u00ed provozy v Leinfeldenu a <span class=\"highlight-E0id7 highlight-E0M\">Sebnitzu<\/span> v\u0161ak maj\u00ed b\u00fdt z\u0159ejm\u011b zachov\u00e1ny, zat\u00edmco cel\u00e1 v\u00fdroba m\u00e1 b\u00fdt po roce 2026 p\u0159em\u00edst\u011bna do zahrani\u010d\u00ed. Konkr\u00e9tn\u011b <span class=\"highlight-E1id0 highlight-E4id0 highlight-E1M highlight-E4M\">Bosch<\/span> <span class=\"highlight-E1id1 highlight-E1M\">Power<\/span> Tools zmi\u0148uje ma\u010farsk\u00fd <span class=\"highlight-E0id2 highlight-E0M\">Mi\u0161kolc<\/span>.<\/p>\n<p>Podle Merkuru je zastaven\u00ed v\u00fdroby v Leinfeldenu a <span class=\"highlight-E0id7 highlight-E0M\">Sebnitzu<\/span> dal\u0161\u00ed \u0161patnou zpr\u00e1vou z dlouh\u00e9ho seznamu opat\u0159en\u00ed, kter\u00e1 tato glob\u00e1ln\u00ed korporace z <span class=\"highlight-E0id8 highlight-E0M\">B\u00e1denska-W\u00fcrttemberska<\/span> v posledn\u00edch m\u011bs\u00edc\u00edch zve\u0159ejnila. <span class=\"highlight-E4id0 highlight-E1id0 highlight-E4M highlight-E1M\">Bosch<\/span> nap\u0159\u00edklad v prosinci ozn\u00e1mil, \u017ee bude muset zru\u0161it pracovn\u00ed m\u00edsta i v oblastech orientovan\u00fdch na budoucnost, jako jsou IT a software.<\/p>\n<p><strong>Zdroj: Echo 24<\/strong><\/p>\n","protected":false},"excerpt":{"rendered":"<p>Bosch ozn\u00e1mil, \u017ee uzav\u00edr\u00e1 dal\u0161\u00ed sv\u00e9 z\u00e1vody v N\u011bmecku a kon\u010d\u00ed zde s v\u00fdrobou zn\u00e1m\u00e9ho&#8230;<\/p>\n","protected":false},"author":1,"featured_media":4746,"comment_status":"closed","ping_status":"closed","sticky":false,"template":"","format":"standard","meta":{"footnotes":""},"categories":[31,18],"tags":[],"class_list":["post-12429","post","type-post","status-publish","format-standard","has-post-thumbnail","hentry","category-news","category-vyroba"],"_links":{"self":[{"href":"https:\/\/www.automakers.cz\/index.php?rest_route=\/wp\/v2\/posts\/12429","targetHints":{"allow":["GET"]}}],"collection":[{"href":"https:\/\/www.automakers.cz\/index.php?rest_route=\/wp\/v2\/posts"}],"about":[{"href":"https:\/\/www.automakers.cz\/index.php?rest_route=\/wp\/v2\/types\/post"}],"author":[{"embeddable":true,"href":"https:\/\/www.automakers.cz\/index.php?rest_route=\/wp\/v2\/users\/1"}],"replies":[{"embeddable":true,"href":"https:\/\/www.automakers.cz\/index.php?rest_route=%2Fwp%2Fv2%2Fcomments&post=12429"}],"version-history":[{"count":2,"href":"https:\/\/www.automakers.cz\/index.php?rest_route=\/wp\/v2\/posts\/12429\/revisions"}],"predecessor-version":[{"id":12431,"href":"https:\/\/www.automakers.cz\/index.php?rest_route=\/wp\/v2\/posts\/12429\/revisions\/12431"}],"wp:featuredmedia":[{"embeddable":true,"href":"https:\/\/www.automakers.cz\/index.php?rest_route=\/wp\/v2\/media\/4746"}],"wp:attachment":[{"href":"https:\/\/www.automakers.cz\/index.php?rest_route=%2Fwp%2Fv2%2Fmedia&parent=12429"}],"wp:term":[{"taxonomy":"category","embeddable":true,"href":"https:\/\/www.automakers.cz\/index.php?rest_route=%2Fwp%2Fv2%2Fcategories&post=12429"},{"taxonomy":"post_tag","embeddable":true,"href":"https:\/\/www.automakers.cz\/index.php?rest_route=%2Fwp%2Fv2%2Ftags&post=12429"}],"curies":[{"name":"wp","href":"https:\/\/api.w.org\/{rel}","templated":true}]}}