{"id":12455,"date":"2025-04-15T05:48:53","date_gmt":"2025-04-15T05:48:53","guid":{"rendered":"https:\/\/www.automakers.cz\/?p=12455"},"modified":"2025-04-15T05:48:53","modified_gmt":"2025-04-15T05:48:53","slug":"macik-na-startu-czech-truck-prix-2025","status":"publish","type":"post","link":"https:\/\/www.automakers.cz\/?p=12455","title":{"rendered":"Mac\u00edk na startu Czech Truck Prix 2025"},"content":{"rendered":"<p><b>Czech Truck Prix (28.\u201331. srpna) p\u0159iv\u00edt\u00e1 n\u011bkolikan\u00e1sobn\u00e9ho dr\u017eitele Zlat\u00e9ho volantu a dvojn\u00e1sobn\u00e9ho v\u00edt\u011bze Dakaru Martina Mac\u00edka, jednoho z nejpopul\u00e1rn\u011bj\u0161\u00edch \u010desk\u00fdch jezdc\u016f posledn\u00ed dek\u00e1dy.<\/b><!--more--><\/p>\n<p>Dakarsk\u00fd bojovn\u00edk, kter\u00fd bav\u00ed fanou\u0161ky nejen svou j\u00edzdou, ale i p\u0159\u00edstupem k motorsportu, zam\u00ed\u0159\u00ed z p\u00edse\u010dn\u00fdch dun na mosteck\u00fd asfalt. A rozhodn\u011b nep\u0159ijede jen p\u00f3zovat \u2013 p\u0159iveze show, z\u00e1\u017eitky a hlavn\u011b ostr\u00e9 souboje s evropskou truckracingovou \u0161pi\u010dkou.<\/p>\n<p>Autodrom Most spole\u010dn\u011b s Martinem Mac\u00edkem chyst\u00e1 v\u00edkend, kter\u00fd spoj\u00ed ryz\u00ed truckracing s energi\u00ed rally a nab\u00eddne fanou\u0161k\u016fm mo\u017enost b\u00fdt u toho bl\u00ed\u017e ne\u017e kdykoliv p\u0159edt\u00edm.\u00a0\u010ce\u0161t\u00ed div\u00e1ci tak budou m\u00edt ve startovn\u00edm poli znovu hrdinu, kter\u00e9mu mohou dr\u017eet palce.<\/p>\n<p><b>Z Dakaru na asfalt \u2013 a naplno<\/b><\/p>\n<p>Martin Mac\u00edk u\u017e loni kr\u00e1tce okusil, jak chutn\u00e1 z\u00e1vodn\u00ed truck ur\u010den\u00fd pro okruhy. Adrenalin a technika jsou zcela odli\u0161n\u00e9 od dakarsk\u00fdch etap, ale v\u00fdzva ho okam\u017eit\u011b chytla. Letos se proto do p\u0159\u00edprav pustil naplno a\u00a0v ned\u011bli 13. dubna absolvoval na Autodromu Most intenzivn\u00ed testy pod taktovkou Jochena Hahna s jeho\u017e kamionem Martin se na konci srpna postav\u00ed na start.<\/p>\n<p><em><b>\u201eLo\u0148sk\u00e1 zku\u0161enost s okruhov\u00fdm truckem m\u011b opravdu nadchla \u2013 je to \u00fapln\u011b jin\u00fd sv\u011bt ne\u017e Dakar, ale po\u0159\u00e1dn\u00e1 porce adrenalinu rozhodn\u011b chyb\u011bt nebude. Jsem r\u00e1d, \u017ee letos m\u016f\u017eeme nab\u00eddnout i n\u011bco nav\u00edc pro na\u0161e fanou\u0161ky. P\u0159ipravuju se poctiv\u011b a v\u011b\u0159\u00edm, \u017ee si Most v\u0161ichni spole\u010dn\u011b u\u017eijeme naplno,\u201c<\/b>\u00a0<\/em>\u0159\u00edk\u00e1\u00a0<b>Martin Mac\u00edk<\/b>.<\/p>\n<p><img loading=\"lazy\" decoding=\"async\" class=\"alignnone size-medium wp-image-12456\" src=\"http:\/\/www.automakers.cz\/wp-content\/uploads\/2025\/04\/Czech-Truck-Prix-2025-1-900x600.jpg\" alt=\"\" width=\"900\" height=\"600\" srcset=\"https:\/\/www.automakers.cz\/wp-content\/uploads\/2025\/04\/Czech-Truck-Prix-2025-1-900x600.jpg 900w, https:\/\/www.automakers.cz\/wp-content\/uploads\/2025\/04\/Czech-Truck-Prix-2025-1-1024x683.jpg 1024w, https:\/\/www.automakers.cz\/wp-content\/uploads\/2025\/04\/Czech-Truck-Prix-2025-1-768x512.jpg 768w, https:\/\/www.automakers.cz\/wp-content\/uploads\/2025\/04\/Czech-Truck-Prix-2025-1-1536x1025.jpg 1536w, https:\/\/www.automakers.cz\/wp-content\/uploads\/2025\/04\/Czech-Truck-Prix-2025-1.jpg 2000w\" sizes=\"auto, (max-width: 900px) 100vw, 900px\" \/><\/p>\n<p><b>Fanou\u0161ci sou\u010d\u00e1st\u00ed d\u011bn\u00ed<\/b><\/p>\n<p>Ve spolupr\u00e1ci s Autodromem Most vznik\u00e1 speci\u00e1ln\u00ed program, kter\u00fd fanou\u0161k\u016fm nab\u00eddne mo\u017enost za\u017e\u00edt Czech Truck Prix opravdu naplno \u2013 nejen z tribuny, ale p\u0159\u00edmo v srdci d\u011bn\u00ed.<\/p>\n<p>V r\u00e1mci speci\u00e1ln\u00edch bal\u00ed\u010dk\u016f vstupenek budou m\u00edt fanou\u0161ci mo\u017enost proj\u00edt s Martinem Mac\u00edkem cel\u00fdm p\u0159erodem rally jezdce v okruhov\u00e9ho z\u00e1vodn\u00edka \u2013 z\u00edskaj\u00ed p\u0159\u00edstup do uzav\u0159en\u00e9 online komunity\u00a0<strong>#DyckyDakar<\/strong>, kter\u00e1 bude rychle a bez cenzury informovat o v\u0161em, co se kolem p\u0159\u00edpravy Martina Mac\u00edka na Czech Truck Prix bude d\u00edt. T\u011b\u0161it se mohou na fotky, videa, hlasov\u00e9 zpr\u00e1vy a sout\u011b\u017ee o z\u00e1\u017eitky a d\u00e1rky, kter\u00e9 pot\u011b\u0161\u00ed v\u0161echny fanou\u0161ky motorsportu. Sou\u010d\u00e1st\u00ed bal\u00ed\u010dk\u016f vstupenek je tak\u00e9 mo\u017enost str\u00e1vit z\u00e1vodn\u00ed den v neform\u00e1ln\u00ed VIP z\u00f3n\u011b s Martinem Mac\u00edkem, proj\u00edt se po gridu a origin\u00e1ln\u00ed d\u00e1rkov\u00e9 p\u0159edm\u011bty.<\/p>\n<p><strong><i>\u201eV\u017edy se sna\u017e\u00edme pro fanou\u0161ky p\u0159in\u00e9st n\u011bco nav\u00edc a nejinak tomu bude i v p\u0159\u00edpad\u011b moj\u00ed \u00fa\u010dasti na Czech Truck Prix. V online komunit\u011b s nimi budu sd\u00edlet celou svoji cestu od p\u0159\u00edprav a tr\u00e9nink\u016f a\u017e po pr\u016fb\u011bh z\u00e1vodn\u00edho v\u00edkendu. Nebude to jednoduch\u00e9, budu se m\u00edt hodn\u011b co u\u010dit, tak\u017ee o z\u00e1bavu a zaj\u00edmav\u00e9 informace nebude nouze,\u201c\u00a0<\/i><\/strong>popisuje my\u0161lenku komunity Martin Mac\u00edk.<\/p>\n<p><b>Trucky, NASCAR i v\u016fn\u011b benz\u00ednu minulosti<\/b><\/p>\n<p>Czech Truck Prix 2025 nab\u00eddne i letos \u0161pi\u010dkov\u00fd program v r\u00e1mci\u00a0<b>mistrovstv\u00ed Evropy okruhov\u00fdch taha\u010d\u016f (FIA ETRC) <\/b>pln\u00fd souboj\u016f tis\u00edciko\u0148ov\u00fdch obr\u016f, kter\u00e9 na okruhu doslova poru\u0161uj\u00ed fyzik\u00e1ln\u00ed z\u00e1kony. Ani letos v\u00a0programu nechyb\u00ed\u00a0<b>NASCAR Euro Series<\/b>, kde bude \u010desk\u00e9 barvy op\u011bt h\u00e1jit dvojn\u00e1sobn\u00fd \u0161ampion\u00a0<b>Martin Doubek<\/b>.<\/p>\n<p>Z\u00e1vodn\u00ed v\u00edkend zpest\u0159\u00ed tak\u00e9 historick\u00e9 z\u00e1vody v duchu motorsportu \u0161edes\u00e1t\u00fdch a sedmdes\u00e1t\u00fdch let \u2013 Triumph Competition &amp; British GT a Super Sixties \u2013 s britsk\u00fdmi vozy a atmosf\u00e9rou, kter\u00e1 pot\u011b\u0161\u00ed ka\u017ed\u00e9ho milovn\u00edka v\u016fn\u011b benz\u00ednu a otev\u0159en\u00fdch helem.<\/p>\n<p><img loading=\"lazy\" decoding=\"async\" class=\"alignnone size-medium wp-image-12458\" src=\"http:\/\/www.automakers.cz\/wp-content\/uploads\/2025\/04\/Czech-Truck-Prix-2025-3-900x600.jpg\" alt=\"\" width=\"900\" height=\"600\" srcset=\"https:\/\/www.automakers.cz\/wp-content\/uploads\/2025\/04\/Czech-Truck-Prix-2025-3-900x600.jpg 900w, https:\/\/www.automakers.cz\/wp-content\/uploads\/2025\/04\/Czech-Truck-Prix-2025-3-1024x683.jpg 1024w, https:\/\/www.automakers.cz\/wp-content\/uploads\/2025\/04\/Czech-Truck-Prix-2025-3-768x512.jpg 768w, https:\/\/www.automakers.cz\/wp-content\/uploads\/2025\/04\/Czech-Truck-Prix-2025-3-1536x1025.jpg 1536w, https:\/\/www.automakers.cz\/wp-content\/uploads\/2025\/04\/Czech-Truck-Prix-2025-3.jpg 2000w\" sizes=\"auto, (max-width: 900px) 100vw, 900px\" \/><\/p>\n<p><b>Mosteck\u00fd sv\u00e1tek trucker\u016f i rodin<\/b><\/p>\n<p>Z Czech Truck Prix se v\u00a0pr\u016fb\u011bhu let stal nejen z\u00e1vodn\u00ed sv\u00e1tek, ale i ud\u00e1lost, kter\u00e1 propojuje truckery, dopravce, fanou\u0161ky motorsportu i rodiny s d\u011btmi. Tak\u00e9 letos bude Autodrom Most \u017e\u00edt naplno \u2013 v paddocku, ve FanVillage i na trati. Na n\u00e1v\u0161t\u011bvn\u00edky \u010dekaj\u00ed autogrami\u00e1dy jezdc\u016f, mo\u017enost proj\u00edt si startovn\u00ed ro\u0161t t\u011bsn\u011b p\u0159ed z\u00e1vody, offroadov\u00e9 j\u00edzdy i d\u011btsk\u00e9 z\u00f3ny pln\u00e9 sout\u011b\u017e\u00ed a atrakc\u00ed. To v\u0161e v r\u00e1mci ceny b\u011b\u017en\u00e9 vstupenky.<\/p>\n<p>U\u017e tradi\u010dn\u011b nebude chyb\u011bt ani\u00a0<b>\u010dtvrte\u010dn\u00ed spanil\u00e1 j\u00edzda m\u011bstem<\/b>, kter\u00e1 p\u0159ivede z\u00e1vodn\u00ed speci\u00e1ly a\u017e do centra Mostu.<\/p>\n<p><b>Motorsport s p\u0159esahem<\/b><\/p>\n<p><em><b>\u201eSpolupr\u00e1ce s Martinem Mac\u00edkem je pro n\u00e1s v\u00fdjime\u010dn\u00e1 \u2013 nejen\u017ee p\u0159in\u00e1\u0161\u00ed radost fanou\u0161k\u016fm a nab\u00eddne jedine\u010dn\u00fd z\u00e1\u017eitek, ale z\u00e1rove\u0148 napl\u0148uje na\u0161i dlouhodobou ambici rozv\u00edjet \u010desk\u00fd motorsport a p\u0159iv\u00e1d\u011bt do regionu akce s p\u0159esahem. V\u011b\u0159\u00edme, \u017ee Czech Truck Prix 2025 bude pro n\u00e1v\u0161t\u011bvn\u00edky siln\u00fdm momentem sez\u00f3ny a Autodrom Most op\u011bt potvrd\u00ed svou roli jako otev\u0159en\u00e9 spole\u010densk\u00e9 centrum s pozitivn\u00edm dopadem na region i celou motorsportovou komunitu. Velk\u00e9 pod\u011bkov\u00e1n\u00ed pat\u0159\u00ed tak\u00e9 N\u00e1rodn\u00ed sportovn\u00ed agentu\u0159e, jej\u00ed\u017e podpora n\u00e1m umo\u017e\u0148uje tyto projekty rozv\u00edjet a posouvat \u010desk\u00fd motorsport d\u00e1l,\u201c<\/b><\/em>\u00a0\u0159\u00edk\u00e1\u00a0Josef Zaj\u00ed\u010dek, \u010dlen po\u0159\u00e1daj\u00edc\u00edho spolku AMK Most a majitel Autodromu Most.<\/p>\n<p>Vstupenky na Czech Truck Prix 2025 i nab\u00eddka speci\u00e1ln\u00edch bal\u00ed\u010dk\u016f s Martinem Mac\u00edkem jsou ji\u017e v\u00a0prodeji na\u00a0<a href=\"https:\/\/autodrom-mostcz.t.mailkit.eu\/PfNybAUAKCoSZGlkX3QAY2FpZGQxMTA1ZmlkX3NtZGsyMjUyNzc2MTA1MmRjaGFuZWVtYWlsY2xvY2VkYXRhMWFlcmhhbmRsQGN6ZWNobmV3cy5jemF1fWh0dHBzOi8vd3d3LmF1dG9kcm9tLW1vc3QuY3ovYmdhAWNjaWRkOTU0N2NsX2MnFHd3dy5hdXRvZHJvbS1tb3N0LmN6YmxwA2RpZF9lIOiu3IQDZ2lkX3NlbmQgvfX6AmVpZF91bCCi1wVmaWRfbXNnINGWCGNsc3ABYnRzIJLN778GYWFlY2xpY2s\/AQU7i0vbd0UclFq35dOi5GxKWppWUZ2xOO7cu6Dx6dc\/click\" target=\"_blank\" rel=\"noopener\">www.autodrom-most.cz<\/a>\u00a0nebo\u00a0<a href=\"https:\/\/autodrom-mostcz.t.mailkit.eu\/PfNybCUAyQHWAfCBKCoSZGlkX3QAY2FpZGQxMTA1ZmlkX3NtZGsyMjUyNzc2MTA1MmRjaGFuZWVtYWlsY2xvY2VkYXRhMWFlcmhhbmRsQGN6ZWNobmV3cy5jemF1eWh0dHA6Ly93d3cub25ldGVhbS5zdG9yZS9iZ2EBY2NpZGQ5NTQ3YmxwBGNsX2MnEUIpAAGQHGUg6K7chANnAYxEZW5kIL31-gJlaWRfdWwgotcFAaNwbXNnINGWCGJ0cyCSze-_BmNsc3ABYWFlY2xpY2s\/huoayawJCrLPZAzoV4vZK3tY7CiFKW2Q2Whyjo_rU-0\/click\" target=\"_blank\" rel=\"noopener\">www.oneteam.store<\/a>.<\/p>\n<p><img loading=\"lazy\" decoding=\"async\" class=\"alignnone size-medium wp-image-12459\" src=\"http:\/\/www.automakers.cz\/wp-content\/uploads\/2025\/04\/Czech-Truck-Prix-2025-4-900x600.jpg\" alt=\"\" width=\"900\" height=\"600\" srcset=\"https:\/\/www.automakers.cz\/wp-content\/uploads\/2025\/04\/Czech-Truck-Prix-2025-4-900x600.jpg 900w, https:\/\/www.automakers.cz\/wp-content\/uploads\/2025\/04\/Czech-Truck-Prix-2025-4-1024x683.jpg 1024w, https:\/\/www.automakers.cz\/wp-content\/uploads\/2025\/04\/Czech-Truck-Prix-2025-4-768x512.jpg 768w, https:\/\/www.automakers.cz\/wp-content\/uploads\/2025\/04\/Czech-Truck-Prix-2025-4-1536x1025.jpg 1536w, https:\/\/www.automakers.cz\/wp-content\/uploads\/2025\/04\/Czech-Truck-Prix-2025-4.jpg 2000w\" sizes=\"auto, (max-width: 900px) 100vw, 900px\" \/><\/p>\n","protected":false},"excerpt":{"rendered":"<p>Czech Truck Prix (28.\u201331. srpna) p\u0159iv\u00edt\u00e1 n\u011bkolikan\u00e1sobn\u00e9ho dr\u017eitele Zlat\u00e9ho volantu a dvojn\u00e1sobn\u00e9ho v\u00edt\u011bze Dakaru Martina&#8230;<\/p>\n","protected":false},"author":2,"featured_media":12457,"comment_status":"closed","ping_status":"closed","sticky":false,"template":"","format":"standard","meta":{"footnotes":""},"categories":[26,19],"tags":[],"class_list":["post-12455","post","type-post","status-publish","format-standard","has-post-thumbnail","hentry","category-eventy","category-motorsport"],"_links":{"self":[{"href":"https:\/\/www.automakers.cz\/index.php?rest_route=\/wp\/v2\/posts\/12455","targetHints":{"allow":["GET"]}}],"collection":[{"href":"https:\/\/www.automakers.cz\/index.php?rest_route=\/wp\/v2\/posts"}],"about":[{"href":"https:\/\/www.automakers.cz\/index.php?rest_route=\/wp\/v2\/types\/post"}],"author":[{"embeddable":true,"href":"https:\/\/www.automakers.cz\/index.php?rest_route=\/wp\/v2\/users\/2"}],"replies":[{"embeddable":true,"href":"https:\/\/www.automakers.cz\/index.php?rest_route=%2Fwp%2Fv2%2Fcomments&post=12455"}],"version-history":[{"count":5,"href":"https:\/\/www.automakers.cz\/index.php?rest_route=\/wp\/v2\/posts\/12455\/revisions"}],"predecessor-version":[{"id":12472,"href":"https:\/\/www.automakers.cz\/index.php?rest_route=\/wp\/v2\/posts\/12455\/revisions\/12472"}],"wp:featuredmedia":[{"embeddable":true,"href":"https:\/\/www.automakers.cz\/index.php?rest_route=\/wp\/v2\/media\/12457"}],"wp:attachment":[{"href":"https:\/\/www.automakers.cz\/index.php?rest_route=%2Fwp%2Fv2%2Fmedia&parent=12455"}],"wp:term":[{"taxonomy":"category","embeddable":true,"href":"https:\/\/www.automakers.cz\/index.php?rest_route=%2Fwp%2Fv2%2Fcategories&post=12455"},{"taxonomy":"post_tag","embeddable":true,"href":"https:\/\/www.automakers.cz\/index.php?rest_route=%2Fwp%2Fv2%2Ftags&post=12455"}],"curies":[{"name":"wp","href":"https:\/\/api.w.org\/{rel}","templated":true}]}}