{"id":1246,"date":"2024-01-05T08:29:33","date_gmt":"2024-01-05T08:29:33","guid":{"rendered":"https:\/\/www.automakers.cz\/?p=1246"},"modified":"2024-01-05T10:31:03","modified_gmt":"2024-01-05T10:31:03","slug":"kyjev-zniceno-velke-dealerstvi-citroenu","status":"publish","type":"post","link":"https:\/\/www.automakers.cz\/?p=1246","title":{"rendered":"Kyjev: zni\u010deno velk\u00e9 dealerstv\u00ed Citro\u00ebnu"},"content":{"rendered":"<p><strong>V d\u016fsledku rozs\u00e1hl\u00e9ho bombardov\u00e1n\u00ed bylo zni\u010deno jedno ze \u010dty\u0159 kyjevsk\u00fdch dealerstv\u00ed <span class=\"highlight-E1id5 highlight-E4id0 highlight-E1M highlight-E4M\">Citro\u00ebnu v Kyjev\u011b<\/span>.<\/strong> <!--more--><\/p>\n<p>\u0160lo o rozs\u00e1hl\u00fd showroom, kter\u00fd byl postaven dle nejnov\u011bj\u0161\u00edch standard\u016f, nebo\u0165 na jeho otev\u0159en\u00ed do\u0161lo teprve v roce 2020. Spole\u010dnost, kter\u00e1 jej provozuje, ozn\u00e1mila, \u017ee budovu hodl\u00e1 opravit a znovu otev\u0159e, co\u017e se j\u00ed m\u016f\u017ee pov\u00e9st &#8211; p\u0159es po\u0161kozen\u00ed st\u0159echy i fas\u00e1dy m\u00edsto po\u0159\u00e1d p\u0159ipom\u00edn\u00e1 prodejnu aut.<\/p>\n","protected":false},"excerpt":{"rendered":"<p>V d\u016fsledku rozs\u00e1hl\u00e9ho bombardov\u00e1n\u00ed bylo zni\u010deno jedno ze \u010dty\u0159 kyjevsk\u00fdch dealerstv\u00ed Citro\u00ebnu v Kyjev\u011b.<\/p>\n","protected":false},"author":1,"featured_media":1247,"comment_status":"open","ping_status":"open","sticky":false,"template":"","format":"standard","meta":{"footnotes":""},"categories":[31],"tags":[],"class_list":["post-1246","post","type-post","status-publish","format-standard","has-post-thumbnail","hentry","category-news"],"_links":{"self":[{"href":"https:\/\/www.automakers.cz\/index.php?rest_route=\/wp\/v2\/posts\/1246","targetHints":{"allow":["GET"]}}],"collection":[{"href":"https:\/\/www.automakers.cz\/index.php?rest_route=\/wp\/v2\/posts"}],"about":[{"href":"https:\/\/www.automakers.cz\/index.php?rest_route=\/wp\/v2\/types\/post"}],"author":[{"embeddable":true,"href":"https:\/\/www.automakers.cz\/index.php?rest_route=\/wp\/v2\/users\/1"}],"replies":[{"embeddable":true,"href":"https:\/\/www.automakers.cz\/index.php?rest_route=%2Fwp%2Fv2%2Fcomments&post=1246"}],"version-history":[{"count":2,"href":"https:\/\/www.automakers.cz\/index.php?rest_route=\/wp\/v2\/posts\/1246\/revisions"}],"predecessor-version":[{"id":1249,"href":"https:\/\/www.automakers.cz\/index.php?rest_route=\/wp\/v2\/posts\/1246\/revisions\/1249"}],"wp:featuredmedia":[{"embeddable":true,"href":"https:\/\/www.automakers.cz\/index.php?rest_route=\/wp\/v2\/media\/1247"}],"wp:attachment":[{"href":"https:\/\/www.automakers.cz\/index.php?rest_route=%2Fwp%2Fv2%2Fmedia&parent=1246"}],"wp:term":[{"taxonomy":"category","embeddable":true,"href":"https:\/\/www.automakers.cz\/index.php?rest_route=%2Fwp%2Fv2%2Fcategories&post=1246"},{"taxonomy":"post_tag","embeddable":true,"href":"https:\/\/www.automakers.cz\/index.php?rest_route=%2Fwp%2Fv2%2Ftags&post=1246"}],"curies":[{"name":"wp","href":"https:\/\/api.w.org\/{rel}","templated":true}]}}