{"id":12464,"date":"2025-04-14T11:54:50","date_gmt":"2025-04-14T11:54:50","guid":{"rendered":"https:\/\/www.automakers.cz\/?p=12464"},"modified":"2025-04-14T11:54:50","modified_gmt":"2025-04-14T11:54:50","slug":"porsche-sponzorovalo-billie-jean-king-cup","status":"publish","type":"post","link":"https:\/\/www.automakers.cz\/?p=12464","title":{"rendered":"Porsche sponzorovalo Billie Jean King Cup"},"content":{"rendered":"<p><strong>Porsche Inter Auto CZ vyslalo jako partner \u010desk\u00e9 kvalifika\u010dn\u00ed skupiny Poh\u00e1ru Billie Jean Kingov\u00e9 do Ostravy flotilu 15 voz\u016f Macan, Cayenne a Panamera, kter\u00e1 zaji\u0161\u0165uje bezpe\u010dn\u00fd a luxusn\u00ed \u201eshuttle service\u201c tenistk\u00e1m a v\u00fdznamn\u00fdm host\u016fm.<\/strong> <!--more--><\/p>\n<p>\u010cesk\u00fd t\u00fdm nastoupil v kvalifikaci proti Braz\u00edlii a \u0160pan\u011blsku. Zna\u010dka <em>Porsche<\/em>\u00a0odstartovala v souvislosti s kvalifikac\u00ed o postup na listopadov\u00fd fin\u00e1lov\u00fd turnaj Billie Jean King Cup tak\u00e9 podcastov\u00fd projekt\u00a0<em>Porsche<\/em>Talk.<\/p>\n<p>\u201eZraky fanou\u0161k\u016f \u017eensk\u00e9ho tenisu se up\u00edraly k Ostrav\u011b, kde prob\u011bhl za partnersk\u00e9 podpory zna\u010dky <em>Porsche<\/em>\u00a0\u201a\u010desk\u00e1\u2018 kvalifika\u010dn\u00ed skupina o \u00fa\u010dast ve fin\u00e1le presti\u017en\u00edho Poh\u00e1ru Billie Jean Kingov\u00e9,\u201c \u0159\u00edk\u00e1 Joanna Og\u00f3rek, v\u00fdkonn\u00e1 \u0159editelka v\u00fdhradn\u00edho dovozce automobil\u016f\u00a0<em>Porsche<\/em>\u00a0do \u010cesk\u00e9 republiky, a dod\u00e1v\u00e1:<\/p>\n<p>\u201eM\u00e1m velkou radost, \u017ee jsme v r\u00e1mci na\u0161eho partnerstv\u00ed s touto tradi\u010dn\u00ed t\u00fdmovou sout\u011b\u017e\u00ed mohli p\u0159isp\u011bt ke zd\u00e1rn\u00e9mu pr\u016fb\u011bhu cel\u00e9 akce na\u0161imi v\u00fdjime\u010dn\u00fdmi modely. Jm\u00e9nem zna\u010dky <em>Porsche<\/em>\u00a0zvu v\u0161echny fanou\u0161ky nejen ke sledov\u00e1n\u00ed z\u00e1pas\u016f v Ostrav\u011b, ale tak\u00e9 k poslechu na\u0161ich exkluzivn\u00edch rozhovor\u016f\u00a0<em>Porsche<\/em>Talk s \u010desk\u00fdmi tenistkami.\u201c<\/p>\n<p>Od 10. do 12. dubna 2025 se v Ostrav\u011b odehraj\u00ed vz\u00e1jemn\u00e9 z\u00e1pasy mezi t\u00fdmy \u010ceska, Braz\u00edlie a \u0160pan\u011blska v r\u00e1mci kvalifikace Billie Jean King Cupu. V\u00edt\u011bz kvalifika\u010dn\u00ed skupiny B postoup\u00ed do fin\u00e1le t\u00e9to tradi\u010dn\u00ed \u017eensk\u00e9 t\u00fdmov\u00e9 sout\u011b\u017ee, kter\u00e1 d\u0159\u00edve nesla ozna\u010den\u00ed Poh\u00e1r Federace (1963\u20131994) a Fed Cup (1995\u20132020). Fin\u00e1le Poh\u00e1ru Billie Jean Kingov\u00e9 se uskute\u010dn\u00ed v listopadu v \u010d\u00ednsk\u00e9m \u0160en-\u010denu. \u010cesk\u00fd t\u00fdm nastoup\u00ed ve \u010dtvrtek proti Braz\u00edlii a v sobotu proti \u0160pan\u011blsku ve slo\u017een\u00ed Linda Noskov\u00e1, Marie Bouzkov\u00e1, Tereza Valentov\u00e1, Dominika \u0160alkov\u00e1 a Tereza Krej\u010dov\u00e1.<\/p>\n<p>Partnerem ostravsk\u00e9 kvalifikace o \u00fa\u010dast ve fin\u00e1le Poh\u00e1ru Billie Jean Kingov\u00e9 byla zna\u010dka <em>Porsche<\/em>, kter\u00e1 je ji\u017e des\u00edtky let podporovatelem mezin\u00e1rodn\u00edho \u017eensk\u00e9ho tenisu.<\/p>\n<p><strong>Podcasty na zadn\u00edm sedadle<\/strong><\/p>\n<p>\u010cesk\u00fd import\u00e9r voz\u016f\u00a0<em>Porsche<\/em>\u00a0p\u0159ipravil u t\u00e9to p\u0159\u00edle\u017eitosti nejen flotilu 15 voz\u016f Macan, Cayenne a Panamera k p\u0159eprav\u011b tenistek, realiza\u010dn\u00edho t\u00fdmu a VIP host\u016f, ale tak\u00e9 s\u00e9rii rozhovor\u016f\u00a0<em>Porsche<\/em>Talk s \u010desk\u00fdmi tenisov\u00fdmi reprezentantkami, kter\u00e1 vznikala pr\u00e1v\u011b na prostorn\u00fdch a komfortn\u00edch zadn\u00edch sedadlech t\u011bchto exkluzivn\u00edch voz\u016f se sportovn\u00ed du\u0161\u00ed p\u0159i j\u00edzd\u00e1ch ostravsk\u00fdmi ulicemi.<\/p>\n<p>\u010cesk\u00e9 tenistky odpov\u00eddaj\u00ed v rychl\u00fdch podcastov\u00fdch rozhovorech\u00a0<em>Porsche<\/em>Talk na nejr\u016fzn\u011bj\u0161\u00ed ot\u00e1zky t\u00fdkaj\u00edc\u00ed se jejich sportovn\u00edho i osobn\u00edho \u017eivota.<\/p>\n<p>Fanou\u0161ci mohou\u00a0<em>Porsche<\/em>Talk sledovat na soci\u00e1ln\u00edch s\u00edt\u00edch, nap\u0159\u00edklad na instagramov\u00e9m \u00fa\u010dtu @<em>porsche<\/em>cesko nebo @jsmeceskytenis.<\/p>\n<p>Zna\u010dka\u00a0<em>Porsche<\/em>\u00a0v Ostrav\u011b p\u016fsob\u00ed ve form\u011b\u00a0<em>Porsche<\/em>\u00a0Servisn\u00edho Centra, kter\u00e9 zaji\u0161\u0165uje kompletn\u00ed poprodejn\u00ed slu\u017eby, servis a tak\u00e9 prodej ojet\u00fdch voz\u016f\u00a0<em>Porsche<\/em> Approved.<\/p>\n","protected":false},"excerpt":{"rendered":"<p>Porsche Inter Auto CZ vyslalo jako partner \u010desk\u00e9 kvalifika\u010dn\u00ed skupiny Poh\u00e1ru Billie Jean Kingov\u00e9 do&#8230;<\/p>\n","protected":false},"author":1,"featured_media":12465,"comment_status":"closed","ping_status":"closed","sticky":false,"template":"","format":"standard","meta":{"footnotes":""},"categories":[11,29],"tags":[],"class_list":["post-12464","post","type-post","status-publish","format-standard","has-post-thumbnail","hentry","category-importeri","category-sponzoring"],"_links":{"self":[{"href":"https:\/\/www.automakers.cz\/index.php?rest_route=\/wp\/v2\/posts\/12464","targetHints":{"allow":["GET"]}}],"collection":[{"href":"https:\/\/www.automakers.cz\/index.php?rest_route=\/wp\/v2\/posts"}],"about":[{"href":"https:\/\/www.automakers.cz\/index.php?rest_route=\/wp\/v2\/types\/post"}],"author":[{"embeddable":true,"href":"https:\/\/www.automakers.cz\/index.php?rest_route=\/wp\/v2\/users\/1"}],"replies":[{"embeddable":true,"href":"https:\/\/www.automakers.cz\/index.php?rest_route=%2Fwp%2Fv2%2Fcomments&post=12464"}],"version-history":[{"count":1,"href":"https:\/\/www.automakers.cz\/index.php?rest_route=\/wp\/v2\/posts\/12464\/revisions"}],"predecessor-version":[{"id":12466,"href":"https:\/\/www.automakers.cz\/index.php?rest_route=\/wp\/v2\/posts\/12464\/revisions\/12466"}],"wp:featuredmedia":[{"embeddable":true,"href":"https:\/\/www.automakers.cz\/index.php?rest_route=\/wp\/v2\/media\/12465"}],"wp:attachment":[{"href":"https:\/\/www.automakers.cz\/index.php?rest_route=%2Fwp%2Fv2%2Fmedia&parent=12464"}],"wp:term":[{"taxonomy":"category","embeddable":true,"href":"https:\/\/www.automakers.cz\/index.php?rest_route=%2Fwp%2Fv2%2Fcategories&post=12464"},{"taxonomy":"post_tag","embeddable":true,"href":"https:\/\/www.automakers.cz\/index.php?rest_route=%2Fwp%2Fv2%2Ftags&post=12464"}],"curies":[{"name":"wp","href":"https:\/\/api.w.org\/{rel}","templated":true}]}}