{"id":12528,"date":"2025-04-16T07:34:10","date_gmt":"2025-04-16T07:34:10","guid":{"rendered":"https:\/\/www.automakers.cz\/?p=12528"},"modified":"2025-04-16T07:34:10","modified_gmt":"2025-04-16T07:34:10","slug":"jodas-obchodnim-reditelem-mediaboardu","status":"publish","type":"post","link":"https:\/\/www.automakers.cz\/?p=12528","title":{"rendered":"Jodas obchodn\u00edm \u0159editelem Mediaboardu"},"content":{"rendered":"<p><strong>Zden\u011bk Jodas (41) se stal nov\u00fdm obchodn\u00edm \u0159editelem pro \u010desk\u00fd trh ve spole\u010dnosti Mediaboard, kter\u00e1 je \u010deskou jedni\u010dkou na poli monitoringu m\u00e9di\u00ed a media intelligence.\u00a0Jako nov\u00fd CSO bude m\u00edt Jodas na starosti veden\u00ed \u010desk\u00e9 pobo\u010dky po obchodn\u00ed str\u00e1nce a rozvoj klientsk\u00e9ho portfolia. <\/strong><span id=\"more-2622\"><\/span><!--more--><\/p>\n<p>Z\u00e1rove\u0148 se st\u00e1v\u00e1 jedn\u00edm z\u00a0prvn\u00edch \u010dlen\u016f veden\u00ed Mediaboardu po odd\u011blen\u00ed od mate\u0159sk\u00e9 spole\u010dnosti Imper.<\/p>\n<p>Na nov\u00e9 pozici bude m\u00edt Zden\u011bk Jodas na starosti\u00a0<strong>kompletn\u00ed obchodn\u00ed v\u00fdsledky Mediaboardu v\u00a0\u010cesku, nov\u00e9 akvizice, ale i after sales v\u00a0podob\u011b key account managementu a rozvoje strategick\u00fdch partnerstv\u00ed nebo z\u00e1kaznickou p\u00e9\u010di<\/strong>.<\/p>\n<p>Jodas p\u016fsobil\u00a0<strong>posledn\u00ed t\u0159i roky jako Head of customer service pro Mediaboard i Imper.<\/strong>\u00a0Byl tak sou\u010d\u00e1st\u00ed firmy b\u011bhem jej\u00edch v\u00fdznamn\u00fdch produktov\u00fdch inovac\u00ed, d\u00edky kter\u00fdm se Mediaboard z\u00a0n\u00e1stroje na monitoring m\u00e9di\u00ed stal nejkomplexn\u011bj\u0161\u00ed media inteligence platformou na \u010desk\u00e9m trhu. Z\u00e1rove\u0148 spolu se sv\u00fdm t\u00fdmem pro\u0161el i rebrandingem spole\u010dnosti spojen\u00fdm s expanz\u00ed do zahrani\u010d\u00ed.<\/p>\n<p>P\u0159ed sv\u00fdm p\u016fsoben\u00edm v\u00a0Mediaboardu sb\u00edral zku\u0161enosti tak\u00e9 jako key account mana\u017eer a projektov\u00fd mana\u017eer ve spole\u010dnosti \u010cesk\u00e1 cesta, kter\u00e1 se zab\u00fdv\u00e1 osobnostn\u00edm rozvojem a firemn\u00edm vzd\u011bl\u00e1v\u00e1n\u00edm. Mediaboard je nejv\u011bt\u0161\u00ed tuzemsk\u00e1 firma zam\u011b\u0159uj\u00edc\u00ed se na monitoring m\u00e9di\u00ed a komplexn\u00ed media inteligence slu\u017eby.<\/p>\n<p><strong>Zdroj: Mediaboard<\/strong><\/p>\n","protected":false},"excerpt":{"rendered":"<p>Zden\u011bk Jodas (41) se stal nov\u00fdm obchodn\u00edm \u0159editelem pro \u010desk\u00fd trh ve spole\u010dnosti Mediaboard, kter\u00e1&#8230;<\/p>\n","protected":false},"author":1,"featured_media":12514,"comment_status":"closed","ping_status":"closed","sticky":false,"template":"","format":"standard","meta":{"footnotes":""},"categories":[6,5],"tags":[],"class_list":["post-12528","post","type-post","status-publish","format-standard","has-post-thumbnail","hentry","category-management","category-personalie"],"_links":{"self":[{"href":"https:\/\/www.automakers.cz\/index.php?rest_route=\/wp\/v2\/posts\/12528","targetHints":{"allow":["GET"]}}],"collection":[{"href":"https:\/\/www.automakers.cz\/index.php?rest_route=\/wp\/v2\/posts"}],"about":[{"href":"https:\/\/www.automakers.cz\/index.php?rest_route=\/wp\/v2\/types\/post"}],"author":[{"embeddable":true,"href":"https:\/\/www.automakers.cz\/index.php?rest_route=\/wp\/v2\/users\/1"}],"replies":[{"embeddable":true,"href":"https:\/\/www.automakers.cz\/index.php?rest_route=%2Fwp%2Fv2%2Fcomments&post=12528"}],"version-history":[{"count":1,"href":"https:\/\/www.automakers.cz\/index.php?rest_route=\/wp\/v2\/posts\/12528\/revisions"}],"predecessor-version":[{"id":12529,"href":"https:\/\/www.automakers.cz\/index.php?rest_route=\/wp\/v2\/posts\/12528\/revisions\/12529"}],"wp:featuredmedia":[{"embeddable":true,"href":"https:\/\/www.automakers.cz\/index.php?rest_route=\/wp\/v2\/media\/12514"}],"wp:attachment":[{"href":"https:\/\/www.automakers.cz\/index.php?rest_route=%2Fwp%2Fv2%2Fmedia&parent=12528"}],"wp:term":[{"taxonomy":"category","embeddable":true,"href":"https:\/\/www.automakers.cz\/index.php?rest_route=%2Fwp%2Fv2%2Fcategories&post=12528"},{"taxonomy":"post_tag","embeddable":true,"href":"https:\/\/www.automakers.cz\/index.php?rest_route=%2Fwp%2Fv2%2Ftags&post=12528"}],"curies":[{"name":"wp","href":"https:\/\/api.w.org\/{rel}","templated":true}]}}