{"id":12557,"date":"2025-04-17T09:43:29","date_gmt":"2025-04-17T09:43:29","guid":{"rendered":"https:\/\/www.automakers.cz\/?p=12557"},"modified":"2025-04-17T09:43:29","modified_gmt":"2025-04-17T09:43:29","slug":"kia-ev3-svetovym-autem-roku-2025","status":"publish","type":"post","link":"https:\/\/www.automakers.cz\/?p=12557","title":{"rendered":"Kia EV3 sv\u011btov\u00fdm autem roku 2025"},"content":{"rendered":"<div class=\"perex\">\n<p><strong>Kia EV3 byla vyhl\u00e1\u0161ena absolutn\u00edm v\u00edt\u011bzem sout\u011b\u017ee 2025 World Car Awards (Sv\u011btov\u00e9 auto roku 2025). Vyhl\u00e1\u0161en\u00ed slavnostn\u00edho ceremoni\u00e1lu World Car Awards se uskute\u010dnilo na mezin\u00e1rodn\u00edm autosalonu 2025 v New Yorku.<\/strong><\/p>\n<p>Ocen\u011bn\u00ed hodnotila porota slo\u017een\u00e1 z 96 vysoce uzn\u00e1van\u00fdch mezin\u00e1rodn\u00edch automobilov\u00fdch novin\u00e1\u0159\u016f z 30 zem\u00ed. V\u00edt\u011bzstv\u00ed modelu EV3 zvy\u0161uje celkov\u00fd po\u010det v\u00edt\u011bzstv\u00ed zna\u010dky Kia v sout\u011b\u017ei World Car Awards na \u0161est od roku 2020.<\/p>\n<\/div>\n<p><!--more--><\/p>\n<div class=\"text\">\n<p>\u201ePro v\u0161echny ve spole\u010dnosti Kia je nesm\u00edrnou ct\u00ed, \u017ee model EV3 z\u00edskal titul Sv\u011btov\u00e9 auto roku 2025. Toto ocen\u011bn\u00ed vyzdvihuje celosv\u011btov\u00e9 prvenstv\u00ed zna\u010dky Kia v poskytov\u00e1n\u00ed designov\u011b vysp\u011bl\u00fdch a technologicky udr\u017eiteln\u00fdch \u0159e\u0161en\u00ed mobility a to, jak v\u016fz EV3 d\u00edky sv\u00fdm \u0161pi\u010dkov\u00fdm vlastnostem ve sv\u00e9 t\u0159\u00edd\u011b nov\u011b definuje u\u017eivatelsk\u00fd z\u00e1\u017eitek pro z\u00e1kazn\u00edky po cel\u00e9m sv\u011bt\u011b,&#8220; \u0159ekl Ho Sung Song, prezident a CEO spole\u010dnosti Kia.<\/p>\n<p>Bezemisn\u00ed model EV3 p\u0159in\u00e1\u0161\u00ed \u0161pi\u010dkov\u00e9 inovace vlajkov\u00e9 lodi Kia EV9 \u0161ir\u0161\u00edmu publiku ne\u017e kdykoli p\u0159edt\u00edm a stanovuje nov\u00e1 m\u011b\u0159\u00edtka v segmentu kompaktn\u00edch elektromobil\u016f. EV3 se m\u016f\u017ee pochlubit odv\u00e1\u017en\u00fdm, progresivn\u00edm exteri\u00e9rem a inovativn\u00edm, praktick\u00fdm interi\u00e9rem, kter\u00fd maximalizuje prostor, funk\u010dnost a pohodl\u00ed.<\/p>\n<p>EV3 m\u00e1 ve sv\u00e9m segmentu nejlep\u0161\u00ed dojezd a\u017e 605 km a dok\u00e1\u017ee se dob\u00edt z 10-80 % za 31 minut*, co\u017e p\u0159in\u00e1\u0161\u00ed p\u016fsobivou vyu\u017eitelnost. Inovativn\u00ed design interi\u00e9ru vozu optimalizuje prostor, pohodl\u00ed a p\u0159\u00edstupnost, zat\u00edmco asistent um\u011bl\u00e9 inteligence Kia, pokro\u010dil\u00e9 asisten\u010dn\u00ed syst\u00e9my \u0159idi\u010de (ADAS) a aktualizace OTA (Over-the-Air) zvy\u0161uj\u00ed z\u00e1\u017eitek z vlastnictv\u00ed vozu d\u00edky nejmodern\u011bj\u0161\u00edm technologi\u00edm.<\/p>\n<p><strong>P\u0159edchoz\u00ed tituly World Car Awards, kter\u00e9 z\u00edskala Kia:<\/strong><\/p>\n<p>&#8211; Kia EV9 &#8211; 2024 World Car of the Year<\/p>\n<p>&#8211; Kia EV9 &#8211; 2024 World Electric Vehicle<\/p>\n<p>&#8211; Kia EV6 GT &#8211; 2023 World Performance Car<\/p>\n<p>&#8211; Kia Telluride &#8211; 2020 World Car of the Year<\/p>\n<p>&#8211; Kia Soul EV &#8211; 2020 World Urban Car<\/p>\n<p><strong>Zdroj: Kia Express<\/strong><\/p>\n<\/div>\n","protected":false},"excerpt":{"rendered":"<p>Kia EV3 byla vyhl\u00e1\u0161ena absolutn\u00edm v\u00edt\u011bzem sout\u011b\u017ee 2025 World Car Awards (Sv\u011btov\u00e9 auto roku 2025)&#8230;.<\/p>\n","protected":false},"author":1,"featured_media":12559,"comment_status":"closed","ping_status":"closed","sticky":false,"template":"","format":"standard","meta":{"footnotes":""},"categories":[32,9,8],"tags":[],"class_list":["post-12557","post","type-post","status-publish","format-standard","has-post-thumbnail","hentry","category-ankety","category-elektromobily","category-vystavy"],"_links":{"self":[{"href":"https:\/\/www.automakers.cz\/index.php?rest_route=\/wp\/v2\/posts\/12557","targetHints":{"allow":["GET"]}}],"collection":[{"href":"https:\/\/www.automakers.cz\/index.php?rest_route=\/wp\/v2\/posts"}],"about":[{"href":"https:\/\/www.automakers.cz\/index.php?rest_route=\/wp\/v2\/types\/post"}],"author":[{"embeddable":true,"href":"https:\/\/www.automakers.cz\/index.php?rest_route=\/wp\/v2\/users\/1"}],"replies":[{"embeddable":true,"href":"https:\/\/www.automakers.cz\/index.php?rest_route=%2Fwp%2Fv2%2Fcomments&post=12557"}],"version-history":[{"count":2,"href":"https:\/\/www.automakers.cz\/index.php?rest_route=\/wp\/v2\/posts\/12557\/revisions"}],"predecessor-version":[{"id":12560,"href":"https:\/\/www.automakers.cz\/index.php?rest_route=\/wp\/v2\/posts\/12557\/revisions\/12560"}],"wp:featuredmedia":[{"embeddable":true,"href":"https:\/\/www.automakers.cz\/index.php?rest_route=\/wp\/v2\/media\/12559"}],"wp:attachment":[{"href":"https:\/\/www.automakers.cz\/index.php?rest_route=%2Fwp%2Fv2%2Fmedia&parent=12557"}],"wp:term":[{"taxonomy":"category","embeddable":true,"href":"https:\/\/www.automakers.cz\/index.php?rest_route=%2Fwp%2Fv2%2Fcategories&post=12557"},{"taxonomy":"post_tag","embeddable":true,"href":"https:\/\/www.automakers.cz\/index.php?rest_route=%2Fwp%2Fv2%2Ftags&post=12557"}],"curies":[{"name":"wp","href":"https:\/\/api.w.org\/{rel}","templated":true}]}}