{"id":12591,"date":"2025-04-21T20:16:07","date_gmt":"2025-04-21T20:16:07","guid":{"rendered":"https:\/\/www.automakers.cz\/?p=12591"},"modified":"2025-04-21T20:16:07","modified_gmt":"2025-04-21T20:16:07","slug":"nosovicky-hyundai-spousti-dalsi-granty","status":"publish","type":"post","link":"https:\/\/www.automakers.cz\/?p=12591","title":{"rendered":"No\u0161ovick\u00fd Hyundai spou\u0161t\u00ed dal\u0161\u00ed granty"},"content":{"rendered":"<p><strong>Hyundai Motor Manufacturing Czech (HMMC) spou\u0161t\u00ed nov\u00e9 kolo grantov\u00e9ho programu Spole\u010dn\u011b pro elektromobilitu, jeho\u017e c\u00edlem je podpora a rozvoj elektromobility v Moravskoslezsk\u00e9m kraji.<\/strong><!--more--><\/p>\n<p>Od 15. dubna do 15. kv\u011btna 2025 mohou o bezplatn\u00e9 zap\u016fj\u010den\u00ed vozu Hyundai Kona Electric na 6 nebo 12 m\u011bs\u00edc\u016f \u017e\u00e1dat nejen obce a m\u011bsta, ale tak\u00e9 \u0161irok\u00e9 spektrum organizac\u00ed a instituc\u00ed p\u016fsob\u00edc\u00edch v regionu.<\/p>\n<p>\u201eChceme \u00fasp\u011b\u0161n\u00fdm \u017eadatel\u016fm nab\u00eddnout mo\u017enost vyzkou\u0161et si elektromobil v b\u011b\u017en\u00e9m provozu a p\u0159ibl\u00ed\u017eit jim v\u00fdhody bezemisn\u00ed dopravy. Zku\u0161enost s elektromobilem m\u016f\u017ee b\u00fdt inspirac\u00ed pro dal\u0161\u00ed kroky sm\u011brem k budouc\u00ed mobilit\u011b v regionu,\u201c \u0159\u00edk\u00e1 Barbora Hermanov\u00e1, vedouc\u00ed odd\u011blen\u00ed vn\u011bj\u0161\u00edch vztah\u016f no\u0161ovick\u00e9 automobilky.<\/p>\n<p><strong>Kdo m\u016f\u017ee\u00a0\u017e\u00e1dat?<\/strong><\/p>\n<p>\u00b7 obce, m\u011bsta, dobrovoln\u00e9 svazky obc\u00ed,<\/p>\n<p>\u00b7 region\u00e1ln\u00ed spolky, nadace, nada\u010dn\u00ed fondy, \u00fastavy a obecn\u011b prosp\u011b\u0161n\u00e9 spole\u010dnosti,<\/p>\n<p>\u00b7 c\u00edrkevn\u00ed pr\u00e1vnick\u00e9 osoby, \u0161koly, p\u0159\u00edsp\u011bvkov\u00e9 organizace,<\/p>\n<p>\u00b7 organiza\u010dn\u00ed slo\u017eky st\u00e1tu, st\u00e1tn\u00ed nebo n\u00e1rodn\u00ed podniky p\u016fsob\u00edc\u00ed v oblasti \u017eivotn\u00edho prost\u0159ed\u00ed, zdravotnictv\u00ed, vzd\u011bl\u00e1v\u00e1n\u00ed, v\u00fdzkumu, v\u00fdvoje nebo kultury.<\/p>\n<p>Podm\u00ednkou \u00fa\u010dasti je, \u017ee \u017eadatel m\u00e1 s\u00eddlo nebo p\u016fsob\u00ed v Moravskoslezsk\u00e9m kraji.<\/p>\n<p><strong>Kompletn\u00ed informace v\u010detn\u011b podm\u00ednek programu a formul\u00e1\u0159e pro pod\u00e1n\u00ed \u017e\u00e1dosti jsou k dispozici na webov\u00fdch str\u00e1nk\u00e1ch HMMC:\u00a0<\/strong><a href=\"https:\/\/hyundai-motor.cz\/o-spolecnosti\/grantove-programy\/\">https:\/\/hyundai-motor.cz\/o-spolecnosti\/grantove-programy\/<\/a><\/p>\n<p>V sou\u010dasnosti jsou vozy Hyundai Kona Electric zap\u016fj\u010deny Nada\u010dn\u00edmu fondu Pavla Novotn\u00e9ho, organizaci \u0160ance podan\u00e1 ruka, m\u011bstu Fr\u00fddlant nad Ostravic\u00ed a Diec\u00e9zn\u00ed charit\u011b ostravsko-opavsk\u00e9.<\/p>\n","protected":false},"excerpt":{"rendered":"<p>Hyundai Motor Manufacturing Czech (HMMC) spou\u0161t\u00ed nov\u00e9 kolo grantov\u00e9ho programu Spole\u010dn\u011b pro elektromobilitu, jeho\u017e c\u00edlem&#8230;<\/p>\n","protected":false},"author":2,"featured_media":12592,"comment_status":"closed","ping_status":"closed","sticky":false,"template":"","format":"standard","meta":{"footnotes":""},"categories":[9,85],"tags":[],"class_list":["post-12591","post","type-post","status-publish","format-standard","has-post-thumbnail","hentry","category-elektromobily","category-vybava"],"_links":{"self":[{"href":"https:\/\/www.automakers.cz\/index.php?rest_route=\/wp\/v2\/posts\/12591","targetHints":{"allow":["GET"]}}],"collection":[{"href":"https:\/\/www.automakers.cz\/index.php?rest_route=\/wp\/v2\/posts"}],"about":[{"href":"https:\/\/www.automakers.cz\/index.php?rest_route=\/wp\/v2\/types\/post"}],"author":[{"embeddable":true,"href":"https:\/\/www.automakers.cz\/index.php?rest_route=\/wp\/v2\/users\/2"}],"replies":[{"embeddable":true,"href":"https:\/\/www.automakers.cz\/index.php?rest_route=%2Fwp%2Fv2%2Fcomments&post=12591"}],"version-history":[{"count":2,"href":"https:\/\/www.automakers.cz\/index.php?rest_route=\/wp\/v2\/posts\/12591\/revisions"}],"predecessor-version":[{"id":12611,"href":"https:\/\/www.automakers.cz\/index.php?rest_route=\/wp\/v2\/posts\/12591\/revisions\/12611"}],"wp:featuredmedia":[{"embeddable":true,"href":"https:\/\/www.automakers.cz\/index.php?rest_route=\/wp\/v2\/media\/12592"}],"wp:attachment":[{"href":"https:\/\/www.automakers.cz\/index.php?rest_route=%2Fwp%2Fv2%2Fmedia&parent=12591"}],"wp:term":[{"taxonomy":"category","embeddable":true,"href":"https:\/\/www.automakers.cz\/index.php?rest_route=%2Fwp%2Fv2%2Fcategories&post=12591"},{"taxonomy":"post_tag","embeddable":true,"href":"https:\/\/www.automakers.cz\/index.php?rest_route=%2Fwp%2Fv2%2Ftags&post=12591"}],"curies":[{"name":"wp","href":"https:\/\/api.w.org\/{rel}","templated":true}]}}