{"id":12599,"date":"2025-04-21T19:56:51","date_gmt":"2025-04-21T19:56:51","guid":{"rendered":"https:\/\/www.automakers.cz\/?p=12599"},"modified":"2025-04-21T19:56:51","modified_gmt":"2025-04-21T19:56:51","slug":"skoda-elroq-rs-ma-cesky-cenik","status":"publish","type":"post","link":"https:\/\/www.automakers.cz\/?p=12599","title":{"rendered":"\u0160koda Elroq RS m\u00e1 \u010desk\u00fd cen\u00edk"},"content":{"rendered":"<p><strong>Kr\u00e1tce po v\u00fdstavn\u00ed sv\u011btov\u00e9 premi\u00e9\u0159e na festivalu Milan Design Week 2025 p\u0159ich\u00e1z\u00ed \u0160koda Elroq RS na \u010desk\u00fd trh. Z\u00e1jemci si ji mohou objednat u kter\u00e9hokoliv autorizovan\u00e9ho obchodn\u00edka a k dispozici maj\u00ed u\u017e i konfigur\u00e1tor. Doporu\u010den\u00e1 prodejn\u00ed cena pro \u010desk\u00fd trh za\u010d\u00edn\u00e1 na \u010d\u00e1stce 1 269 000 K\u010d v\u010detn\u011b DPH.<\/strong><br \/>\n<!--more--><\/p>\n<p><strong>Dvojice elektromotor\u016f pro pohon v\u0161ech kol<\/strong><\/p>\n<p>Elektromotory um\u00edst\u011bn\u00e9 na p\u0159edn\u00ed i zadn\u00ed n\u00e1prav\u011b disponuj\u00ed celkov\u00fdm syst\u00e9mov\u00fdm v\u00fdkonem 250 kW. V\u016fz s pohonem v\u0161ech kol zrychluje z 0 na 100 km\/h za 5,4 s a jde tak o nejl\u00e9pe akceleruj\u00edc\u00ed s\u00e9riov\u00fd model zna\u010dky \u0160koda. Vysokonap\u011b\u0165ov\u00e1 baterie s vyu\u017eitelnou kapacitou 79 kWh zaji\u0161\u0165uje elektrick\u00fd dojezd v\u00edce ne\u017e 540 km v re\u017eimu WLTP.<\/p>\n<p>Nab\u00edjec\u00ed v\u00fdkon a\u017e 185 kW umo\u017en\u00ed dobit\u00ed baterie stejnosm\u011brn\u00fdm proudem z 10 % na 80 % kapacity za p\u0159ibli\u017en\u011b 26 minut. \u0160koda Elroq RS je standardn\u011b vybavena adaptivn\u00edm sportovn\u00edm podvozkem DCC sn\u00ed\u017een\u00fdm o 15 mm. Jeho specifick\u00e9 nalad\u011bn\u00ed podtrhuje i nov\u00e9 nastaven\u00ed progresivn\u00edho \u0159\u00edzen\u00ed. Volba j\u00edzdn\u00edho re\u017eimu nab\u00edz\u00ed tak\u00e9 speci\u00e1ln\u00ed m\u00f3d Traction p\u0159izp\u016fsoben pohonu v\u0161ech kol.<\/p>\n<p><strong>Design<\/strong><\/p>\n<p>Prosv\u011btlen\u00e1 p\u0159edn\u00ed maska Tech-Deck Face je sou\u010d\u00e1st\u00ed standardn\u00ed v\u00fdbavy stejn\u011b jako p\u0159edn\u00ed sv\u011btlomety Matrix-LED a zadn\u00ed sv\u011btla Top LED s animovan\u00fdmi ukazateli sm\u011bru, jejich\u017e sou\u010d\u00e1st\u00ed je sv\u011bteln\u00fd uv\u00edtac\u00ed efekt. Ke sportovn\u00edmu vzhledu p\u0159isp\u00edvaj\u00ed \u010dern\u011b lakovan\u00e9 dopl\u0148ky karoserie, jako jsou li\u0161ty kolem bo\u010dn\u00edch oken, st\u0159e\u0161n\u00ed li\u017einy, n\u00e1pisy \u0160koda i kryty vn\u011bj\u0161\u00edch zp\u011btn\u00fdch zrc\u00e1tek.<\/p>\n<p>Elroq RS se od ostatn\u00edch proveden\u00ed t\u00e9to modelov\u00e9 \u0159ady odli\u0161uje sportovn\u011bji vyhl\u00ed\u017eej\u00edc\u00edm p\u0159edn\u00edm i zadn\u00edm n\u00e1razn\u00edkem, p\u0159edn\u00ed blatn\u00edky zdob\u00ed plaketka s logem RS. V\u00fdrazn\u00e9 optick\u00e9 odli\u0161en\u00ed zaji\u0161\u0165uj\u00ed rovn\u011b\u017e 20palcov\u00e1 \u010dern\u00e1 le\u0161t\u011bn\u00e1 kola Taurus nebo 21palcov\u00e1 kola Vision. V\u00fdbava vych\u00e1z\u00ed ze stupn\u011b Sportline, ale byla obohacena nap\u0159\u00edklad o panoramatick\u00fd kamerov\u00fd syst\u00e9m, t\u0159\u00edz\u00f3novou samo\u010dinnou klimatizaci Climatronic, head-up displej s roz\u0161\u00ed\u0159enou realitou, elektrick\u00e9 sedadlo \u0159idi\u010de s pam\u011bt\u00ed a mas\u00e1\u017e\u00ed nebo paket se s\u00ed\u0165ov\u00fdm programem.<\/p>\n<p><strong>Interi\u00e9r <\/strong><\/p>\n<p>Interi\u00e9r RS Lounge je \u010daloun\u011bn mikrovl\u00e1knem Suedia s limetkov\u011b zelen\u00fdm kontrastn\u00edm pro\u0161\u00edv\u00e1n\u00edm a oblo\u017een\u00edm v imitaci karbonu. Pouze Elroq RS m\u016f\u017ee m\u00edt na p\u0159\u00e1n\u00ed karoserii v zelen\u00e9 barv\u011b Mamba. Standardn\u00ed v\u00fdbavu lze d\u00e1le roz\u0161\u00ed\u0159it nap\u0159\u00edklad o paket Maxx, jeho\u017e sou\u010d\u00e1st\u00ed je nap\u0159\u00edklad ulo\u017een\u00fd parkovac\u00ed man\u00e9vr a parkov\u00e1n\u00edm na d\u00e1lku. Model Elroq nab\u00edz\u00ed cestuj\u00edc\u00edm vysokou \u00farove\u0148 pasivn\u00ed a aktivn\u00ed bezpe\u010dnosti.<\/p>\n<p>V\u016fz je vybaven a\u017e dev\u00edti airbagy a vysp\u011bl\u00fdmi asisten\u010dn\u00edmi syst\u00e9my. Komplexn\u00ed syst\u00e9m asistovan\u00e9 j\u00edzdy nyn\u00ed ve v\u011bt\u0161\u00ed m\u00ed\u0159e vyu\u017e\u00edv\u00e1 kolektivn\u00ed online data z\u00edskan\u00e1 z vozidel koncernu Volkswagen pro je\u0161t\u011b vysp\u011blej\u0161\u00ed podporu p\u0159i \u0159\u00edzen\u00ed. D\u00edky mo\u017enostem automatick\u00e9ho parkov\u00e1n\u00ed mohou majitel\u00e9 ovl\u00e1dat parkov\u00e1n\u00ed i zven\u010d\u00ed vozidla. Stejn\u011b jako u v\u0161ech ostatn\u00edch proveden\u00ed \u0159ady Elroq si z\u00e1kazn\u00edci i k modelu RS mohou objednat i n\u011bkterou z variant prodlou\u017een\u00e9 z\u00e1ruky a p\u0159edplacen\u00e9ho servisu.<\/p>\n","protected":false},"excerpt":{"rendered":"<p>Kr\u00e1tce po v\u00fdstavn\u00ed sv\u011btov\u00e9 premi\u00e9\u0159e na festivalu Milan Design Week 2025 p\u0159ich\u00e1z\u00ed \u0160koda Elroq RS&#8230;<\/p>\n","protected":false},"author":2,"featured_media":12602,"comment_status":"closed","ping_status":"closed","sticky":false,"template":"","format":"standard","meta":{"footnotes":""},"categories":[37,9],"tags":[],"class_list":["post-12599","post","type-post","status-publish","format-standard","has-post-thumbnail","hentry","category-ceny-novinek","category-elektromobily"],"_links":{"self":[{"href":"https:\/\/www.automakers.cz\/index.php?rest_route=\/wp\/v2\/posts\/12599","targetHints":{"allow":["GET"]}}],"collection":[{"href":"https:\/\/www.automakers.cz\/index.php?rest_route=\/wp\/v2\/posts"}],"about":[{"href":"https:\/\/www.automakers.cz\/index.php?rest_route=\/wp\/v2\/types\/post"}],"author":[{"embeddable":true,"href":"https:\/\/www.automakers.cz\/index.php?rest_route=\/wp\/v2\/users\/2"}],"replies":[{"embeddable":true,"href":"https:\/\/www.automakers.cz\/index.php?rest_route=%2Fwp%2Fv2%2Fcomments&post=12599"}],"version-history":[{"count":4,"href":"https:\/\/www.automakers.cz\/index.php?rest_route=\/wp\/v2\/posts\/12599\/revisions"}],"predecessor-version":[{"id":12607,"href":"https:\/\/www.automakers.cz\/index.php?rest_route=\/wp\/v2\/posts\/12599\/revisions\/12607"}],"wp:featuredmedia":[{"embeddable":true,"href":"https:\/\/www.automakers.cz\/index.php?rest_route=\/wp\/v2\/media\/12602"}],"wp:attachment":[{"href":"https:\/\/www.automakers.cz\/index.php?rest_route=%2Fwp%2Fv2%2Fmedia&parent=12599"}],"wp:term":[{"taxonomy":"category","embeddable":true,"href":"https:\/\/www.automakers.cz\/index.php?rest_route=%2Fwp%2Fv2%2Fcategories&post=12599"},{"taxonomy":"post_tag","embeddable":true,"href":"https:\/\/www.automakers.cz\/index.php?rest_route=%2Fwp%2Fv2%2Ftags&post=12599"}],"curies":[{"name":"wp","href":"https:\/\/api.w.org\/{rel}","templated":true}]}}