{"id":12613,"date":"2025-04-22T06:48:50","date_gmt":"2025-04-22T06:48:50","guid":{"rendered":"https:\/\/www.automakers.cz\/?p=12613"},"modified":"2025-04-22T06:48:50","modified_gmt":"2025-04-22T06:48:50","slug":"legendy-chystaji-pavilon-vozu-alfa-romeo","status":"publish","type":"post","link":"https:\/\/www.automakers.cz\/?p=12613","title":{"rendered":"Legendy chystaj\u00ed pavilon voz\u016f Alfa Romeo"},"content":{"rendered":"<div><strong>Automobilov\u00e1 slavnost LEGENDY 2025 odstartuje 30. kv\u011btna na V\u00fdstavi\u0161ti Praha Hole\u0161ovice. Promot\u00e9r v\u00fdstavy Lubor\u00a0<em>Kos<\/em> o\u010dek\u00e1v\u00e1 a\u017e 50 000 n\u00e1v\u0161t\u011bvn\u00edk\u016f. Jedn\u00edm z tah\u00e1k\u016f bude pavilon voz\u016f Alfa Romeo, na jeho\u017e p\u0159\u00edprav\u011b se pod\u00edl\u00ed i motoristi\u010dt\u00ed novin\u00e1\u0159i.<\/strong><\/div>\n<p><!--more--><\/p>\n<div>K vid\u011bn\u00ed bude a\u017e 13 voz\u016f ze soukrom\u00fdch sb\u00edrek, od historick\u00fdch rarit (<strong>Alfa Romeo 6C 2500 Super Sport Touring Superleggera<\/strong>, It\u00e1lie 1946) a\u017e po exkluzivn\u00ed GTAm. Nasv\u00edcen\u00e9, s popiskami a v zrekonstruovan\u00fdch K\u0159i\u017e\u00edkov\u00fdch pavilonech na V\u00fdstavi\u0161ti Praha.<\/div>\n<p>Na realizaci Pavilonu Alfa Romeo se pod\u00edl\u00ed: Franti\u0161ek Vahala, Ond\u0159ej Kroutil, Jakub Nov\u00e1k &#8211; Shelby\u015b Garage, Pavel Sovi\u010dka a Blue Garage a dal\u0161\u00ed velkorys\u00ed majitel\u00e9. Uvid\u00edte i Alfu Romeo GT 2000 Veloce, kterou vlastnil Karel Gott.<\/p>\n<p><strong>Dal\u0161\u00ed highlighty Slavnosti LEGENDY 2025:<\/strong><\/p>\n<p>\u2705\u00a0 Pavilon Lamborghini &#8211; 13 unik\u00e1t\u016f<\/p>\n<p>\u2705\u00a0 Pavilon Ferrari &#8211; p\u0159ehl\u00eddka n\u00e1dhern\u00fdch voz\u016f (p\u0159ev\u00e1\u017en\u011b \u010derven\u00fdch)<\/p>\n<p>\u2705 \u00a0Pavilon Radosti &#8211; ABT, Audi, Honda, Mad Guys a dal\u0161\u00ed prodejci a vystavovatel\u00e9<\/p>\n<p>\u2705 \u00a0Oslava 130 let \u0160koda &#8211; historici, z\u00e1vo\u010f\u00e1ky, novinky a ned\u011bln\u00ed d\u011btsk\u00fd den<\/p>\n<p>\u2705 \u00a0Mercedes-Benz expozice pln\u00e1 novinek i legend<\/p>\n<p>\u2705 \u00a0Subaru &#8211; japonsk\u00e1 legenda 4&#215;4<\/p>\n<p>\u2705 \u00a0Mnoho klub\u016f, z\u00f3n, hodn\u011b ob\u010derstven\u00ed, je\u017ed\u011bn\u00ed<\/p>\n<p><strong>Zdroj: Legendy<\/strong><\/p>\n<figure id=\"attachment_12306\" aria-describedby=\"caption-attachment-12306\" style=\"width: 900px\" class=\"wp-caption alignnone\"><img loading=\"lazy\" decoding=\"async\" class=\"size-medium wp-image-12306\" src=\"http:\/\/www.automakers.cz\/wp-content\/uploads\/2025\/04\/LEGENDY-2024-Pavilon-Anglicka-Noblesa-63-900x600.jpg\" alt=\"\" width=\"900\" height=\"600\" srcset=\"https:\/\/www.automakers.cz\/wp-content\/uploads\/2025\/04\/LEGENDY-2024-Pavilon-Anglicka-Noblesa-63-900x600.jpg 900w, https:\/\/www.automakers.cz\/wp-content\/uploads\/2025\/04\/LEGENDY-2024-Pavilon-Anglicka-Noblesa-63-1024x683.jpg 1024w, https:\/\/www.automakers.cz\/wp-content\/uploads\/2025\/04\/LEGENDY-2024-Pavilon-Anglicka-Noblesa-63-768x512.jpg 768w, https:\/\/www.automakers.cz\/wp-content\/uploads\/2025\/04\/LEGENDY-2024-Pavilon-Anglicka-Noblesa-63-1536x1024.jpg 1536w, https:\/\/www.automakers.cz\/wp-content\/uploads\/2025\/04\/LEGENDY-2024-Pavilon-Anglicka-Noblesa-63.jpg 2048w\" sizes=\"auto, (max-width: 900px) 100vw, 900px\" \/><figcaption id=\"caption-attachment-12306\" class=\"wp-caption-text\">FOTO: LEGENDY 2024 &#8211; Pavilon Anglicka Noblesa<\/figcaption><\/figure>\n","protected":false},"excerpt":{"rendered":"<p>Automobilov\u00e1 slavnost LEGENDY 2025 odstartuje 30. kv\u011btna na V\u00fdstavi\u0161ti Praha Hole\u0161ovice. Promot\u00e9r v\u00fdstavy Lubor\u00a0Kos o\u010dek\u00e1v\u00e1&#8230;<\/p>\n","protected":false},"author":1,"featured_media":12615,"comment_status":"closed","ping_status":"closed","sticky":false,"template":"","format":"standard","meta":{"footnotes":""},"categories":[31,27,34,8],"tags":[],"class_list":["post-12613","post","type-post","status-publish","format-standard","has-post-thumbnail","hentry","category-news","category-novinari","category-veterani","category-vystavy"],"_links":{"self":[{"href":"https:\/\/www.automakers.cz\/index.php?rest_route=\/wp\/v2\/posts\/12613","targetHints":{"allow":["GET"]}}],"collection":[{"href":"https:\/\/www.automakers.cz\/index.php?rest_route=\/wp\/v2\/posts"}],"about":[{"href":"https:\/\/www.automakers.cz\/index.php?rest_route=\/wp\/v2\/types\/post"}],"author":[{"embeddable":true,"href":"https:\/\/www.automakers.cz\/index.php?rest_route=\/wp\/v2\/users\/1"}],"replies":[{"embeddable":true,"href":"https:\/\/www.automakers.cz\/index.php?rest_route=%2Fwp%2Fv2%2Fcomments&post=12613"}],"version-history":[{"count":3,"href":"https:\/\/www.automakers.cz\/index.php?rest_route=\/wp\/v2\/posts\/12613\/revisions"}],"predecessor-version":[{"id":12617,"href":"https:\/\/www.automakers.cz\/index.php?rest_route=\/wp\/v2\/posts\/12613\/revisions\/12617"}],"wp:featuredmedia":[{"embeddable":true,"href":"https:\/\/www.automakers.cz\/index.php?rest_route=\/wp\/v2\/media\/12615"}],"wp:attachment":[{"href":"https:\/\/www.automakers.cz\/index.php?rest_route=%2Fwp%2Fv2%2Fmedia&parent=12613"}],"wp:term":[{"taxonomy":"category","embeddable":true,"href":"https:\/\/www.automakers.cz\/index.php?rest_route=%2Fwp%2Fv2%2Fcategories&post=12613"},{"taxonomy":"post_tag","embeddable":true,"href":"https:\/\/www.automakers.cz\/index.php?rest_route=%2Fwp%2Fv2%2Ftags&post=12613"}],"curies":[{"name":"wp","href":"https:\/\/api.w.org\/{rel}","templated":true}]}}