{"id":12626,"date":"2025-04-22T20:40:27","date_gmt":"2025-04-22T20:40:27","guid":{"rendered":"https:\/\/www.automakers.cz\/?p=12626"},"modified":"2025-04-22T20:40:27","modified_gmt":"2025-04-22T20:40:27","slug":"inster-je-svetovy-elektromobil-roku-2025","status":"publish","type":"post","link":"https:\/\/www.automakers.cz\/?p=12626","title":{"rendered":"INSTER je Sv\u011btov\u00fd elektromobil roku 2025"},"content":{"rendered":"<p><strong>Hyundai INSTER z\u00edskal titul Sv\u011btov\u00fd elektromobil roku 2025 (2025 World Electric Vehicle). \u00dasp\u011bch byl ozn\u00e1men na slavnostn\u00edm vyhl\u00e1\u0161en\u00ed v\u00fdsledk\u016f glob\u00e1ln\u00ed ankety World Car Awards v pr\u016fb\u011bhu mezin\u00e1rodn\u00edho autosalonu v New Yorku.<\/strong><!--more--><\/p>\n<p>Modely zna\u010dky Hyundai se na prvn\u00edm m\u00edst\u011b v jedn\u00e9 nebo v\u00edce kategori\u00edch ankety World Car Awards um\u00edstily \u010dtvrt\u00fdm rokem v \u0159ad\u011b.<\/p>\n<p>\u201eU z\u00e1kazn\u00edk\u016f je Hyundai INSTER v\u00edt\u011bzem ji\u017e od okam\u017eiku, kdy jsme ho p\u0159edstavili. Velmi n\u00e1s t\u011b\u0161\u00ed, \u017ee stejn\u00fdm zp\u016fsobem vn\u00edmaj\u00ed model INSTER tak\u00e9 odborn\u00edci z poroty presti\u017en\u00ed ankety World Car Awards. Skute\u010dnost, \u017ee je na\u0161e glob\u00e1ln\u00ed portfolio \u00fasp\u011b\u0161n\u00e9 jak obchodn\u011b, tak v nez\u00e1visl\u00fdch hodnocen\u00edch, vypov\u00edd\u00e1 o skv\u011ble odv\u00e1d\u011bn\u00e9 pr\u00e1ci v cel\u00e9m v\u00fdvojov\u00e9m, zku\u0161ebn\u00edm i v\u00fdrobn\u00edm \u0159et\u011bzci. Zna\u010dka Hyundai dod\u00e1v\u00e1 z\u00e1kazn\u00edk\u016fm automobily, je\u017e pat\u0159\u00ed mezi nejlep\u0161\u00ed na sou\u010dasn\u00fdch silnic\u00edch. D\u011bkuji v\u0161em porotc\u016fm za jejich p\u0159\u00ednos tomuto skv\u011bl\u00e9mu pr\u016fmyslu,\u201c \u0159ekl Jos\u00e9 Mu\u00f1oz, prezident a gener\u00e1ln\u00ed \u0159editel spole\u010dnosti Hyundai Motor Company.<\/p>\n<p>Titul Sv\u011btov\u00fd elektromobil roku 2025 vyjad\u0159uje uzn\u00e1n\u00ed za pom\u011br mezi cenou a u\u017eitn\u00fdmi vlastnostmi, j\u00edm\u017e INSTER vynik\u00e1, a je ocen\u011bn\u00edm \u00fasil\u00ed zna\u010dky Hyundai o pokrok v elektromobilit\u011b. Kompaktn\u00ed v\u016fz je l\u00eddrem ve sv\u00e9m segmentu d\u00edky designu, dojezdu a\u017e 370 km a technice umo\u017e\u0148uj\u00edc\u00ed dobit\u00ed sady akumul\u00e1tor\u016f z 10 na 80 % za cca 30 minut.<\/p>\n<p>Zna\u010dka Hyundai m\u00e1 na sv\u00e9m kont\u011b ji\u017e \u0159adu v\u00edt\u011bzstv\u00ed v anket\u011b World Car Awards, kter\u00e1 dokl\u00e1daj\u00ed jej\u00ed postaven\u00ed automobilov\u00e9ho pr\u016fkopn\u00edka. Hyundai IONIQ 5 N se stal Sv\u011btov\u00fdm sportovn\u00edm vozem 2024 a modely IONIQ 6 a IONIQ 5 z\u00edskaly v letech 2023 a 2022 d\u00edky v\u00edt\u011bzstv\u00ed v n\u011bkolika kategori\u00edch sou\u010dasn\u011b dokonce \u201ehattrick\u201c.<\/p>\n<p>Mezin\u00e1rodn\u00ed porota 96 motoristick\u00fdch novin\u00e1\u0159\u016f ze 30 zem\u00ed zvolila finalisty v tajn\u00e9m hlasov\u00e1n\u00ed, v\u00edt\u011bzov\u00e9 byli ozn\u00e1meni na autosalonu NYIAS 2025. V\u00edce informac\u00ed o anket\u011b World Car Awards naleznete na str\u00e1nce <a href=\"https:\/\/www.worldcarawards.com\/web\/\">2025 World Car Awards<\/a><\/p>\n<p><img loading=\"lazy\" decoding=\"async\" class=\"alignnone size-medium wp-image-12628\" src=\"http:\/\/www.automakers.cz\/wp-content\/uploads\/2025\/04\/INSTER-World-Electric-Vehicle-1-small-900x480.jpg\" alt=\"\" width=\"900\" height=\"480\" srcset=\"https:\/\/www.automakers.cz\/wp-content\/uploads\/2025\/04\/INSTER-World-Electric-Vehicle-1-small-900x480.jpg 900w, https:\/\/www.automakers.cz\/wp-content\/uploads\/2025\/04\/INSTER-World-Electric-Vehicle-1-small-1024x546.jpg 1024w, https:\/\/www.automakers.cz\/wp-content\/uploads\/2025\/04\/INSTER-World-Electric-Vehicle-1-small-768x409.jpg 768w, https:\/\/www.automakers.cz\/wp-content\/uploads\/2025\/04\/INSTER-World-Electric-Vehicle-1-small-1536x818.jpg 1536w, https:\/\/www.automakers.cz\/wp-content\/uploads\/2025\/04\/INSTER-World-Electric-Vehicle-1-small.jpg 1920w\" sizes=\"auto, (max-width: 900px) 100vw, 900px\" \/><\/p>\n","protected":false},"excerpt":{"rendered":"<p>Hyundai INSTER z\u00edskal titul Sv\u011btov\u00fd elektromobil roku 2025 (2025 World Electric Vehicle). \u00dasp\u011bch byl ozn\u00e1men&#8230;<\/p>\n","protected":false},"author":2,"featured_media":12627,"comment_status":"closed","ping_status":"closed","sticky":false,"template":"","format":"standard","meta":{"footnotes":""},"categories":[32,9,8],"tags":[],"class_list":["post-12626","post","type-post","status-publish","format-standard","has-post-thumbnail","hentry","category-ankety","category-elektromobily","category-vystavy"],"_links":{"self":[{"href":"https:\/\/www.automakers.cz\/index.php?rest_route=\/wp\/v2\/posts\/12626","targetHints":{"allow":["GET"]}}],"collection":[{"href":"https:\/\/www.automakers.cz\/index.php?rest_route=\/wp\/v2\/posts"}],"about":[{"href":"https:\/\/www.automakers.cz\/index.php?rest_route=\/wp\/v2\/types\/post"}],"author":[{"embeddable":true,"href":"https:\/\/www.automakers.cz\/index.php?rest_route=\/wp\/v2\/users\/2"}],"replies":[{"embeddable":true,"href":"https:\/\/www.automakers.cz\/index.php?rest_route=%2Fwp%2Fv2%2Fcomments&post=12626"}],"version-history":[{"count":4,"href":"https:\/\/www.automakers.cz\/index.php?rest_route=\/wp\/v2\/posts\/12626\/revisions"}],"predecessor-version":[{"id":12636,"href":"https:\/\/www.automakers.cz\/index.php?rest_route=\/wp\/v2\/posts\/12626\/revisions\/12636"}],"wp:featuredmedia":[{"embeddable":true,"href":"https:\/\/www.automakers.cz\/index.php?rest_route=\/wp\/v2\/media\/12627"}],"wp:attachment":[{"href":"https:\/\/www.automakers.cz\/index.php?rest_route=%2Fwp%2Fv2%2Fmedia&parent=12626"}],"wp:term":[{"taxonomy":"category","embeddable":true,"href":"https:\/\/www.automakers.cz\/index.php?rest_route=%2Fwp%2Fv2%2Fcategories&post=12626"},{"taxonomy":"post_tag","embeddable":true,"href":"https:\/\/www.automakers.cz\/index.php?rest_route=%2Fwp%2Fv2%2Ftags&post=12626"}],"curies":[{"name":"wp","href":"https:\/\/api.w.org\/{rel}","templated":true}]}}