{"id":1263,"date":"2024-01-08T08:29:54","date_gmt":"2024-01-08T08:29:54","guid":{"rendered":"https:\/\/www.automakers.cz\/?p=1263"},"modified":"2024-01-08T08:46:56","modified_gmt":"2024-01-08T08:46:56","slug":"mercedes-se-posunul-se-na-rekordni-6-pricku","status":"publish","type":"post","link":"https:\/\/www.automakers.cz\/?p=1263","title":{"rendered":"Mercedes loni na rekordn\u00ed 6. p\u0159\u00ed\u010dce"},"content":{"rendered":"<div class=\"HeaderContainer-sc-10zscs5-0 eAVBSF\">\n<div class=\"HeaderContainerText-sc-181ifbk-0 dhoHat\">\n<p class=\"Perex-sc-1qbdpua-0 fGYCev\"><strong>Mercedes-Benz loni dodal na \u010desk\u00fd trh 8 642 osobn\u00edch aut (meziro\u010dn\u00ed n\u00e1r\u016fst 17,9 %) a znovu se tak stal s n\u00e1skokem jedni\u010dkou mezi pr\u00e9miov\u00fdmi zna\u010dkami. Z hlediska celkov\u00fdch prodej\u016f si tak\u00e9 polep\u0161il z osm\u00e9 na 6. p\u0159\u00ed\u010dku.<\/strong><\/p>\n<\/div>\n<div class=\"HeaderContainerImage-sc-1dpv51u-0 izjMXI\"><img alt=\"\" aria-hidden=\"true\" \/>Mercedes-Benz v roce 2023 v \u010cesk\u00e9 republice registroval rekordn\u00ed po\u010det 8 642 osobn\u00edch voz\u016f, to je o 17,9 % v\u00edce ne\u017e o rok d\u0159\u00edve<\/div>\n<\/div>\n<p><!--more--><\/p>\n<div class=\"BodyContainer-sc-2rfu1c-0 eAboOU\">\n<div class=\"BodyContainerContent-sc-19ju3fv-0 eaFkwA\">\n<div class=\"ContentContainer-sc-ooktgz-0\">\n<ul>\n<li>Jedn\u00e1 se o historick\u00fd miln\u00edk tak\u00e9 pod\u00edlem na trhu (3,9 %) a celkov\u011b 6. pozic\u00ed mezi v\u0161emi v\u00fdrobci<\/li>\n<li>Automobilka potvrdila svoji pozici \u010d\u00edslo 1 i mezi pr\u00e9miov\u00fdmi elektromobily, v\u00a0sou\u010dtu pln\u011b elektrick\u00fdch a\u00a0plug-in hybridn\u00edch model\u016f obsadil Mercedes-Benz s\u00a01 060 registracemi 4. p\u0159\u00ed\u010dku absolutn\u011b<\/li>\n<li>Vysok\u00fd z\u00e1jem o vrcholn\u00e9 modely s\u00a0prodejn\u00edm rekordem zna\u010dek Mercedes-AMG a Mercedes-Maybach<\/li>\n<\/ul>\n<p><i>\u201ePozice zna\u010dky Mercedes-Benz v \u010cesk\u00e9 republice je dlouhodob\u011b na \u0161pi\u010dkov\u00e9 \u00farovni, ov\u0161em leto\u0161n\u00ed v\u00fdsledek je mimo\u0159\u00e1dn\u00fd z\u00a0\u0159ady d\u016fvod\u016f,\u201c\u00a0<strong>\u0159\u00edk\u00e1 Alexander Henzler, gener\u00e1ln\u00ed \u0159editel Mercedes-Benz \u010cesk\u00e1 republika.<\/strong>\u00a0<\/i><\/p>\n<p><i>\u201ePoda\u0159ilo se n\u00e1m dos\u00e1hnout historicky nejvy\u0161\u0161\u00ed p\u0159\u00ed\u010dky v\u00a0absolutn\u00ed \u017eeb\u0159\u00ed\u010dku a d\u00e1le zv\u00fd\u0161it u\u017e tak vysok\u00fd pod\u00edl na\u00a0trhu. \u010cesk\u00e1 republika vynik\u00e1 rovn\u011b\u017e mimo\u0159\u00e1dn\u011b vysok\u00fdm z\u00e1jmem o luxusn\u00ed, sportovn\u00ed a elektrifikovan\u00e9 modely z\u00a0na\u0161\u00ed nab\u00eddky. Pozice l\u00eddra mezi pr\u00e9miov\u00fdmi elektromobily dokazuje n\u00e1\u0161 jasn\u00fd z\u00e1vazek k\u00a0pln\u011b elektrick\u00e9 budoucnosti zna\u010dky Mercedes-Benz. D\u011bkuji v\u0161em na\u0161im klient\u016fm za projevenou d\u016fv\u011bru a\u00a0autorizovan\u00e9 prodejn\u00ed\u00a0a servisn\u00ed s\u00edti za mimo\u0159\u00e1dn\u00e9 nasazen\u00ed.\u201c<\/i><\/p>\n<p><strong>Mercedes-Benz l\u00eddrem elektrifikace, v\u00a0\u010cR jedni\u010dkou i mezi pr\u00e9miov\u00fdmi elektromobily\u00a0<\/strong><\/p>\n<p>Mercedes-Benz dokl\u00e1d\u00e1 sv\u016fj technologick\u00fd n\u00e1skok tak\u00e9 dlouhodob\u00fdm v\u00fdvojem pln\u011b elektrick\u00fdch automobil\u016f, co\u017e se odr\u00e1\u017e\u00ed v\u00a0jejich vysok\u00e9 technick\u00e9 a\u00a0<a href=\"https:\/\/media.mercedes-benz.cz\/tiskova-zprava\/mercedes-benz-provedl-prvni-verejny-celni-naraz-dvou-elektromobilu\">bezpe\u010dnostn\u00ed \u00farovni<\/a>\u00a0a tak\u00e9 v nej\u0161ir\u0161\u00ed nab\u00eddce od kompaktn\u00edch SUV\u00a0EQA a EQB v\u00a0ned\u00e1vno modernizovan\u00e9 podob\u011b s\u00a0vy\u0161\u0161\u00edm dojezdem, p\u0159es nej\u017e\u00e1dan\u011bj\u0161\u00ed modely EQE SUV a\u00a0EQS\u00a0SUV, a\u017e po luxusn\u00ed sedany EQE a EQS \u010di velkoprostorov\u00e1 vozidla EQT a EQV. Podle statistiky registrac\u00ed Svazu dovozc\u016f automobil\u016f (SDA) si v\u00a0roce 2023 pln\u011b elektrick\u00fd v\u016fz s\u00a0t\u0159\u00edc\u00edpou hv\u011bzdou zakoupilo 451 z\u00e1kazn\u00edk\u016f, \u010d\u00edm\u017e\u00a0se zna\u010dka stala nej\u00fasp\u011b\u0161n\u011bj\u0161\u00ed tak\u00e9 v kategorii pr\u00e9miov\u00fdch elektromobil\u016f v\u00a0\u010cesk\u00e9 republice a\u00a0mezi elektromobily obsadila 5. p\u0159\u00ed\u010dku absolutn\u011b.<\/p>\n<p>Stuttgartsk\u00e1 automobilka nav\u00edc jako jedin\u00e1 na trhu nab\u00edz\u00ed pokro\u010dil\u00e9 plug-in hybridn\u00ed modely ve spojen\u00ed jak s\u00a0benzinov\u00fdmi, tak naftov\u00fdmi motory. Vloni bylo na \u010desk\u00e9m trhu zaregistrov\u00e1no 609 t\u011bchto vozidel umo\u017e\u0148uj\u00edc\u00edch j\u00edzdu \u010dist\u011b na elekt\u0159inu i v\u00edce ne\u017e 100 km. Celkov\u00fd pod\u00edl elektrifikovan\u00fdch voz\u016f Mercedes-Benz na odbytu v\u00a0\u010cR d\u00edky tomu dos\u00e1hl 12,3\u00a0%, co\u017e je v\u00edce ne\u017e dvojn\u00e1sobek proti pr\u016fm\u011bru \u010desk\u00e9ho trhu (5,6 %), a\u00a0automobilka se t\u00edm vloni op\u011bt za\u0159adila mezi l\u00eddry v\u00a0oblasti lok\u00e1ln\u011b bezemisn\u00edch vozidel.<\/p>\n<p>Nejvy\u0161\u0161\u00edho pod\u00edlu (18,3 %) plug-in hybridn\u00edch motorizac\u00ed bylo dosa\u017eeno u GLC a GLC kup\u00e9, kter\u00e9 se dle o\u010dek\u00e1v\u00e1n\u00ed kr\u00e1tce po sv\u00e9 premi\u00e9\u0159e vy\u0161plhaly na samou \u0161pi\u010dku pr\u00e9miov\u00fdch SUV st\u0159edn\u00ed t\u0159\u00eddy. Nejnov\u011bj\u0161\u00ed generace plug-in hybridn\u00edho syst\u00e9mu zde p\u0159in\u00e1\u0161\u00ed \u0159adu v\u00fdhod, p\u0159edev\u0161\u00edm kombinaci dlouh\u00e9ho dojezdu a\u00a0nez\u00e1vislosti benzinov\u00e9ho \u010di\u00a0dieselov\u00e9ho motoru s dynamikou, komfortem a \u00fa\u010dinnost\u00ed elektromotoru.<\/p>\n<p>V\u00a0celkov\u00e9m sou\u010dtu pln\u011b elektrick\u00fdch a plug-in hybridn\u00edch model\u016f obsadila zna\u010dka Mercedes-Benz s\u00a01\u00a0060\u00a0registracemi 4. p\u0159\u00ed\u010dku mezi v\u0161emi v\u00fdrobci. V\u00a0roce 2024 je d\u00edky roz\u0161i\u0159uj\u00edc\u00ed se produktov\u00e9 nab\u00eddce a\u00a0atraktivn\u00edm edic\u00edm o\u010dek\u00e1v\u00e1n je\u0161t\u011b vy\u0161\u0161\u00ed pod\u00edl elektrifikovan\u00fdch model\u016f s\u00a0lok\u00e1ln\u011b bezemisn\u00edm provozem.<\/p>\n<p><strong>Nej\u00fasp\u011b\u0161n\u011bj\u0161\u00ed zna\u010dka mezi luxusn\u00edmi sedany a SUV, nej\u017e\u00e1dan\u011bj\u0161\u00ed\u0159adou GLE \/ GLE kup\u00e9<\/strong><\/p>\n<p>Tradi\u010dn\u011b velmi \u00fasp\u011b\u0161n\u00fd byl Mercedes-Benz mezi luxusn\u00edmi modely, zvl\u00e1\u0161t\u011b pak SUV. V\u00a0nejvy\u0161\u0161\u00ed kategorii, ozna\u010dovan\u00e9 Svazem dovozc\u016f automobil\u016f jako segment E, m\u011bly modely GLE, GLS a T\u0159\u00edda G pod\u00edl p\u0159es 30 % a\u00a0spole\u010dn\u011b zajistily t\u0159\u00edc\u00edp\u00e9 hv\u011bzd\u011b prvn\u00ed p\u0159\u00ed\u010dku.<\/p>\n<p>Dvojice GLE a GLE kup\u00e9 se odbytem 1\u00a0230 voz\u016f stala tak\u00e9 nej\u017e\u00e1dan\u011bj\u0161\u00ed modelovou \u0159adou Mercedes-Benz v\u00a0\u010cesk\u00e9 republice. Pozoruhodn\u00fd u t\u00e9to modelov\u00e9 \u0159ady je rovn\u011b\u017e vysok\u00fd po\u010det plug-in hybridn\u00edch verz\u00ed na benzin i naftu (211 registrac\u00ed, pod\u00edl plug-in hybrid\u016f p\u0159es 17 %), co\u017e znamen\u00e1 1. m\u00edsto mezi plug-in hybridn\u00edmi SUV v\u00a0t\u00e9to kategorii. Nav\u00edc 3 ze 4 z\u00e1kazn\u00edk\u016f nav\u00edc v\u00a0p\u0159\u00edpad\u011b plug-in hybridn\u00edch GLE a GLE kup\u00e9 zvolili unik\u00e1tn\u00ed kombinaci s\u00a0dieselov\u00fdm motorem. Mercedes-Benz GLE 350 de 4MATIC je tak z\u00e1rove\u0148 nejprod\u00e1van\u011bj\u0161\u00edm plug\u2011in hybridn\u00edm modelem zna\u010dky Mercedes-Benz v\u00a0\u010cesk\u00e9 republice.<\/p>\n<p>Neporazitelnou st\u00e1lic\u00ed jsou vrcholn\u00e9 modely GLS (596 registrac\u00ed) a v\u00a0tomto ohledu \u010cesk\u00e1 republika pat\u0159\u00ed dlouhodob\u011b mezi v\u016fbec nej\u00fasp\u011b\u0161n\u011bj\u0161\u00ed trhy v\u00a0Evrop\u011b. Rekordn\u00edho po\u010dtu registrac\u00ed (320 registrac\u00ed) dos\u00e1hla i\u00a0legend\u00e1rn\u00ed T\u0159\u00edda G, kterou v\u00a0leto\u0161n\u00edm roce \u010dek\u00e1 modernizace v\u010detn\u011b premi\u00e9ry pln\u011b elektrick\u00e9ho modelu. Neot\u0159esitelnou pozici m\u00e1 rovn\u011b\u017e vrcholn\u00fd sedan T\u0159\u00eddy S\u00a0v\u00a0tzv. luxusn\u00ed t\u0159\u00edd\u011b. Vlajkov\u00e1 lo\u010f zna\u010dky dos\u00e1hla\u00a0celkov\u00e9ho odbytu 378 voz\u016f a\u00a0t\u00e9m\u011b\u0159 45% pod\u00edlu v\u00a0tomto segmentu.<\/p>\n<p><strong>Z\u00e1jem o luxusn\u00ed a sportovn\u00ed vozy roste<\/strong><\/p>\n<p>\u010cesk\u00fd trh tak znovu potvrdil, \u017ee je pro zna\u010dku Mercedes-Benz v\u00fdznamn\u00fd nejen vysok\u00fdm odbytem, ale\u00a0i\u00a0neobvykle vysok\u00fdm pod\u00edlem vrcholn\u00fdch model\u016f Mercedes-AMG a Mercedes-Maybach, a\u00a0to\u00a0op\u011bt t\u00e9\u017e v\u00a0celoevropsk\u00e9m m\u011b\u0159\u00edtku.<\/p>\n<p>V\u00edce ne\u017e 800 registrac\u00ed v\u00a0roce 2023 znamen\u00e1 prodejn\u00ed rekord zna\u010dky Mercedes-AMG v\u00a0\u010cesk\u00e9 republice, na\u00a0kter\u00e9m se pod\u00edlela nejen T\u0159\u00edda G jako neprod\u00e1van\u011bj\u0161\u00ed model Mercedes-AMG, ale i supersportovn\u00ed plug-in hybridy T\u0159\u00eddy C, T\u0159\u00eddy S\u00a0a AMG GT 4dve\u0159ov\u00e9 kup\u00e9 s\u00a0jedine\u010dnou technologi\u00ed E Performance a historick\u00fd \u00fasp\u011bch 98 registrac\u00ed ikonick\u00e9ho roadsteru SL. V\u00edce ne\u017e 100 registrac\u00ed model\u016f Mercedes-Maybach T\u0159\u00eddy S\u00a0a GLS jsou prodejn\u00edm rekordem t\u00e9to luxusn\u00ed zna\u010dky v\u00a0\u010cesk\u00e9 republice.<\/p>\n<p>P\u0159\u00edznivci sportovn\u00ed divize Mercedes-AMG se mohou v\u00a0roce 2024 t\u011b\u0161it na celou \u0159adu zcela nov\u00fdch model\u016f v\u010detn\u011b druh\u00e9 generace sportovn\u00edho vozu Mercedes-AMG GT. Mercedes-Maybach posune vrchol luxusn\u00edch elektrick\u00fdch SUV s\u00a0p\u0159edstaven\u00edm sv\u00e9ho prvn\u00edho elektromobilu Mercedes-Maybach EQS SUV.<\/p>\n<p><strong>O\u010dek\u00e1van\u00e9 novinky roku 2024: T\u0159\u00edda E a CLE kup\u00e9 \/ CLE kabriolet<\/strong><\/p>\n<p>V\u00fdrazn\u00e1 modernizace modelov\u00e9ho portfolia bude pokra\u010dovat i v\u00a0roce 2024. Velk\u00fd z\u00e1jem se p\u0159edpokl\u00e1d\u00e1 u\u00a0ned\u00e1vno uveden\u00e9 T\u0159\u00eddy E, kter\u00e1 se probojovala do fin\u00e1lov\u00e9ho v\u00fdb\u011bru ankety Auto roku 2024 v\u00a0\u010cesk\u00e9 republice. Po sedanu s\u00a0\u0161irokou nab\u00eddkou plug-in hybrid\u016f p\u0159ich\u00e1zej\u00ed pr\u00e1v\u011b v\u00a0t\u011bchto dnech na trh rovn\u011b\u017e \u0161estiv\u00e1lcov\u00e9 motorizace a kombi v\u010detn\u011b zv\u00fd\u0161en\u00e9 ter\u00e9nn\u00ed verze All-Terrain. Fanou\u0161ky sportovn\u00edch a elegantn\u00edch voz\u016f pot\u011b\u0161\u00ed nov\u00e9 dvoudve\u0159ov\u00e9 kup\u00e9 CLE, kombinuj\u00edc\u00ed to nejlep\u0161\u00ed z\u00a0T\u0159\u00eddy C a T\u0159\u00eddy E. B\u011bhem jara doraz\u00ed do \u010desk\u00fdch showroom\u016f i kabriolet. T\u0159\u00edda E a CLE se z\u00e1rove\u0148 v\u00a0druh\u00e9 polovin\u011b objev\u00ed i ve verz\u00edch Mercedes-AMG.<\/p>\n<p><strong>Zdroj: Ewing PR<\/strong><\/p>\n<p><strong>Zna\u010dka nechyb\u00ed ani ve fin\u00e1lov\u00e9 p\u011btici ankety Auto roku 2024 v \u010cR<\/strong><\/p>\n<p><img loading=\"lazy\" decoding=\"async\" class=\"alignnone size-medium wp-image-1205\" src=\"http:\/\/www.automakers.cz\/wp-content\/uploads\/2024\/01\/Certousy-2024-Kia-Mercedes-900x675.jpg\" alt=\"\" width=\"900\" height=\"675\" \/><\/p>\n<\/div>\n<\/div>\n<\/div>\n","protected":false},"excerpt":{"rendered":"<p>Mercedes-Benz loni dodal na \u010desk\u00fd trh 8 642 osobn\u00edch aut (meziro\u010dn\u00ed n\u00e1r\u016fst 17,9 %) a&#8230;<\/p>\n","protected":false},"author":1,"featured_media":1015,"comment_status":"open","ping_status":"open","sticky":false,"template":"","format":"standard","meta":{"footnotes":""},"categories":[48,10],"tags":[],"class_list":["post-1263","post","type-post","status-publish","format-standard","has-post-thumbnail","hentry","category-registrace","category-statistika"],"_links":{"self":[{"href":"https:\/\/www.automakers.cz\/index.php?rest_route=\/wp\/v2\/posts\/1263","targetHints":{"allow":["GET"]}}],"collection":[{"href":"https:\/\/www.automakers.cz\/index.php?rest_route=\/wp\/v2\/posts"}],"about":[{"href":"https:\/\/www.automakers.cz\/index.php?rest_route=\/wp\/v2\/types\/post"}],"author":[{"embeddable":true,"href":"https:\/\/www.automakers.cz\/index.php?rest_route=\/wp\/v2\/users\/1"}],"replies":[{"embeddable":true,"href":"https:\/\/www.automakers.cz\/index.php?rest_route=%2Fwp%2Fv2%2Fcomments&post=1263"}],"version-history":[{"count":4,"href":"https:\/\/www.automakers.cz\/index.php?rest_route=\/wp\/v2\/posts\/1263\/revisions"}],"predecessor-version":[{"id":1268,"href":"https:\/\/www.automakers.cz\/index.php?rest_route=\/wp\/v2\/posts\/1263\/revisions\/1268"}],"wp:featuredmedia":[{"embeddable":true,"href":"https:\/\/www.automakers.cz\/index.php?rest_route=\/wp\/v2\/media\/1015"}],"wp:attachment":[{"href":"https:\/\/www.automakers.cz\/index.php?rest_route=%2Fwp%2Fv2%2Fmedia&parent=1263"}],"wp:term":[{"taxonomy":"category","embeddable":true,"href":"https:\/\/www.automakers.cz\/index.php?rest_route=%2Fwp%2Fv2%2Fcategories&post=1263"},{"taxonomy":"post_tag","embeddable":true,"href":"https:\/\/www.automakers.cz\/index.php?rest_route=%2Fwp%2Fv2%2Ftags&post=1263"}],"curies":[{"name":"wp","href":"https:\/\/api.w.org\/{rel}","templated":true}]}}