{"id":12639,"date":"2025-04-23T05:25:13","date_gmt":"2025-04-23T05:25:13","guid":{"rendered":"https:\/\/www.automakers.cz\/?p=12639"},"modified":"2025-04-23T05:25:13","modified_gmt":"2025-04-23T05:25:13","slug":"citroen-spustil-vyrobu-noveho-c3-v-srbsku","status":"publish","type":"post","link":"https:\/\/www.automakers.cz\/?p=12639","title":{"rendered":"Citro\u00ebn spustil v\u00fdrobu nov\u00e9ho C3 v Srbsku"},"content":{"rendered":"<p><strong>Citro\u00ebn za\u010dne vyr\u00e1b\u011bt model Citro\u00ebn C3 v z\u00e1vod\u011b Stellantis v srbsk\u00e9m Kragujevaci. V\u00fdroba v Srbsku dopln\u00ed v\u00fdrobu modelu v Trnav\u011b na Slovensku. Provoz t\u00e9to mont\u00e1\u017en\u00ed linky v Srbsku potvrzuje ambici zna\u010dky Citro\u00ebn vyr\u00e1b\u011bt v Evrop\u011b cenov\u011b dostupn\u00e9 elektrick\u00e9 modely. <\/strong><!--more--><\/p>\n<p>Celkem ji\u017e bylo od uveden\u00ed vozu na trh p\u0159ijato v\u00edce ne\u017e 130 000 objedn\u00e1vek, z nich\u017e 30 % tvo\u0159\u00ed elektrick\u00e9 verze. C3 je nab\u00edzen v benz\u00ednov\u00e9, hybridn\u00ed a elektrick\u00e9 verzi.<\/p>\n<p>Za rozhodnut\u00edm zah\u00e1jit mont\u00e1\u017e bestselleru zna\u010dky Citro\u00ebn v z\u00e1vod\u011b Stellantis v Kragujevaci ve st\u0159edn\u00edm Srbsku st\u00e1la snaha uspokojit popt\u00e1vku. Na z\u00e1klad\u011b dohody mezi skupinou Stellantis a srbsk\u00fdm ministerstvem hospod\u00e1\u0159stv\u00ed byla tato tov\u00e1rna mezi lety 2022 a 2024 kompletn\u011b zmodernizov\u00e1na, aby mohla vyu\u017e\u00edvat novou platformu Smart Car a podporovat v\u00fdrobu elektrick\u00fdch model\u016f. Z\u00e1vod zam\u011bstn\u00e1v\u00e1 v\u00edce ne\u017e tis\u00edc lid\u00ed.<\/p>\n<p>Model Citro\u00ebn C3 byl navr\u017een tak, aby byla zaji\u0161t\u011bna jeho atraktivn\u00ed cena \u2013 od jednoduchosti stylu po v\u00fdb\u011br v\u00fdrobn\u00edho z\u00e1vodu, od nov\u00e9 platformy Smart Car, kter\u00e1 se zde objevuje jako u prvn\u00edho vozu, a\u017e po jeho v\u00fdbavu. Nov\u00fd C3 m\u00e1 za c\u00edl st\u00e1t se dostupn\u00fdm prost\u0159edkem mobility, kter\u00fd je v souladu s p\u0159echodem zna\u010dky Citro\u00ebn na nov\u00e9 zdroje energie, ani\u017e by to m\u011blo dopad na komfort, design, v\u0161estrannost vyu\u017eit\u00ed a ve\u0161kerou v\u00fdbavu, kterou z\u00e1kazn\u00edci v tomto segmentu o\u010dek\u00e1vaj\u00ed.<\/p>\n<p><img loading=\"lazy\" decoding=\"async\" class=\"alignnone size-medium wp-image-12652\" src=\"http:\/\/www.automakers.cz\/wp-content\/uploads\/2025\/04\/Citroen-C3-900x450.jpg\" alt=\"\" width=\"900\" height=\"450\" srcset=\"https:\/\/www.automakers.cz\/wp-content\/uploads\/2025\/04\/Citroen-C3-900x450.jpg 900w, https:\/\/www.automakers.cz\/wp-content\/uploads\/2025\/04\/Citroen-C3-1024x512.jpg 1024w, https:\/\/www.automakers.cz\/wp-content\/uploads\/2025\/04\/Citroen-C3-768x384.jpg 768w, https:\/\/www.automakers.cz\/wp-content\/uploads\/2025\/04\/Citroen-C3-1536x768.jpg 1536w, https:\/\/www.automakers.cz\/wp-content\/uploads\/2025\/04\/Citroen-C3-2048x1024.jpg 2048w\" sizes=\"auto, (max-width: 900px) 100vw, 900px\" \/><\/p>\n<p>Model zaznamenal ji\u017e v\u00edce ne\u017e 130 000 objedn\u00e1vek, p\u0159i\u010dem\u017e do evropsk\u00fdch prodejen dorazil teprve v posledn\u00edm \u010dtvrtlet\u00ed roku 2024. Do konce prvn\u00edho \u010dtvrtlet\u00ed roku 2025 se nov\u00fd model C3 pevn\u011b usadil na pozici t\u0159et\u00edho nejprod\u00e1van\u011bj\u0161\u00edho elektromobilu ve Francii a It\u00e1lii a obsadil druhou p\u0159\u00ed\u010dku v prodeji elektromobil\u016f ve Francii. Elektrick\u00e1 verze p\u0159edstavuje od uveden\u00ed vozu C3 na trh celkem 30 %.<\/p>\n<p>V\u00fdroba v Srbsku dopl\u0148uje v\u00fdrobu v Trnav\u011b na Slovensku, kde se vyr\u00e1b\u00ed rovn\u011b\u017e nov\u00fd model C3 Aircross, kter\u00fd je pr\u00e1v\u011b uv\u00e1d\u011bn na evropsk\u00e9 trhy.<\/p>\n<p>Nov\u00fd C3 poskytuje z\u00e1kazn\u00edk\u016fm p\u0159\u00edstup k mobilit\u011b bez ohledu na pohon. Jedn\u00e1 se o \u010dtvrtou generaci legend\u00e1rn\u00edho modelu Citro\u00ebn, kter\u00e9ho se ji\u017e prodalo v\u00edce ne\u017e 5,6 milionu kus\u016f. C3 nab\u00edz\u00ed v\u011bt\u0161\u00ed komfort na palub\u011b d\u00edky p\u0159ijet\u00ed odpru\u017een\u00ed Citro\u00ebn Advanced Comfort\u00ae, kter\u00e9 dopl\u0148uj\u00ed p\u0159epracovan\u00e1 sedadla Advanced Comfort\u00ae a koncept kabiny C-Zen Lounge s charakteristickou palubn\u00ed deskou.<\/p>\n<p>V\u016fz, kter\u00fd p\u0159ej\u00edm\u00e1 principy SUV, si zachov\u00e1v\u00e1 kompaktnost p\u0159edchoz\u00ed verze a z\u00e1rove\u0148 nab\u00edz\u00ed v\u011bt\u0161\u00ed prostornost a snadn\u011bj\u0161\u00ed p\u0159\u00edstup do kabiny. Od po\u010d\u00e1tku byl koncipov\u00e1n tak, aby zahrnoval i nab\u00eddku elektrick\u00e9ho pohonu. K dispozici je v benz\u00ednov\u00e9 a hybridn\u00ed verzi nab\u00edzej\u00edc\u00ed v\u0161estrannost a snadn\u00e9 pou\u017eit\u00ed a tak\u00e9 v elektrick\u00e9 verzi s dojezdem v\u00edce ne\u017e 320 km (cyklus WLTP). Jeho cena p\u0159edstavuje pr\u016flom v porovn\u00e1n\u00ed s tradi\u010dn\u00ed nab\u00eddkou v tomto segmentu.<\/p>\n<p><img loading=\"lazy\" decoding=\"async\" class=\"alignnone size-medium wp-image-12644\" src=\"http:\/\/www.automakers.cz\/wp-content\/uploads\/2025\/04\/New-C3-02-2-900x675.jpg\" alt=\"\" width=\"900\" height=\"675\" srcset=\"https:\/\/www.automakers.cz\/wp-content\/uploads\/2025\/04\/New-C3-02-2-900x675.jpg 900w, https:\/\/www.automakers.cz\/wp-content\/uploads\/2025\/04\/New-C3-02-2-1024x768.jpg 1024w, https:\/\/www.automakers.cz\/wp-content\/uploads\/2025\/04\/New-C3-02-2-768x576.jpg 768w, https:\/\/www.automakers.cz\/wp-content\/uploads\/2025\/04\/New-C3-02-2-1536x1152.jpg 1536w, https:\/\/www.automakers.cz\/wp-content\/uploads\/2025\/04\/New-C3-02-2-2048x1536.jpg 2048w\" sizes=\"auto, (max-width: 900px) 100vw, 900px\" \/><\/p>\n","protected":false},"excerpt":{"rendered":"<p>Citro\u00ebn za\u010dne vyr\u00e1b\u011bt model Citro\u00ebn C3 v z\u00e1vod\u011b Stellantis v srbsk\u00e9m Kragujevaci. V\u00fdroba v Srbsku&#8230;<\/p>\n","protected":false},"author":2,"featured_media":12643,"comment_status":"closed","ping_status":"closed","sticky":false,"template":"","format":"standard","meta":{"footnotes":""},"categories":[9,83,18],"tags":[],"class_list":["post-12639","post","type-post","status-publish","format-standard","has-post-thumbnail","hentry","category-elektromobily","category-hybridy","category-vyroba"],"_links":{"self":[{"href":"https:\/\/www.automakers.cz\/index.php?rest_route=\/wp\/v2\/posts\/12639","targetHints":{"allow":["GET"]}}],"collection":[{"href":"https:\/\/www.automakers.cz\/index.php?rest_route=\/wp\/v2\/posts"}],"about":[{"href":"https:\/\/www.automakers.cz\/index.php?rest_route=\/wp\/v2\/types\/post"}],"author":[{"embeddable":true,"href":"https:\/\/www.automakers.cz\/index.php?rest_route=\/wp\/v2\/users\/2"}],"replies":[{"embeddable":true,"href":"https:\/\/www.automakers.cz\/index.php?rest_route=%2Fwp%2Fv2%2Fcomments&post=12639"}],"version-history":[{"count":2,"href":"https:\/\/www.automakers.cz\/index.php?rest_route=\/wp\/v2\/posts\/12639\/revisions"}],"predecessor-version":[{"id":12653,"href":"https:\/\/www.automakers.cz\/index.php?rest_route=\/wp\/v2\/posts\/12639\/revisions\/12653"}],"wp:featuredmedia":[{"embeddable":true,"href":"https:\/\/www.automakers.cz\/index.php?rest_route=\/wp\/v2\/media\/12643"}],"wp:attachment":[{"href":"https:\/\/www.automakers.cz\/index.php?rest_route=%2Fwp%2Fv2%2Fmedia&parent=12639"}],"wp:term":[{"taxonomy":"category","embeddable":true,"href":"https:\/\/www.automakers.cz\/index.php?rest_route=%2Fwp%2Fv2%2Fcategories&post=12639"},{"taxonomy":"post_tag","embeddable":true,"href":"https:\/\/www.automakers.cz\/index.php?rest_route=%2Fwp%2Fv2%2Ftags&post=12639"}],"curies":[{"name":"wp","href":"https:\/\/api.w.org\/{rel}","templated":true}]}}