{"id":1270,"date":"2024-01-08T09:08:13","date_gmt":"2024-01-08T09:08:13","guid":{"rendered":"https:\/\/www.automakers.cz\/?p=1270"},"modified":"2024-01-08T09:08:19","modified_gmt":"2024-01-08T09:08:19","slug":"nosovicky-hyundai-loni-vyrobil-340-500-aut","status":"publish","type":"post","link":"https:\/\/www.automakers.cz\/?p=1270","title":{"rendered":"Hyundai No\u0161ovice loni vyrobil 340 500 aut"},"content":{"rendered":"<p class=\"c_dT g_fX speakable\" data-dot=\"ogm-article-perex\"><strong>Hyundai vyrobil loni v No\u0161ovic\u00edch na Fr\u00fddecko-M\u00edstecku 340 500 aut. Bylo to o 18 tis\u00edc voz\u016f v\u00edce ne\u017e v roce 2022, n\u00e1r\u016fst \u010dinil 5,6 procenta. Leto\u0161n\u00ed pl\u00e1n v\u00fdroby je 330 890 voz\u016f. Automobilka to v pond\u011bl\u00ed ozn\u00e1mila v tiskov\u00e9 zpr\u00e1v\u011b.<\/strong><!--more--><\/p>\n<p class=\"c_dT g_fX speakable\" data-dot=\"ogm-article-perex\"><span class=\"c_eb\">V\u00edce aut ne\u017e loni sjelo z v\u00fdrobn\u00ed linky v No\u0161ovic\u00edch naposledy v roce 2017. V\u00fdrobn\u00ed pl\u00e1n z\u00e1vod Hyundai Motor Manufacturing Czech (HMMC) p\u0159ekonal o 12 tis\u00edc aut.<\/span><\/p>\n<div class=\"g_fY\">\n<div class=\"ogm-main-media__container\" data-dot=\"ogm-main-media\" data-e2e=\"ogm-main-media\"><\/div>\n<\/div>\n<div class=\"ogm-container _6231b388c0086990921bf42b\">\n<div class=\"g_f6\" data-e2e=\"ogm-article-layout\">\n<article class=\"g_f8\" role=\"article\" aria-labelledby=\"accessibility-article\">\n<div class=\"g_f7\" data-dot=\"ogm-article-content\">\n<div class=\"e_dN e_dZ\">\n<div class=\"e_dT speakable\" data-dot=\"mol-paragraph\">\n<p class=\"c_dT\"><span class=\"c_eb\">\u201e\u00dasp\u011b\u0161n\u00fdm v\u00fdrobn\u00edm v\u00fdsledk\u016fm napomohla stabilizace dod\u00e1vek polovodi\u010d\u016f i\u00a0dal\u0161\u00edch d\u00edl\u016f, zna\u010dn\u00e1 popt\u00e1vka po na\u0161ich autech i\u00a0vy\u0161\u0161\u00ed efektivita v\u00fdroby,\u201c uvedl prezident HMMC Changki Lee.<\/span><\/p>\n<\/div>\n<div class=\"e_dT speakable\" data-dot=\"mol-paragraph\">\n<p class=\"c_dT\"><span class=\"c_eb\">V No\u0161ovic\u00edch stoup\u00e1 pod\u00edl vyroben\u00fdch elektroaut. \u201eRo\u010dn\u00ed produkce vozu Kona Electric poprv\u00e9 dos\u00e1hla na \u00farove\u0148 modelov\u00e9 \u0159ady i30, v\u00a0leto\u0161n\u00edm roce pod\u00edl elektromobil\u016f op\u011bt poroste,\u201c uvedl mluv\u010d\u00ed z\u00e1vodu Petr Michn\u00edk.<\/span><\/p>\n<\/div>\n<div class=\"e_ew\">\n<h3 class=\"c_aL c_aO e_ey\">Tov\u00e1rna v No\u0161ovic\u00edch p\u0159ejde na elektromobily<\/h3>\n<div class=\"e_ex\">\n<p class=\"c_dT\"><span class=\"c_eb\">Nejv\u011bt\u0161\u00ed pod\u00edl v\u00fdroby p\u0159ipadal i v roce 2023 na model Tucson, kter\u00fd tvo\u0159il p\u0159ibli\u017en\u011b 72 procent celkov\u00e9 produkce. Zhruba dva z p\u011bti vyroben\u00fdch voz\u016f modelu Tucson jsou v hybridn\u00ed nebo plug-in hybridn\u00ed variant\u011b.<\/span><\/p>\n<\/div>\n<\/div>\n<div class=\"e_dT speakable\" data-dot=\"mol-paragraph\">\n<p class=\"c_dT\"><span class=\"c_eb\">\u201eModely i30\u00a0a\u00a0Kona Electric m\u011bly oba shodn\u011b t\u0159in\u00e1ctiprocentn\u00ed pod\u00edl a\u00a0zbyl\u00e1 dv\u011b procenta p\u0159ipadala na ostr\u00fd sportovn\u00ed v\u016fz i30\u00a0N,\u201c uvedl Michn\u00edk.<\/span><\/p>\n<\/div>\n<div class=\"e_dT speakable\" data-dot=\"mol-paragraph\">\n<p class=\"c_dT\"><span class=\"c_eb\">Auta z\u00a0No\u0161ovic loni putovala do 73\u00a0destinac\u00ed, nejv\u00edce do N\u011bmecka, Velk\u00e9 Brit\u00e1nie, Francie, \u0160pan\u011blska a\u00a0Polska. Do t\u011bchto p\u011bti zem\u00ed zam\u00ed\u0159ila t\u00e9m\u011b\u0159 polovina lo\u0148sk\u00e9 produkce z\u00e1vodu. Pro \u010desk\u00fd trh bylo ur\u010deno necel\u00fdch p\u011bt procent produkce.<\/span><\/p>\n<\/div>\n<div class=\"e_dT speakable\" data-dot=\"mol-paragraph\">\n<p class=\"c_dT\"><span class=\"c_eb\">\u201eKrom\u011b Evropy putuj\u00ed auta z\u00a0No\u0161ovic ve velk\u00e9m tak\u00e9 do zem\u00ed St\u0159edn\u00edho v\u00fdchodu, Mexika, ale tak\u00e9 do Maroka, Ekv\u00e1doru \u010di Austr\u00e1lie. K\u00a0exotick\u00fdm destinac\u00edm s\u00a0des\u00edtkami dodan\u00fdch voz\u016f se \u0159ad\u00ed nap\u0159\u00edklad Brunej, Madagaskar, Chile \u010di Salvador,\u201c uvedl Michn\u00edk.<\/span><\/p>\n<\/div>\n<div class=\"e_dT speakable\" data-dot=\"mol-paragraph\">\n<p class=\"c_dT\"><span class=\"c_eb\">Automobilka proto na konci \u00fanora ukon\u010d\u00ed v\u00fdrobu manu\u00e1ln\u00edch p\u0159evodovek v hale P\u0159evodovk\u00e1rna 1, ze kter\u00e9 se obdobn\u011b jako z b\u00fdval\u00e9 haly P\u0159evodovk\u00e1rna 2 stane provoz spole\u010dnosti Mobis zam\u011b\u0159en\u00fd na mont\u00e1\u017e bateri\u00ed do elektromobil\u016f.<\/span><\/p>\n<\/div>\n<div class=\"e_dT speakable\" data-dot=\"mol-paragraph\">\n<p class=\"c_dT\"><span class=\"c_eb\">Na avizovan\u00e9 hromadn\u00e9 propou\u0161t\u011bn\u00ed ale nedo\u0161lo, z\u00a0firmy odch\u00e1zej\u00ed jen necel\u00e9 dv\u011b des\u00edtky lid\u00ed. \u201eV\u011bt\u0161ina zam\u011bstnanc\u016f P\u0159evodovk\u00e1rny nap\u0159\u00ed\u010d v\u0161emi profesemi nalezne n\u00e1hradn\u00ed pozici na jin\u00e9m pracovi\u0161ti v\u00a0HMMC,\u201c potvrdil Michn\u00edk.<\/span><\/p>\n<\/div>\n<div class=\"e_dT speakable\" data-dot=\"mol-paragraph\">\n<p class=\"c_dT\"><span class=\"c_eb\">Z\u00e1vod loni vyrobil 186\u00a0500\u00a0manu\u00e1ln\u00edch p\u0159evodovek. P\u0159ibli\u017en\u011b 120\u00a0000\u00a0jich putovalo do z\u00e1vod\u016f Kia na Slovensku a\u00a0HAOS v\u00a0Turecku. Meziro\u010dn\u011b \u0161lo zhruba o\u00a0patn\u00e1ctiprocentn\u00ed pokles.<\/span><\/p>\n<\/div>\n<div class=\"e_dT speakable\" data-dot=\"mol-paragraph\">\n<p class=\"c_dT\"><span class=\"c_eb\">Na z\u00e1klad\u011b loni uzav\u0159en\u00e9 kolektivn\u00ed smlouvy stouply zam\u011bstnanc\u016fm od leto\u0161n\u00edho ledna mzdy v\u00a0pr\u016fm\u011bru o\u00a07,8\u00a0procenta.<\/span><\/p>\n<\/div>\n<div class=\"e_dT speakable\" data-dot=\"mol-paragraph\">\n<p class=\"c_dT\"><span class=\"c_eb\">\u201ePracovn\u00edk v\u00a0pozici oper\u00e1tor 3, kter\u00e1 je v\u00a0z\u00e1vod\u011b HMMC nej\u010dast\u011bj\u0161\u00ed, si tak v\u00a0samotn\u00e9 z\u00e1kladn\u00ed mzd\u011b polep\u0161\u00ed o\u00a03000\u00a0korun m\u011bs\u00ed\u010dn\u011b,\u201c uvedl Michn\u00edk. Pr\u016fm\u011brn\u00fd m\u011bs\u00ed\u010dn\u00ed v\u00fdd\u011blek v\u00a0d\u011blnick\u00fdch pozic\u00edch podle n\u011bj za rok 2023\u00a0dos\u00e1hl 55.497\u00a0korun.<\/span><\/p>\n<\/div>\n<div class=\"e_dT speakable\" data-dot=\"mol-paragraph\">\n<p class=\"c_dT\"><span class=\"c_eb\">Tov\u00e1rna v\u00a0No\u0161ovic\u00edch je jedin\u00fdm v\u00fdrobn\u00edm z\u00e1vodem Hyundai v\u00a0Evropsk\u00e9 unii. Nyn\u00ed vyr\u00e1b\u00ed modely Tucson, i30\u00a0v\u00a0n\u011bkolika variant\u00e1ch a\u00a0Kona Electric. Z\u00e1vod m\u00e1 v\u00edce ne\u017e 3200\u00a0zam\u011bstnanc\u016f, dal\u0161\u00edch asi 8700\u00a0lid\u00ed pracuje pro jeho p\u0159\u00edm\u00e9 dodavatele.<\/span><\/p>\n<\/div>\n<div class=\"e_dT speakable\" data-dot=\"mol-paragraph\">\n<p class=\"c_dT\"><span class=\"c_eb\">V roce 2022\u00a0podniku stoupl zisk o\u00a02,05\u00a0miliardy na 10,96\u00a0miliardy korun a\u00a0tr\u017eby o\u00a027,31\u00a0miliardy na 167,73\u00a0miliardy korun.<\/span><\/p>\n<p><strong>Zdroj: HMMCZ<\/strong><\/p>\n<p>&nbsp;<\/p>\n<\/div>\n<\/div>\n<\/div>\n<\/article>\n<\/div>\n<\/div>\n","protected":false},"excerpt":{"rendered":"<p>Hyundai vyrobil loni v No\u0161ovic\u00edch na Fr\u00fddecko-M\u00edstecku 340 500 aut. Bylo to o 18 tis\u00edc&#8230;<\/p>\n","protected":false},"author":1,"featured_media":1272,"comment_status":"open","ping_status":"open","sticky":false,"template":"","format":"standard","meta":{"footnotes":""},"categories":[10,18],"tags":[],"class_list":["post-1270","post","type-post","status-publish","format-standard","has-post-thumbnail","hentry","category-statistika","category-vyroba"],"_links":{"self":[{"href":"https:\/\/www.automakers.cz\/index.php?rest_route=\/wp\/v2\/posts\/1270","targetHints":{"allow":["GET"]}}],"collection":[{"href":"https:\/\/www.automakers.cz\/index.php?rest_route=\/wp\/v2\/posts"}],"about":[{"href":"https:\/\/www.automakers.cz\/index.php?rest_route=\/wp\/v2\/types\/post"}],"author":[{"embeddable":true,"href":"https:\/\/www.automakers.cz\/index.php?rest_route=\/wp\/v2\/users\/1"}],"replies":[{"embeddable":true,"href":"https:\/\/www.automakers.cz\/index.php?rest_route=%2Fwp%2Fv2%2Fcomments&post=1270"}],"version-history":[{"count":4,"href":"https:\/\/www.automakers.cz\/index.php?rest_route=\/wp\/v2\/posts\/1270\/revisions"}],"predecessor-version":[{"id":1277,"href":"https:\/\/www.automakers.cz\/index.php?rest_route=\/wp\/v2\/posts\/1270\/revisions\/1277"}],"wp:featuredmedia":[{"embeddable":true,"href":"https:\/\/www.automakers.cz\/index.php?rest_route=\/wp\/v2\/media\/1272"}],"wp:attachment":[{"href":"https:\/\/www.automakers.cz\/index.php?rest_route=%2Fwp%2Fv2%2Fmedia&parent=1270"}],"wp:term":[{"taxonomy":"category","embeddable":true,"href":"https:\/\/www.automakers.cz\/index.php?rest_route=%2Fwp%2Fv2%2Fcategories&post=1270"},{"taxonomy":"post_tag","embeddable":true,"href":"https:\/\/www.automakers.cz\/index.php?rest_route=%2Fwp%2Fv2%2Ftags&post=1270"}],"curies":[{"name":"wp","href":"https:\/\/api.w.org\/{rel}","templated":true}]}}