{"id":12712,"date":"2025-04-24T11:00:33","date_gmt":"2025-04-24T11:00:33","guid":{"rendered":"https:\/\/www.automakers.cz\/?p=12712"},"modified":"2025-04-24T11:00:33","modified_gmt":"2025-04-24T11:00:33","slug":"vyroba-aut-v-cr-klesla-v-1-kvartale-o-7","status":"publish","type":"post","link":"https:\/\/www.automakers.cz\/?p=12712","title":{"rendered":"V\u00fdroba aut v \u010cR klesla v 1. kvart\u00e1le o 7 %"},"content":{"rendered":"<p class=\"big\"><strong>Produkce osobn\u00edch aut v \u010cesku v prvn\u00edm \u010dtvrtlet\u00ed meziro\u010dn\u011b klesla o 7,1 procenta na 366.510 voz\u016f. D\u016fvodem je pomal\u00e9 o\u017eiven\u00ed popt\u00e1vky na hlavn\u00edch evropsk\u00fdch trz\u00edch, co\u017e se projevilo v poklesu exportu o 8,3 procenta na 340.354 aut. Ozn\u00e1milo to dnes Sdru\u017een\u00ed automobilov\u00e9ho pr\u016fmyslu.<\/strong><!--more--><\/p>\n<p class=\"big\">Na tuzemsk\u00fd trh sm\u011b\u0159ovalo celkem 26.156 vozidel, tedy o 11,7 procenta v\u00edce ne\u017e v p\u0159edchoz\u00edm roce. Produkce elektrick\u00fdch vozidel od ledna do b\u0159ezna stoupla o 141 procent na 64.956 aut. Z toho bylo 50.377 elektromobil\u016f a 14.579 aut s plug-in hybridn\u00edm pohonem.<\/p>\n<p><strong>\u0160koda hl\u00e1s\u00ed zhruba 3% pokles<\/strong><\/p>\n<div class=\"box-offer-mob-perex\">\n<div id=\"mobFullPerexBan\"><\/div>\n<\/div>\n<p>Nejv\u011bt\u0161\u00ed dom\u00e1c\u00ed automobilka \u0160koda Auto vyrobila 236.524 osobn\u00edch automobil\u016f, co\u017e je meziro\u010dn\u00ed pokles o 2,8 procenta. Meziro\u010dn\u011b o t\u00e9m\u011b\u0159 282 procent na 48.442 voz\u016f p\u0159itom zv\u00fd\u0161ila v\u00fdrobu elektrick\u00fdch vozidel. Z toho bylo 40.866 aut \u010dist\u011b bateriov\u00fdch a 7576 vozidel plug-in hybridn\u00edch.<\/p>\n<p>No\u0161ovick\u00fd z\u00e1vod Hyundai ozn\u00e1mil pokles produkce o 18 procent na 71.540 vozidel. Z celkov\u00e9ho po\u010dtu m\u011blo 9511 aut \u010dist\u011b elektrick\u00fd a 7003 plug-in hybridn\u00ed pohon. V Toyot\u011b v prvn\u00edm \u010dtvrtlet\u00ed zaznamenali meziro\u010dn\u00ed pokles produkce o 8,6 procenta na 58.446 osobn\u00edch vozidel. T\u00e9m\u011b\u0159 60 procent z vyroben\u00fdch voz\u016f tvo\u0159il hybridn\u00ed model Yaris HEV.<\/p>\n<p><img loading=\"lazy\" decoding=\"async\" class=\"alignnone size-medium wp-image-10360\" src=\"http:\/\/www.automakers.cz\/wp-content\/uploads\/2025\/01\/Skoda-Elroq-Czech-900x600.jpg\" alt=\"\" width=\"900\" height=\"600\" \/><strong>Statistiku elektromobil\u016f posunul n\u00e1b\u011bh Elroqu<\/strong><\/p>\n<p>N\u00e1b\u011bhy v\u00fdroby nov\u00fdch model\u016f, v tomto p\u0159\u00edpad\u011b nov\u00e9 \u0160kody Elroq a modernizovan\u00e9ho Enyaqu, podle prezidenta sdru\u017een\u00ed Martina Jahna v\u017edy vzbuzuj\u00ed z\u00e1jem trhu a z\u00e1kazn\u00edk\u016f, kter\u00fd se propisuje i do v\u00fdsledn\u00fdch statistik tuzemsk\u00e9 v\u00fdroby.<\/p>\n<p>&#8222;P\u0159esto\u017ee u t\u011bchto elektrick\u00fdch model\u016f jejich pod\u00edl na celkov\u00e9 v\u00fdrob\u011b nad\u00e1le roste, st\u00e1le z\u016fst\u00e1v\u00e1me za o\u010dek\u00e1v\u00e1n\u00edm po\u017eadavku regulace emis\u00ed CO2. Schopnost i v takto p\u0159eregulovan\u00e9m prost\u0159ed\u00ed, kter\u00fdm aktu\u00e1ln\u011b proplouv\u00e1me, p\u0159in\u00e1\u0161et na trh nov\u00e9 modely, a\u0165 u\u017e s elektrick\u00fdm, spalovac\u00edm \u010di jin\u00fdm pohonem, o n\u011b\u017e je na trhu z\u00e1jem, je \u00fasp\u011bchem cel\u00e9ho v\u00fdrobn\u00edho \u0159et\u011bzce firem a jednozna\u010dn\u011b dobrou zpr\u00e1vou pro celou dom\u00e1c\u00ed ekonomiku,\u201c dodal Jahn.<\/p>\n<p>V\u00fdroba autobus\u016f se v prvn\u00edm \u010dtvrtlet\u00ed zv\u00fd\u0161ila o 12,4 procenta na 1321 vozidel. Z toho 1230 sm\u011b\u0159ovalo na export. Ve vysokom\u00fdtsk\u00e9m Iveco CR bylo vyrobeno 1275 autobus\u016f, SOR Libchavy vyrobil 41 autobus\u016f a KHMC vyrobila v lednu a\u017e b\u0159eznu celkem p\u011bt minibus\u016f. Segment bezemisn\u00edch autobus\u016f \u010d\u00edtal v prvn\u00edch t\u0159ech m\u011bs\u00edc\u00edch celkem 107 vozidel.<\/p>\n<p><strong>Tatru brzd\u00ed speci\u00e1ly<\/strong><\/p>\n<p>Spole\u010dnost Tatra Trucks, kter\u00e1 je mezi \u010dleny sdru\u017een\u00ed jedin\u00fdm v\u00fdrobcem n\u00e1kladn\u00edch vozidel, vyrobila 277 vozidel, tedy o 128 kus\u016f m\u00e9n\u011b ne\u017e ve stejn\u00e9m obdob\u00ed lo\u0148sk\u00e9ho roku. Pokles produkce souvis\u00ed p\u0159edev\u0161\u00edm s vy\u0161\u0161\u00edm pod\u00edlem speci\u00e1ln\u00edch vozidel, jejich\u017e v\u00fdroba je \u010dasov\u011b n\u00e1ro\u010dn\u011bj\u0161\u00ed ne\u017e u standardn\u00edch model\u016f.<\/p>\n<p><img loading=\"lazy\" decoding=\"async\" class=\"size-medium wp-image-2575\" src=\"http:\/\/www.automakers.cz\/wp-content\/uploads\/2024\/03\/Motosalon-Jawa-777x900.jpg\" alt=\"\" width=\"777\" height=\"900\" \/><\/p>\n<p><strong>Produkce Jawy prudce klesla<\/strong><\/p>\n<p>V\u00fdrobce Jawa v prvn\u00edch t\u0159ech m\u011bs\u00edc\u00edch roku vyrobil 169 motocykl\u016f, tedy o 72 m\u00e9n\u011b ne\u017e v minul\u00e9m roce. Z celkov\u00e9 produkce bylo na \u010desk\u00e9m trhu um\u00edst\u011bno 83 motocykl\u016f t\u00e9to zna\u010dky.<\/p>\n<p><strong>Zdroj: AutoSAP<\/strong><\/p>\n","protected":false},"excerpt":{"rendered":"<p>Produkce osobn\u00edch aut v \u010cesku v prvn\u00edm \u010dtvrtlet\u00ed meziro\u010dn\u011b klesla o 7,1 procenta na 366.510&#8230;<\/p>\n","protected":false},"author":1,"featured_media":10465,"comment_status":"closed","ping_status":"closed","sticky":false,"template":"","format":"standard","meta":{"footnotes":""},"categories":[10,18],"tags":[],"class_list":["post-12712","post","type-post","status-publish","format-standard","has-post-thumbnail","hentry","category-statistika","category-vyroba"],"_links":{"self":[{"href":"https:\/\/www.automakers.cz\/index.php?rest_route=\/wp\/v2\/posts\/12712","targetHints":{"allow":["GET"]}}],"collection":[{"href":"https:\/\/www.automakers.cz\/index.php?rest_route=\/wp\/v2\/posts"}],"about":[{"href":"https:\/\/www.automakers.cz\/index.php?rest_route=\/wp\/v2\/types\/post"}],"author":[{"embeddable":true,"href":"https:\/\/www.automakers.cz\/index.php?rest_route=\/wp\/v2\/users\/1"}],"replies":[{"embeddable":true,"href":"https:\/\/www.automakers.cz\/index.php?rest_route=%2Fwp%2Fv2%2Fcomments&post=12712"}],"version-history":[{"count":2,"href":"https:\/\/www.automakers.cz\/index.php?rest_route=\/wp\/v2\/posts\/12712\/revisions"}],"predecessor-version":[{"id":12714,"href":"https:\/\/www.automakers.cz\/index.php?rest_route=\/wp\/v2\/posts\/12712\/revisions\/12714"}],"wp:featuredmedia":[{"embeddable":true,"href":"https:\/\/www.automakers.cz\/index.php?rest_route=\/wp\/v2\/media\/10465"}],"wp:attachment":[{"href":"https:\/\/www.automakers.cz\/index.php?rest_route=%2Fwp%2Fv2%2Fmedia&parent=12712"}],"wp:term":[{"taxonomy":"category","embeddable":true,"href":"https:\/\/www.automakers.cz\/index.php?rest_route=%2Fwp%2Fv2%2Fcategories&post=12712"},{"taxonomy":"post_tag","embeddable":true,"href":"https:\/\/www.automakers.cz\/index.php?rest_route=%2Fwp%2Fv2%2Ftags&post=12712"}],"curies":[{"name":"wp","href":"https:\/\/api.w.org\/{rel}","templated":true}]}}