{"id":12756,"date":"2025-04-25T09:09:43","date_gmt":"2025-04-25T09:09:43","guid":{"rendered":"https:\/\/www.automakers.cz\/?p=12756"},"modified":"2025-04-25T09:09:43","modified_gmt":"2025-04-25T09:09:43","slug":"volvo-partnerem-trailu-behej-lesy","status":"publish","type":"post","link":"https:\/\/www.automakers.cz\/?p=12756","title":{"rendered":"Volvo partnerem trailu B\u011bhej lesy"},"content":{"rendered":"<p><strong>Volvo Car Czech Republic je letos op\u011bt partnerem trailov\u00e9ho seri\u00e1lu B\u011bhej lesy. Na v\u0161ech z\u00e1vodech s\u00e9rie bude \u00fa\u010dastn\u00edk\u016fm a n\u00e1v\u0161t\u011bvn\u00edk\u016fm st\u00e1t po boku Volvo XC90, kter\u00e9 si budou moci prohl\u00e9dnout a ve vybran\u00fdch lokalit\u00e1ch i osobn\u011b otestovat.<\/strong><!--more--><\/p>\n<p>Zna\u010dka Volvo se dlouhodob\u011b hl\u00e1s\u00ed k odkazu skandin\u00e1vsk\u00e9 p\u0159\u00edrody \u2013 jej\u00ed filozofie vych\u00e1z\u00ed ze seversk\u00fdch hodnot, jako je harmonie, respekt a odpov\u011bdnost. Pr\u00e1v\u011b proto se \u00fa\u010dastn\u00ed akc\u00ed, kter\u00e9 podporuj\u00ed aktivn\u00ed \u017eivotn\u00ed styl a vztah k p\u0159\u00edrod\u011b.<\/p>\n<p>Stejn\u011b jako lidsk\u00e9 t\u011blo pot\u0159ebuje pohyb, prevenci a kvalitn\u00ed p\u00e9\u010di, i vozy Volvo jsou navrhov\u00e1ny s ohledem na dlouhodobou udr\u017eitelnost. V praxi to znamen\u00e1 ni\u017e\u0161\u00ed emise, vy\u0161\u0161\u00ed pod\u00edl recyklovan\u00fdch a p\u0159\u00edrodn\u00edch materi\u00e1l\u016f, \u0161etrnou v\u00fdrobu a bezpe\u010dnost, kter\u00e1 chr\u00e1n\u00ed nejen pos\u00e1dku, ale i ostatn\u00ed \u00fa\u010dastn\u00edky provozu.<\/p>\n<p>B\u011bhej lesy a Volvo spojuje v\u00edc ne\u017e jen partnerstv\u00ed, je to sd\u00edlen\u00fd postoj ke sv\u011btu. Pohyb v p\u0159\u00edrod\u011b, odpov\u011bdn\u00fd p\u0159\u00edstup, harmonie s prost\u0159ed\u00edm. Zat\u00edmco b\u011b\u017eci objevuj\u00ed kr\u00e1sy \u010desk\u00fdch les\u016f, Volvo p\u0159in\u00e1\u0161\u00ed mo\u017enost za\u017e\u00edt, jak m\u016f\u017ee vypadat pr\u00e9miov\u00e1 mobilita budoucnosti \u2013 tich\u00e1, siln\u00e1 a p\u0159\u00e1telsk\u00e1 k p\u0159\u00edrod\u011b.<\/p>\n<p><strong>Sout\u011b\u017e s Volvem<\/strong><\/p>\n<p>Volvo letos pro \u00fa\u010dastn\u00edky z\u00e1vod\u016f p\u0159ichystalo speci\u00e1ln\u00ed akci, v r\u00e1mci n\u00ed\u017e se mohli b\u011b\u017eci p\u0159ed za\u010d\u00e1tkem sezony na soci\u00e1ln\u00edch s\u00edt\u00edch \u201eutkat\u201c o um\u00edst\u011bn\u00ed motiva\u010dn\u00edch cedul\u00ed s jejich jm\u00e9nem na jednotliv\u00fdch tras\u00e1ch. Celkem Volvo vybralo a na cedule um\u00edstilo p\u011bt motiva\u010dn\u00edch hl\u00e1\u0161ek. Na m\u00edst\u011b z\u00e1vodu se b\u011b\u017eci mohou zapojit do sout\u011b\u017ee tak, \u017ee si b\u011bhem b\u011bhu danou ceduli zapamatuj\u00ed a pot\u00e9 na st\u00e1nku Volvo pomoc\u00ed QR k\u00f3du zaznamenaj\u00ed. V ka\u017ed\u00e9m z\u00e1vod\u011b pak v\u017edy jeden v\u00fdherce z\u00edsk\u00e1 zap\u016fj\u010den\u00ed vozu Volvo na prodlou\u017een\u00fd v\u00edkend.<\/p>\n<p><strong>Vlajkov\u00e1 lo\u010f v nov\u00e9m<\/strong><\/p>\n<p>Volvo XC90, SUV s kapacitou a\u017e pro sedm osob, zaujme zven\u010d\u00ed dynamick\u00fdm vzhledem d\u00edky p\u0159epracovan\u00e9 p\u0159\u00eddi a v\u00fdrazn\u00e9 masce. Uvnit\u0159 nab\u00eddne interi\u00e9r s p\u0159\u00edrodn\u00edmi a recyklovan\u00fdmi materi\u00e1ly, odhlu\u010dn\u011bn\u00edm a\u00a0 infotainmentem na 11,2palcov\u00e9m dotykov\u00e9m displeji.<\/p>\n<p>Pod kapotou je na v\u00fdb\u011br bu\u010f mild hybridn\u00ed benz\u00ednov\u00fd motor s v\u00fdkonem 250 kon\u00ed, nebo plug-in hybrid, kter\u00fd zvl\u00e1dne a\u017e 72 kilometr\u016f \u010dist\u011b elektrick\u00e9 j\u00edzdy a v kombinovan\u00e9m re\u017eimu nab\u00eddne a\u017e 455 kon\u00ed v\u00fdkonu.<\/p>\n<p>Volvo XC90 si v pr\u016fb\u011bhu seri\u00e1lu B\u011bhej lesy m\u016f\u017eete d\u016fkladn\u011b prohl\u00e9dnout a na n\u011bkter\u00fdch z\u00e1vodech i vyzkou\u0161et p\u0159i testovac\u00ed j\u00edzd\u011b.<\/p>\n<p><img loading=\"lazy\" decoding=\"async\" class=\"alignnone size-medium wp-image-12758\" src=\"http:\/\/www.automakers.cz\/wp-content\/uploads\/2025\/04\/motivacni-cedule-volvo-small-2-900x666.jpg\" alt=\"\" width=\"900\" height=\"666\" srcset=\"https:\/\/www.automakers.cz\/wp-content\/uploads\/2025\/04\/motivacni-cedule-volvo-small-2-900x666.jpg 900w, https:\/\/www.automakers.cz\/wp-content\/uploads\/2025\/04\/motivacni-cedule-volvo-small-2-1024x758.jpg 1024w, https:\/\/www.automakers.cz\/wp-content\/uploads\/2025\/04\/motivacni-cedule-volvo-small-2-768x568.jpg 768w, https:\/\/www.automakers.cz\/wp-content\/uploads\/2025\/04\/motivacni-cedule-volvo-small-2-1536x1137.jpg 1536w, https:\/\/www.automakers.cz\/wp-content\/uploads\/2025\/04\/motivacni-cedule-volvo-small-2.jpg 1890w\" sizes=\"auto, (max-width: 900px) 100vw, 900px\" \/><\/p>\n","protected":false},"excerpt":{"rendered":"<p>Volvo Car Czech Republic je letos op\u011bt partnerem trailov\u00e9ho seri\u00e1lu B\u011bhej lesy. Na v\u0161ech z\u00e1vodech&#8230;<\/p>\n","protected":false},"author":2,"featured_media":12757,"comment_status":"closed","ping_status":"closed","sticky":false,"template":"","format":"standard","meta":{"footnotes":""},"categories":[29,70,69],"tags":[],"class_list":["post-12756","post","type-post","status-publish","format-standard","has-post-thumbnail","hentry","category-sponzoring","category-sport","category-suv"],"_links":{"self":[{"href":"https:\/\/www.automakers.cz\/index.php?rest_route=\/wp\/v2\/posts\/12756","targetHints":{"allow":["GET"]}}],"collection":[{"href":"https:\/\/www.automakers.cz\/index.php?rest_route=\/wp\/v2\/posts"}],"about":[{"href":"https:\/\/www.automakers.cz\/index.php?rest_route=\/wp\/v2\/types\/post"}],"author":[{"embeddable":true,"href":"https:\/\/www.automakers.cz\/index.php?rest_route=\/wp\/v2\/users\/2"}],"replies":[{"embeddable":true,"href":"https:\/\/www.automakers.cz\/index.php?rest_route=%2Fwp%2Fv2%2Fcomments&post=12756"}],"version-history":[{"count":3,"href":"https:\/\/www.automakers.cz\/index.php?rest_route=\/wp\/v2\/posts\/12756\/revisions"}],"predecessor-version":[{"id":12763,"href":"https:\/\/www.automakers.cz\/index.php?rest_route=\/wp\/v2\/posts\/12756\/revisions\/12763"}],"wp:featuredmedia":[{"embeddable":true,"href":"https:\/\/www.automakers.cz\/index.php?rest_route=\/wp\/v2\/media\/12757"}],"wp:attachment":[{"href":"https:\/\/www.automakers.cz\/index.php?rest_route=%2Fwp%2Fv2%2Fmedia&parent=12756"}],"wp:term":[{"taxonomy":"category","embeddable":true,"href":"https:\/\/www.automakers.cz\/index.php?rest_route=%2Fwp%2Fv2%2Fcategories&post=12756"},{"taxonomy":"post_tag","embeddable":true,"href":"https:\/\/www.automakers.cz\/index.php?rest_route=%2Fwp%2Fv2%2Ftags&post=12756"}],"curies":[{"name":"wp","href":"https:\/\/api.w.org\/{rel}","templated":true}]}}