{"id":1278,"date":"2024-01-08T09:06:02","date_gmt":"2024-01-08T09:06:02","guid":{"rendered":"https:\/\/www.automakers.cz\/?p=1278"},"modified":"2024-01-08T09:07:18","modified_gmt":"2024-01-08T09:07:18","slug":"ceska-kia-loni-trhala-prodejni-rekordy","status":"publish","type":"post","link":"https:\/\/www.automakers.cz\/?p=1278","title":{"rendered":"\u010cesk\u00e1 Kia loni trhala prodejn\u00ed rekordy"},"content":{"rendered":"<p><strong>Kia prodala v roce 2023 v \u010cesk\u00e9 republice 11 424 osobn\u00edch aut. Jde o historicky nejvy\u0161\u0161\u00ed po\u010det od vstupu zna\u010dky na \u010desk\u00fd trh. Kia dos\u00e1hla nov\u00fdch maxim i v prodeji elektrifikovan\u00fdch voz\u016f a pod\u00edlu na trhu.<\/strong><!--more--><\/p>\n<p>Historicky druhou nejvy\u0161\u0161\u00ed \u00farove\u0148 dos\u00e1hla Kia v tr\u017en\u00edm pod\u00edlu, kter\u00fd loni \u010dinil 5,16 %. Automobilka se d\u00edky tomu u\u017e t\u0159et\u00edm rokem dr\u017e\u00ed mezi p\u011bti nejprod\u00e1van\u011bj\u0161\u00edmi zna\u010dkami v\u00a0\u010cesk\u00e9 republice, p\u0159i\u010dem\u017e se rychlost prodej\u016f za posledn\u00edch \u0161est let v\u00edce ne\u017e zdvojn\u00e1sobila.<\/p>\n<p>V p\u0159\u00edpad\u011b pln\u011b bateriov\u00fdch vozidel si Kia loni p\u0159ipsala 25% r\u016fst a tr\u017en\u00ed pod\u00edl 3,72 %. V\u0161echny n\u00edzkoemisn\u00ed modely (HEV, PHEV, BEV) tvo\u0159ily v roce 2023 dokonce 7,35 % prodej\u016f Kia, co\u017e p\u0159edstavuje n\u00e1r\u016fst o 20 %.<\/p>\n<p><em>\u201eJubilejn\u00ed t\u0159ic\u00e1t\u00fd rok na\u0161eho p\u016fsoben\u00ed v\u00a0\u010cesk\u00e9 republice se z\u00e1rove\u0148 stal rokem rekord\u016f. Dos\u00e1hli jsme historicky nejlep\u0161\u00edch prodejn\u00edch v\u00fdsledk\u016f, a to v\u010detn\u011b n\u00edzkoemisn\u00edch voz\u016f, oslavili jsme prodej 150\u00a0000 osobn\u00edch voz\u016f od vstupu na trh a z\u00edskali jsme \u0159adu v\u00fdznamn\u00fdch ocen\u011bn\u00ed,\u201c<\/em>\u00a0uvedl Arno\u0161t Barna, gener\u00e1ln\u00ed \u0159editel Kia Czech, a p\u0159ipomn\u011bl, \u017ee \u0161irokou nab\u00eddku model\u016f loni obohatilo velmi o\u010dek\u00e1van\u00e9 sedmim\u00edstn\u00e9 SUV EV9, druh\u00fd model Kia na elektrick\u00e9 platform\u011b E-GMP.\u00a0<em>\u201eV dal\u0161\u00edm obdob\u00ed pl\u00e1nujeme na\u0161i pozici upev\u0148ovat a z\u00e1rove\u0148 d\u00e1le roz\u0161i\u0159ovat nab\u00eddku n\u00edzkoemisn\u00edch voz\u016f. Na dal\u0161\u00ed \u010dist\u011b bateriov\u00fd model se mohou z\u00e1kazn\u00edci t\u011b\u0161it u\u017e v\u00a0leto\u0161n\u00edm roce,\u201c\u00a0<\/em>dodal A. Barna.<\/p>\n<p><strong>Nejobl\u00edben\u011bj\u0161\u00ed z\u016fst\u00e1vaj\u00ed modely Ceed a Sportage, mezi BEV boduje EV6<\/strong><\/p>\n<p>Nejprod\u00e1van\u011bj\u0161\u00edm modelem se stala i v\u00a0roce 2023 Kia Ceed ve \u010dty\u0159ech karos\u00e1\u0159sk\u00fdch verz\u00edch (6 013 kus\u016f, meziro\u010dn\u00ed rozd\u00edl + 11 %) v\u010detn\u011b n\u00edzkoemisn\u00edch variant. Druh\u00fdm nejobl\u00edben\u011bj\u0161\u00edm modelem byla Sportage (2 163 kus\u016f; &#8211; 5 %). \u017deb\u0159\u00ed\u010dek prvn\u00edch p\u011bti nejv\u00edce prod\u00e1van\u00fdch model\u016f dopl\u0148uj\u00ed Stonic (1 166 kus\u016f; + 29 %), Rio (1 092 kus\u016f; + 33 %) a Sorento (299 kus\u016f; + 103 %)<\/p>\n<p>Elektrifikovan\u00fdch model\u016f loni Kia prodala v\u00a0tuzemsku o p\u011btinu v\u00edce ne\u017e v\u00a0roce 2022. V\u011bt\u0161ina t\u011bchto voz\u016f p\u0159ipadla na model Niro, z\u00a0celkov\u00fdch 840 kus\u016f se jich prodalo 258 ks. Na akumul\u00e1torov\u00e9 elektromobily (BEV) p\u0159ipadlo celkem 260, meziro\u010dn\u011b + 25 %, 458 \u0159idi\u010d\u016f se rozhodlo pro v\u016fz s\u00a0hybridn\u00edm pohonem (HEV) a plug-in hybridn\u00ed (PHEV) vozy si po\u0159\u00eddilo 122 z\u00e1kazn\u00edk\u016f.<\/p>\n<p>Kia loni p\u0159edstavila<strong>\u00a0<\/strong>speci\u00e1ln\u00ed Edici 30 u model\u016f Kia Ceed hatchback, Ceed Sportswagon a SUV Sportage, kter\u00e9 oslavilo 30 let od zah\u00e1jen\u00ed v\u00fdroby modelu. Tato edice m\u00e1 specifickou barvu karoserie a inovace ve v\u00fdbav\u011b a designu. Dlouho o\u010dek\u00e1van\u00fdm p\u0159\u00edr\u016fstkem do rodiny SUV byla loni elektrick\u00e1 Kia EV9 s velkorys\u00fdm prostorem interi\u00e9ru, technologick\u00fdmi inovacemi, biomateri\u00e1ly a \u010dist\u011b elektrick\u00fdm dojezdem p\u0159es 560 km na jedno dobit\u00ed. Nejv\u00fdkonn\u011bj\u0161\u00ed model zna\u010dky, Kia EV6 GT, z\u00edskal titul\u00a0Sportovn\u00ed auto roku 2023 a Kia Niro se stala Sv\u011btov\u00fdm \u017eensk\u00fdm autem roku 2023.<\/p>\n<p><img loading=\"lazy\" decoding=\"async\" class=\"alignnone size-medium wp-image-131\" src=\"http:\/\/www.automakers.cz\/wp-content\/uploads\/2023\/11\/Kia-vozy-tovarna-300x200.jpg\" alt=\"\" width=\"300\" height=\"200\" \/><\/p>\n<p><strong>Kia uhl\u00edkov\u011b neutr\u00e1ln\u00ed v roce 2045<\/strong><\/p>\n<p>V\u00a0r\u00e1mci sv\u00e9ho z\u00e1vazku dos\u00e1hnout do roku 2045 uhl\u00edkov\u00e9 neutrality automobilka st\u00e1le v\u00edce vyu\u017e\u00edv\u00e1 recyklovan\u00e9 materi\u00e1ly, z\u00a0nich\u017e vyr\u00e1b\u00ed nap\u0159\u00edklad sedadla do elektromobil\u016f. V\u00a0n\u00e1vaznosti na partnerstv\u00ed s\u00a0organizac\u00ed The Ocean Cleanup, je\u017e usiluje o vy\u010di\u0161t\u011bn\u00ed oce\u00e1n\u016f od plast\u016f, loni zah\u00e1jila Kia Czech spolupr\u00e1ci s<strong>\u00a0<\/strong><a href=\"https:\/\/www.kia-express.cz\/tiskove-zpravy\/kia-navazuje-spolupraci-s-cenami-adapterra-awards-pro-nejlepsi-adaptacni-opatreni-na-zmenu-klimatu\/\">Nadac\u00ed Partnerstv\u00ed<\/a><strong>\u00a0<\/strong>a podporu na celost\u00e1tn\u00ed sout\u011b\u017ei Adapterra Awards. Ta oce\u0148uje nejlep\u0161\u00ed projekty adaptace na zm\u011bnu klimatu v \u010cesku.<\/p>\n<p>Kia up\u0159ednost\u0148uje vyu\u017e\u00edv\u00e1n\u00ed energie z\u00a0obnoviteln\u00fdch zdroj\u016f i k pohonu elektrick\u00fdch vozidel. Ve\u0161ker\u00e9 dob\u00edjen\u00ed u ve\u0159ejn\u00fdch dob\u00edjec\u00edch stanic prost\u0159ednictv\u00edm slu\u017eby Kia Charge je ze 100% zelen\u00e9 elekt\u0159iny vyroben\u00e9 udr\u017eiteln\u00fdm zp\u016fsobem. Pokra\u010duje tak\u00e9 participace na roz\u0161i\u0159ov\u00e1n\u00ed dob\u00edjec\u00ed infrastruktury u dealer\u016f a v\u00a0r\u00e1mci spolupr\u00e1ce se spole\u010dnost\u00ed E.ON.<\/p>\n<p>Podle pl\u00e1nu s\u00a0n\u00e1zvem ,Roadmap 2030\u2018 hodl\u00e1 Kia do konce dek\u00e1dy dos\u00e1hnout celosv\u011btov\u00e9ho prodeje 4 milion\u016f vozidel, z\u00a0nich\u017e by 1,2 milionu m\u011blo b\u00fdt \u010dist\u011b elektrick\u00fdch. Do roku 2025 proto pl\u00e1nuje investovat p\u0159ev\u00e1\u017en\u011b do oblasti elektromobility p\u0159ibli\u017en\u011b 340 miliard korun a o dva roky pozd\u011bji u\u017e p\u0159edpokl\u00e1d\u00e1 m\u00edt v\u00a0nab\u00eddce celkem 15 akumul\u00e1torov\u00fdch elektromobil\u016f, z\u00a0nich\u017e 11 bude ur\u010deno pro evropsk\u00fd trh<em>. \u201eKrom\u011b rostouc\u00edho portfolia elektromobil\u016f nab\u00edz\u00edme na\u0161im z\u00e1kazn\u00edk\u016fm mimo jin\u00e9 nap\u0159\u00edklad dob\u00edjec\u00ed karty s\u00a080% pokryt\u00edm v\u00a0s\u00edt\u00edch nejv\u011bt\u0161\u00edch provozovatel\u016f ve\u0159ejn\u00fdch dob\u00edjec\u00edch stanic v \u010cR a t\u00e9m\u011b\u0159 640 tis\u00edc dob\u00edjec\u00edch bod\u016f nap\u0159\u00ed\u010d Evropou v\u010detn\u011b IONITY nebo pomoc s\u00a0po\u0159\u00edzen\u00edm wallbox\u016f \u010di sol\u00e1rn\u00edch panel\u016f,\u201c<\/em>\u00a0sd\u011blil A. Barna<\/p>\n<p><strong>Zdroj: KIA Express<\/strong><\/p>\n<p><img loading=\"lazy\" decoding=\"async\" class=\"alignnone size-medium wp-image-1279\" src=\"http:\/\/www.automakers.cz\/wp-content\/uploads\/2024\/01\/kia-express.cz_-900x320.jpeg\" alt=\"\" width=\"900\" height=\"320\" srcset=\"https:\/\/www.automakers.cz\/wp-content\/uploads\/2024\/01\/kia-express.cz_-900x320.jpeg 900w, https:\/\/www.automakers.cz\/wp-content\/uploads\/2024\/01\/kia-express.cz_-1024x364.jpeg 1024w, https:\/\/www.automakers.cz\/wp-content\/uploads\/2024\/01\/kia-express.cz_-768x273.jpeg 768w, https:\/\/www.automakers.cz\/wp-content\/uploads\/2024\/01\/kia-express.cz_-1536x545.jpeg 1536w, https:\/\/www.automakers.cz\/wp-content\/uploads\/2024\/01\/kia-express.cz_.jpeg 1656w\" sizes=\"auto, (max-width: 900px) 100vw, 900px\" \/><\/p>\n","protected":false},"excerpt":{"rendered":"<p>Kia prodala v roce 2023 v \u010cesk\u00e9 republice 11 424 osobn\u00edch aut. Jde o historicky&#8230;<\/p>\n","protected":false},"author":1,"featured_media":188,"comment_status":"open","ping_status":"open","sticky":false,"template":"","format":"standard","meta":{"footnotes":""},"categories":[48,10],"tags":[],"class_list":["post-1278","post","type-post","status-publish","format-standard","has-post-thumbnail","hentry","category-registrace","category-statistika"],"_links":{"self":[{"href":"https:\/\/www.automakers.cz\/index.php?rest_route=\/wp\/v2\/posts\/1278","targetHints":{"allow":["GET"]}}],"collection":[{"href":"https:\/\/www.automakers.cz\/index.php?rest_route=\/wp\/v2\/posts"}],"about":[{"href":"https:\/\/www.automakers.cz\/index.php?rest_route=\/wp\/v2\/types\/post"}],"author":[{"embeddable":true,"href":"https:\/\/www.automakers.cz\/index.php?rest_route=\/wp\/v2\/users\/1"}],"replies":[{"embeddable":true,"href":"https:\/\/www.automakers.cz\/index.php?rest_route=%2Fwp%2Fv2%2Fcomments&post=1278"}],"version-history":[{"count":3,"href":"https:\/\/www.automakers.cz\/index.php?rest_route=\/wp\/v2\/posts\/1278\/revisions"}],"predecessor-version":[{"id":1281,"href":"https:\/\/www.automakers.cz\/index.php?rest_route=\/wp\/v2\/posts\/1278\/revisions\/1281"}],"wp:featuredmedia":[{"embeddable":true,"href":"https:\/\/www.automakers.cz\/index.php?rest_route=\/wp\/v2\/media\/188"}],"wp:attachment":[{"href":"https:\/\/www.automakers.cz\/index.php?rest_route=%2Fwp%2Fv2%2Fmedia&parent=1278"}],"wp:term":[{"taxonomy":"category","embeddable":true,"href":"https:\/\/www.automakers.cz\/index.php?rest_route=%2Fwp%2Fv2%2Fcategories&post=1278"},{"taxonomy":"post_tag","embeddable":true,"href":"https:\/\/www.automakers.cz\/index.php?rest_route=%2Fwp%2Fv2%2Ftags&post=1278"}],"curies":[{"name":"wp","href":"https:\/\/api.w.org\/{rel}","templated":true}]}}