{"id":12846,"date":"2025-04-29T08:17:10","date_gmt":"2025-04-29T08:17:10","guid":{"rendered":"https:\/\/www.automakers.cz\/?p=12846"},"modified":"2025-04-29T08:17:10","modified_gmt":"2025-04-29T08:17:10","slug":"pavel-podepsal-novelu-autonomniho-rizeni","status":"publish","type":"post","link":"https:\/\/www.automakers.cz\/?p=12846","title":{"rendered":"Pavel podepsal novelu autonomn\u00edho \u0159\u00edzen\u00ed"},"content":{"rendered":"<p><strong>Prezident republiky Petr Pavel podepsal 24. dubna novelu z\u00e1kona, kter\u00e1 vytv\u00e1\u0159\u00ed jasn\u00fd legislativn\u00ed r\u00e1mec pro provoz autonomn\u00edch vozidel na \u010desk\u00fdch silnic\u00edch. Novela umo\u017en\u00ed od 1. ledna 2026 provoz vozidel vybaven\u00fdch syst\u00e9my automatizovan\u00e9ho \u0159\u00edzen\u00ed \u00farovn\u011b SAE Level 3.<\/strong> <!--more--><\/p>\n<p>\u010cesko je tak, nap\u0159. spolu s N\u011bmeckem, jednou z prvn\u00edch evropsk\u00fdch zem\u00ed, kde \u0159idi\u010di budou moci na vybran\u00fdch \u00fasec\u00edch, zejm\u00e9na na d\u00e1lnic\u00edch, p\u0159edat \u0159\u00edzen\u00ed vozidlu. P\u0159ijet\u00ed novely p\u0159edstavuje v\u00fdznamn\u00fd krok nejen sm\u011brem ke zv\u00fd\u0161en\u00ed bezpe\u010dnosti provozu, ale i k podpo\u0159e investic do modern\u00edch technologi\u00ed a pos\u00edlen\u00ed konkurenceschopnosti \u010desk\u00e9ho automobilov\u00e9ho pr\u016fmyslu na glob\u00e1ln\u00edm trhu. Sdru\u017een\u00ed auto mobilov\u00e9ho pr\u016fmyslu (AutoSAP), kter\u00e9 se na p\u0159\u00edprav\u011b legislativy aktivn\u011b pod\u00edlelo, ji\u017e zah\u00e1jilo pr\u00e1ce na dal\u0161\u00edm rozvoji podm\u00ednek pro provoz pln\u011b autonomn\u00edch vozidel \u00farovn\u011b L4+.<\/p>\n<p><strong>Co to znamen\u00e1 v praxi<\/strong><br \/>\nVozidla s homologovan\u00fdm syst\u00e9mem autonomn\u00edho \u0159\u00edzen\u00ed L3 budou schopna na vybran\u00fdch \u00fasec\u00edch, zpravidla na d\u00e1lnic\u00edch, od 1. ledna 2026 p\u0159evz\u00edt \u0159\u00edzen\u00ed, v tzv. \u201epodm\u00edn\u011bn\u00e9 automatizaci\u201c. Vozidlo bude v takovou chv\u00edli zodpov\u011bdn\u00e9 za \u00fakony, kter\u00e9 p\u0159\u00edmo souvisej\u00ed s \u0159\u00edzen\u00edm. Pro \u0159idi\u010de to znamen\u00e1, \u017ee se p\u0159i spln\u011bn\u00ed nezbytn\u00fdch podm\u00ednek, po tuto dobu nebude nemuset v\u011bnovat \u0159\u00edzen\u00ed. Jedin\u00e1 povinnost, kter\u00e1 \u0159idi\u010dovi p\u0159ibyla, je b\u00fdt p\u0159ipraven p\u0159evz\u00edt \u0159\u00edzen\u00ed, jakmile jej k tomu vozidlo vyzve. Na p\u0159evzet\u00ed \u0159\u00edzen\u00ed bude m\u00edt \u0159idi\u010d, tak jak je stanoveno homologa\u010dn\u00edm p\u0159edpisem, nejm\u00e9n\u011b 10 sekund.<\/p>\n<p><strong>V\u00fdznam pro bezpe\u010dnost<\/strong><br \/>\nAutonomn\u00ed vozidla v\u00fdrazn\u011b zvy\u0161uj\u00ed bezpe\u010dnost silni\u010dn\u00edho provozu a z\u00e1rove\u0148 zlep\u0161uj\u00ed komfort j\u00edzdy. D\u00edky eliminaci n\u011bkter\u00fdch lidsk\u00fdch chyb, jako je \u00fanava, rozpt\u00fdlen\u00ed \u010di nespr\u00e1vn\u00e9 vyhodnocen\u00ed situace, pom\u00e1haj\u00ed p\u0159edch\u00e1zet dopravn\u00edm nehod\u00e1m. Jejich syst\u00e9my nav\u00edc reaguj\u00ed rychleji ne\u017e \u010dlov\u011bk, co\u017e v\u00fdrazn\u011b sni\u017euje riziko koliz\u00ed, zejm\u00e9na v krizov\u00fdch situac\u00edch.<\/p>\n<p><strong>Jasn\u00fd sign\u00e1l pro investice<\/strong><br \/>\nP\u0159ijet\u00ed novely vys\u00edl\u00e1 tuzemsk\u00fdm firm\u00e1m jednozna\u010dn\u00fd sign\u00e1l k akceleraci investic v oblasti automatizovan\u00fdch technologi\u00ed. Tento krok pos\u00edl\u00ed jejich schopnost dr\u017eet krok se zahrani\u010dn\u00ed konkurenc\u00ed ve v\u00fdvoji, testov\u00e1n\u00ed i implementaci modern\u00edch \u0159e\u0161en\u00ed, kter\u00e1 dnes p\u0159edstavuj\u00ed kl\u00ed\u010dovou p\u0159idanou hodnotu ve vozidlech. Chceme nejnov\u011bj\u0161\u00ed technologie rozv\u00edjet p\u0159\u00edmo v na\u0161ich podm\u00ednk\u00e1ch, \u010d\u00edm\u017e pos\u00edl\u00edme konkurenceschopnost \u010cesk\u00e9 republiky a m\u00edstn\u00edch firem na glob\u00e1ln\u00edm trhu. Novela z\u00e1rove\u0148 vys\u00edl\u00e1 jasn\u00fd vzkaz investor\u016fm a technologick\u00fdm partner\u016fm ze zahrani\u010d\u00ed: \u010cesk\u00e1 republika je otev\u0159en\u00e1 inovac\u00edm a p\u0159ipravena aktivn\u011b podporovat modern\u00ed automobilov\u00fd pr\u016fmysl.<\/p>\n<p>Zden\u011bk Petzl, v\u00fdkonn\u00fd \u0159editel Sdru\u017een\u00ed automobilov\u00e9ho pr\u016fmyslu (AutoSAP) k podpisu uvedl: \u201ePodpis novely z\u00e1kona prezidentem republiky je v\u00fdsledkem n\u011bkolikalet\u00e9ho \u00fasil\u00ed automobilov\u00e9ho pr\u016fmyslu a otev\u0159en\u00e9ho dialogu se sou\u010dasn\u00fdm ministrem dopravy Martinem Kupkou. Otev\u00edr\u00e1me t\u00edm cestu k modern\u00ed a bezpe\u010dn\u00e9 mobilit\u011b. O\u010dek\u00e1v\u00e1 se, \u017ee glob\u00e1ln\u00ed trh s asisten\u010dn\u00edmi syst\u00e9my poroste mezi lety 2023 a\u017e 2035 a\u017e 180x, a \u010desk\u00e9 firmy maj\u00ed d\u00edky t\u00e9to legislativ\u011b \u0161anci b\u00fdt u toho.\u201c<\/p>\n<figure id=\"attachment_3525\" aria-describedby=\"caption-attachment-3525\" style=\"width: 900px\" class=\"wp-caption alignnone\"><img loading=\"lazy\" decoding=\"async\" class=\"size-medium wp-image-3525\" src=\"http:\/\/www.automakers.cz\/wp-content\/uploads\/2024\/04\/Zdenek-Petzl_3-900x632.jpg\" alt=\"\" width=\"900\" height=\"632\" \/><figcaption id=\"caption-attachment-3525\" class=\"wp-caption-text\"><strong>V\u00fdkonn\u00fd \u0159editel AutoSAP Zden\u011bk Petzl<\/strong><\/figcaption><\/figure>\n<p><strong>Dlouhodob\u00e9 \u00fasil\u00ed a partnerstv\u00ed<\/strong><br \/>\nSdru\u017een\u00ed automobilov\u00e9ho pr\u016fmyslu bylo od po\u010d\u00e1tku kl\u00ed\u010dov\u00fdm partnerem p\u0159i p\u0159\u00edprav\u011b a prosazov\u00e1n\u00ed legislativy \u2013 od prvotn\u00edch odborn\u00fdch diskus\u00ed za \u00fa\u010dasti expert\u016f z \u010dlensk\u00fdch spole\u010dnost\u00ed AutoSAPu a\u017e po \u00fasp\u011b\u0161n\u00e9 projedn\u00e1n\u00ed novely v Poslaneck\u00e9 sn\u011bmovn\u011b a Sen\u00e1tu, kde z\u00edskala \u0161irokou podporu nap\u0159\u00ed\u010d politick\u00fdm spektrem.<\/p>\n<p>\u201ePodepsan\u00e1 novela je v\u00fdznamn\u00fdm miln\u00edkem, ale nikoliv kone\u010dn\u00fdm c\u00edlem. Pr\u00e1v\u011b nyn\u00ed otev\u00edr\u00e1me diskusi o pr\u00e1vn\u00edch podm\u00ednk\u00e1ch pro pln\u011b autonomn\u00ed vozidla. \u010cesk\u00e1 republika tak m\u016f\u017ee i nad\u00e1le pat\u0159it k technologick\u00fdm l\u00eddr\u016fm v oblasti autonomn\u00ed mobility,\u201c \u0159\u00edk\u00e1 Marie Nov\u00e1kov\u00e1, mana\u017eerka regulatorn\u00edch z\u00e1le\u017eitost\u00ed AutoSAPu.<\/p>\n<p><strong>Dal\u0161\u00ed kroky<\/strong><br \/>\nAutoSAP ji\u017e zah\u00e1jil p\u0159\u00edpravy na dal\u0161\u00ed f\u00e1zi, kter\u00e1 se zam\u011b\u0159\u00ed na vytvo\u0159en\u00ed legislativn\u00edho r\u00e1mce pro syst\u00e9my automatizovan\u00e9ho \u0159\u00edzen\u00ed \u00farovn\u011b L4+, podporu testov\u00e1n\u00ed pln\u011b autonomn\u00edch vozidel v re\u00e1ln\u00e9m provozu a aktivn\u00ed zapojen\u00ed \u010cesk\u00e9 republiky do strategick\u00e9ho dialogu v r\u00e1mci Pr\u016fmyslov\u00e9ho ak\u010dn\u00edho pl\u00e1nu pro evropsk\u00fd automobilov\u00fd sektor.<\/p>\n<p><strong>Zdroj: AutoSAP<\/strong><\/p>\n","protected":false},"excerpt":{"rendered":"<p>Prezident republiky Petr Pavel podepsal 24. dubna novelu z\u00e1kona, kter\u00e1 vytv\u00e1\u0159\u00ed jasn\u00fd legislativn\u00ed r\u00e1mec pro&#8230;<\/p>\n","protected":false},"author":1,"featured_media":11510,"comment_status":"closed","ping_status":"closed","sticky":false,"template":"","format":"standard","meta":{"footnotes":""},"categories":[25,31],"tags":[],"class_list":["post-12846","post","type-post","status-publish","format-standard","has-post-thumbnail","hentry","category-legislativa","category-news"],"_links":{"self":[{"href":"https:\/\/www.automakers.cz\/index.php?rest_route=\/wp\/v2\/posts\/12846","targetHints":{"allow":["GET"]}}],"collection":[{"href":"https:\/\/www.automakers.cz\/index.php?rest_route=\/wp\/v2\/posts"}],"about":[{"href":"https:\/\/www.automakers.cz\/index.php?rest_route=\/wp\/v2\/types\/post"}],"author":[{"embeddable":true,"href":"https:\/\/www.automakers.cz\/index.php?rest_route=\/wp\/v2\/users\/1"}],"replies":[{"embeddable":true,"href":"https:\/\/www.automakers.cz\/index.php?rest_route=%2Fwp%2Fv2%2Fcomments&post=12846"}],"version-history":[{"count":2,"href":"https:\/\/www.automakers.cz\/index.php?rest_route=\/wp\/v2\/posts\/12846\/revisions"}],"predecessor-version":[{"id":12848,"href":"https:\/\/www.automakers.cz\/index.php?rest_route=\/wp\/v2\/posts\/12846\/revisions\/12848"}],"wp:featuredmedia":[{"embeddable":true,"href":"https:\/\/www.automakers.cz\/index.php?rest_route=\/wp\/v2\/media\/11510"}],"wp:attachment":[{"href":"https:\/\/www.automakers.cz\/index.php?rest_route=%2Fwp%2Fv2%2Fmedia&parent=12846"}],"wp:term":[{"taxonomy":"category","embeddable":true,"href":"https:\/\/www.automakers.cz\/index.php?rest_route=%2Fwp%2Fv2%2Fcategories&post=12846"},{"taxonomy":"post_tag","embeddable":true,"href":"https:\/\/www.automakers.cz\/index.php?rest_route=%2Fwp%2Fv2%2Ftags&post=12846"}],"curies":[{"name":"wp","href":"https:\/\/api.w.org\/{rel}","templated":true}]}}