{"id":12850,"date":"2025-04-29T07:42:54","date_gmt":"2025-04-29T07:42:54","guid":{"rendered":"https:\/\/www.automakers.cz\/?p=12850"},"modified":"2025-05-02T08:45:35","modified_gmt":"2025-05-02T08:45:35","slug":"donald-trump-otaci-zmirni-cla-na-auta","status":"publish","type":"post","link":"https:\/\/www.automakers.cz\/?p=12850","title":{"rendered":"Donald Trump ot\u00e1\u010d\u00ed, zm\u00edrn\u00ed cla na auta"},"content":{"rendered":"<p class=\"c_a7 g_g5 speakable\" data-dot=\"ogm-article-perex\"><strong>Donald Trump se chyst\u00e1 zm\u00edrnit dopad sv\u00fdch cel na auta. Tarify na vozidla vyroben\u00e1 mimo USA se nebudou vztahovat \u017e\u00e1dn\u00e1 dal\u0161\u00ed cla krom\u011b t\u011bch, kter\u00e1 Trump u\u017e d\u0159\u00edve zavedl, z\u00e1rove\u0148 se zm\u00edrn\u00ed cla na zahrani\u010dn\u00ed autod\u00edly vyu\u017e\u00edvan\u00e9 k v\u00fdrob\u011b aut v USA. V \u00fater\u00fd o tom informoval server Wall Street Journal (WSJ).<\/strong><!--more--><\/p>\n<div class=\"_67f5fff6d27cec3392ad16c3 ogm-container\">\n<div class=\"g_he\" data-e2e=\"ogm-article-layout\">\n<article class=\"g_hg\" role=\"article\" aria-labelledby=\"accessibility-article\">\n<div class=\"g_hf\" data-dot=\"ogm-article-content\">\n<div class=\"e_ey e_e1\">\n<div class=\"e_a7 speakable\" data-dot=\"mol-paragraph\">\n<p>Rozhodnut\u00ed, kter\u00e9 m\u00e1 Trump ofici\u00e1ln\u011b ozn\u00e1mit v\u00a0\u00fater\u00fd ve\u010der p\u0159ed n\u00e1v\u0161t\u011bvou Michiganu, znamen\u00e1, \u017ee v\u00fdrobc\u016fm, kte\u0159\u00ed od 3.\u00a0dubna plat\u00ed 25procentn\u00ed cla na automobily, nebudou \u00fa\u010dtov\u00e1na dal\u0161\u00ed cla (nap\u0159\u00edklad na ocel a\u00a0hlin\u00edk), uvedl\u00a0<a class=\"c_av\" href=\"https:\/\/www.wsj.com\/business\/autos\/trump-tariffs-autos-exceptions-fc634efd?mod=hp_lead_pos2\" target=\"_blank\" rel=\"noopener\" data-dot=\"atm-link\">WSJ<\/a>\u00a0s\u00a0t\u00edm, \u017ee tento krok nav\u00edc bude retroaktivn\u00ed, tak\u017ee automobilky by mohly dostat n\u00e1hradu za ji\u017e zaplacen\u00e9 tarify.<\/p>\n<p class=\"c_a7\"><span class=\"c_eE\">Trumpova administrativa d\u00e1le uprav\u00ed i\u00a0cla na automobilov\u00e9 d\u00edly poch\u00e1zej\u00edc\u00ed ze zahrani\u010d\u00ed, u\u00a0kter\u00fdch umo\u017en\u00ed v\u00fdrobc\u016fm z\u00edskat n\u00e1hradu za tato cla a\u017e do v\u00fd\u0161e 3,75\u00a0procenta hodnoty automobilu vyroben\u00e9ho v\u00a0USA za jeden rok. Ve druh\u00e9m roce by se n\u00e1hrada sn\u00ed\u017eila na 2,5\u00a0procenta hodnoty vozu a\u00a0pot\u00e9 by byla postupn\u011b zcela zru\u0161ena.<\/span><\/p>\n<\/div>\n<h2 class=\"c_aP c_aR e_aP speakable\">V\u00fdrobci si vymohli \u00falevu<\/h2>\n<div class=\"e_a7 speakable\" data-dot=\"mol-paragraph\">\n<p class=\"c_a7\"><span class=\"c_eE\">V\u00fdrobci automobil\u016f, kte\u0159\u00ed jsou s\u00a0B\u00edl\u00fdm domem v\u00a0t\u00e9m\u011b\u0159 ka\u017edodenn\u00edm kontaktu, si tak zajistili ur\u010ditou \u00falevu, zat\u00edmco Trump na opl\u00e1tku z\u00edskal z\u00e1vazky k\u00a0prosazov\u00e1n\u00ed sv\u00fdch c\u00edl\u016f v\u00a0oblasti dom\u00e1c\u00ed v\u00fdroby, uvedly zdroje WSJ.<\/span><\/p>\n<\/div>\n<div class=\"e_eY\" data-dot=\"mol-document-link\">\n<div class=\"e_ff\">\n<p class=\"c_a7\"><span class=\"c_eE\">\u201ePrezident Trump buduje d\u016fle\u017eit\u00e9 partnerstv\u00ed jak s dom\u00e1c\u00edmi v\u00fdrobci automobil\u016f, tak s na\u0161imi skv\u011bl\u00fdmi americk\u00fdmi pracovn\u00edky. Tato dohoda bude velk\u00fdm v\u00edt\u011bzstv\u00edm prezidentovy obchodn\u00ed politiky t\u00edm, \u017ee odm\u011bn\u00ed spole\u010dnosti, kter\u00e9 ji\u017e vyr\u00e1b\u011bj\u00ed na dom\u00e1c\u00edm trhu, a z\u00e1rove\u0148 poskytne p\u0159ist\u00e1vac\u00ed dr\u00e1hu v\u00fdrobc\u016fm, kte\u0159\u00ed vyj\u00e1d\u0159ili sv\u016fj z\u00e1vazek investovat v Americe a roz\u0161\u00ed\u0159it dom\u00e1c\u00ed v\u00fdrobu,\u201c \u0159ekl ministr obchodu Howard Lutnick.<\/span><\/p>\n<\/div>\n<\/div>\n<div class=\"e_gc js-ad e_bb\">\n<p class=\"c_a7\"><span class=\"c_eE\">\u201eFord v\u00edt\u00e1 a oce\u0148uje tato rozhodnut\u00ed prezidenta Trumpa, kter\u00e1 pomohou zm\u00edrnit dopad cel na v\u00fdrobce automobil\u016f, dodavatele a spot\u0159ebitele. Budeme i nad\u00e1le \u00fazce spolupracovat s administrativou na podpo\u0159e prezidentovy vize zdrav\u00e9ho a rostouc\u00edho automobilov\u00e9ho pr\u016fmyslu v Americe. Ford pova\u017euje za z\u00e1sadn\u00ed politiku, kter\u00e1 podporuje export a zaji\u0161\u0165uje cenov\u011b dostupn\u00e9 dodavatelsk\u00e9 \u0159et\u011bzce, kter\u00e9 podporuj\u00ed v\u011bt\u0161\u00ed dom\u00e1c\u00ed r\u016fst,\u201c uvedl v diplomaticky formulovan\u00e9m prohl\u00e1\u0161en\u00ed gener\u00e1ln\u00ed \u0159editel Fordu Jim Farley.<\/span><\/p>\n<\/div>\n<div class=\"e_a7 speakable\" data-dot=\"mol-paragraph\">\n<p class=\"c_a7\"><span class=\"c_eE\">Analytici d\u0159\u00edve varovali, \u017ee v d\u016fsledku Trumpov\u00fdch cel na automobily ceny aut v\u00fdrazn\u011b vzrostou. Morgan Stanley odhaduje, \u017ee 25procentn\u00ed clo by mohlo zv\u00fd\u0161it pr\u016fm\u011brnou cenu vozu o \u0161est tis\u00edc dolar\u016f (131 tis\u00edc K\u010d), co\u017e by znamenalo zv\u00fd\u0161en\u00ed o 10 a\u017e 12 procent. Trump ohledn\u011b v\u00fdrazn\u00e9ho zdra\u017eov\u00e1n\u00ed zahrani\u010dn\u00edch aut v jednom z d\u0159\u00edv\u011bj\u0161\u00edch rozhovor\u016f prohl\u00e1sil, \u017ee je mu to \u00fapln\u011b jedno.<\/span><\/p>\n<figure id=\"attachment_11097\" aria-describedby=\"caption-attachment-11097\" style=\"width: 900px\" class=\"wp-caption alignnone\"><img loading=\"lazy\" decoding=\"async\" class=\"size-medium wp-image-11097\" src=\"http:\/\/www.automakers.cz\/wp-content\/uploads\/2025\/02\/Clo-kontejner-celnik-900x601.jpeg\" alt=\"\" width=\"900\" height=\"601\" srcset=\"https:\/\/www.automakers.cz\/wp-content\/uploads\/2025\/02\/Clo-kontejner-celnik-900x601.jpeg 900w, https:\/\/www.automakers.cz\/wp-content\/uploads\/2025\/02\/Clo-kontejner-celnik-1024x684.jpeg 1024w, https:\/\/www.automakers.cz\/wp-content\/uploads\/2025\/02\/Clo-kontejner-celnik-768x513.jpeg 768w, https:\/\/www.automakers.cz\/wp-content\/uploads\/2025\/02\/Clo-kontejner-celnik.jpeg 1498w\" sizes=\"auto, (max-width: 900px) 100vw, 900px\" \/><figcaption id=\"caption-attachment-11097\" class=\"wp-caption-text\">Foreman control loading Containers box from Cargo freight ship for import export.<\/figcaption><\/figure>\n<\/div>\n<div class=\"e_a7 speakable\" data-dot=\"mol-paragraph\">\n<p class=\"c_a7\"><span class=\"c_eE\">Zm\u00edrn\u011bn\u00ed dopadu Trumpov\u00fdch cel na automobilov\u00fd pr\u016fmysl je nejnov\u011bj\u0161\u00edm \u00fastupkem v\u00a0r\u00e1mci prezidentovy agresivn\u00ed obchodn\u00ed politiky. D\u011bje se tak po ot\u0159esech na finan\u010dn\u00edch trz\u00edch a\u00a0intenzivn\u00edm lobbov\u00e1n\u00ed ze strany spole\u010dnost\u00ed a\u00a0jednotliv\u00fdch zem\u00ed. Nejv\u011bt\u0161\u00edm dosavadn\u00edm \u00fastupkem Trumpa je 90denn\u00ed stopka na rozs\u00e1hla cla nam\u00ed\u0159en\u00e1 na de facto zbytek sv\u011bta, kter\u00e1 ohl\u00e1sil za\u010d\u00e1tkem dubna.<\/span><\/p>\n<p><strong>Zdroj: WSJ, novinky.cz<\/strong><\/p>\n<\/div>\n<\/div>\n<\/div>\n<\/article>\n<\/div>\n<\/div>\n","protected":false},"excerpt":{"rendered":"<p>Donald Trump se chyst\u00e1 zm\u00edrnit dopad sv\u00fdch cel na auta. Tarify na vozidla vyroben\u00e1 mimo&#8230;<\/p>\n","protected":false},"author":1,"featured_media":11979,"comment_status":"closed","ping_status":"closed","sticky":false,"template":"","format":"standard","meta":{"footnotes":""},"categories":[44,31],"tags":[],"class_list":["post-12850","post","type-post","status-publish","format-standard","has-post-thumbnail","hentry","category-export","category-news"],"_links":{"self":[{"href":"https:\/\/www.automakers.cz\/index.php?rest_route=\/wp\/v2\/posts\/12850","targetHints":{"allow":["GET"]}}],"collection":[{"href":"https:\/\/www.automakers.cz\/index.php?rest_route=\/wp\/v2\/posts"}],"about":[{"href":"https:\/\/www.automakers.cz\/index.php?rest_route=\/wp\/v2\/types\/post"}],"author":[{"embeddable":true,"href":"https:\/\/www.automakers.cz\/index.php?rest_route=\/wp\/v2\/users\/1"}],"replies":[{"embeddable":true,"href":"https:\/\/www.automakers.cz\/index.php?rest_route=%2Fwp%2Fv2%2Fcomments&post=12850"}],"version-history":[{"count":3,"href":"https:\/\/www.automakers.cz\/index.php?rest_route=\/wp\/v2\/posts\/12850\/revisions"}],"predecessor-version":[{"id":12852,"href":"https:\/\/www.automakers.cz\/index.php?rest_route=\/wp\/v2\/posts\/12850\/revisions\/12852"}],"wp:featuredmedia":[{"embeddable":true,"href":"https:\/\/www.automakers.cz\/index.php?rest_route=\/wp\/v2\/media\/11979"}],"wp:attachment":[{"href":"https:\/\/www.automakers.cz\/index.php?rest_route=%2Fwp%2Fv2%2Fmedia&parent=12850"}],"wp:term":[{"taxonomy":"category","embeddable":true,"href":"https:\/\/www.automakers.cz\/index.php?rest_route=%2Fwp%2Fv2%2Fcategories&post=12850"},{"taxonomy":"post_tag","embeddable":true,"href":"https:\/\/www.automakers.cz\/index.php?rest_route=%2Fwp%2Fv2%2Ftags&post=12850"}],"curies":[{"name":"wp","href":"https:\/\/api.w.org\/{rel}","templated":true}]}}