{"id":12855,"date":"2025-04-30T07:30:01","date_gmt":"2025-04-30T07:30:01","guid":{"rendered":"https:\/\/www.automakers.cz\/?p=12855"},"modified":"2025-04-30T07:30:01","modified_gmt":"2025-04-30T07:30:01","slug":"historicke-skodovky-na-veteranske-7-castles-trial","status":"publish","type":"post","link":"https:\/\/www.automakers.cz\/?p=12855","title":{"rendered":"Historick\u00e9 \u0161kodovky na veter\u00e1nsk\u00e9 7 Castles Trial"},"content":{"rendered":"<p><strong>\u0160koda p\u0159ipom\u00edn\u00e1 130 let od sv\u00e9ho zalo\u017een\u00ed. Jednou z p\u0159\u00edle\u017eitost\u00ed, kde mohlo \u010desk\u00e9 publikum p\u0159\u00edmo v pohybu vid\u011bt vybran\u00e9 vozy ze sb\u00edrky \u0160koda Muzea, byla \u00fa\u010dast \u010dty\u0159 veter\u00e1n\u016f na 10. ro\u010dn\u00edku jednodenn\u00ed setinov\u00e9 rally 7 Castles Trial, kter\u00e1 se jela v sobotu 24. dubna. <\/strong><!--more--><\/p>\n<p>Trasa dlouh\u00e1 p\u0159es 260 kilometr\u016f zavedla \u0161edes\u00e1t historick\u00fdch voz\u016f na Bene\u0161ovsko. Trofej Narcise Podsedn\u00ed\u010dka pro nejlep\u0161\u00ed v\u016fz \u0160koda ve startovn\u00edm poli z\u00edskala pos\u00e1dka Hu\u0148\u00e1\u010dek Pavel &amp; Form\u00e1nek Vojt\u011bch startuj\u00edc\u00ed s vozem \u0160koda 120L.<\/p>\n<p>V sobotu 26. dubna odstartoval z Prahy jubilejn\u00ed 10. ro\u010dn\u00edk setinov\u00e9 rally 7 Castles Trial a ve startovn\u00edm poli op\u011bt nechyb\u011bly vybran\u00e9 historick\u00e9 vozy ze sb\u00edrek \u0160koda Muzea.<\/p>\n<p>\u201eNa tuto intenzivn\u00ed jednodenn\u00ed veter\u00e1nskou rally se ka\u017ed\u00fd rok r\u00e1di vrac\u00edme, nebo\u0165 je to po zimn\u00ed odmlce ide\u00e1ln\u00ed p\u0159\u00edle\u017eitost k d\u016fkladn\u00e9mu prov\u011btr\u00e1n\u00ed na\u0161ich expon\u00e1t\u016f,\u201c \u0159\u00edk\u00e1 Andrea Frydlov\u00e1 vedouc\u00ed \u0160koda Muzea v Mlad\u00e9 Boleslavi a dod\u00e1v\u00e1: \u201eLetos jsme se i vzhledem ke 130let\u00e9mu v\u00fdro\u010d\u00ed rozhodli pot\u011b\u0161it div\u00e1ky \u010dtve\u0159ic\u00ed zaj\u00edmav\u00fdch aut, je\u017e daly vzpomenout na r\u016fzn\u00e1 obdob\u00ed v historii mladoboleslavsk\u00e9 automobilky.\u201c<\/p>\n<p><strong>Nep\u0159ehl\u00e9dnuteln\u00fd kvartet voz\u016f \u0160koda<\/strong><\/p>\n<p>Raritn\u00edm vozem, z\u00e1rove\u0148 nejstar\u0161\u00edm ve startovn\u00edm poli, byla \u0160koda Rapid OHV z roku 1940 s aerodynamickou \u201ed\u00e1lni\u010dn\u00ed\u201c karoseri\u00ed. Podle archivu automobilky bylo toti\u017e t\u00e9to karos\u00e1\u0159sk\u00e9 verze, je\u017e byla vybavena motorem s rozvodem OHV o v\u00fdkonu 42 k, kter\u00fdch bylo vyrobeno pouh\u00fdch 110 kus\u016f.<\/p>\n<p>Pov\u00e1le\u010dnou \u00e9ru zna\u010dky zastupovala \u0160koda 1101 \u201eTudor\u201c z roku 1948, kter\u00e1 se d\u00edky sv\u00e9 odolnosti a spolehlivosti \u010dasto \u00fa\u010dastn\u00ed pr\u00e1v\u011b i n\u00e1ro\u010dn\u011bj\u0161\u00edch veter\u00e1nsk\u00fdch podnik\u016f. Jej\u00ed \u010dty\u0159v\u00e1lcov\u00fd motor o objemu 1089 cm3 tak bez probl\u00e9m\u016f zvl\u00e1dl i trasu 7 Castles Trial.<\/p>\n<p>Startovn\u00ed pole pomohl rozz\u00e1\u0159it tak\u00e9 jeden z nejhez\u010d\u00edch voz\u016f na\u0161\u00ed historie \u2013 \u0160koda Felicia z roku 1961. Nen\u00ed divu, \u017ee se z tohoto modelu stal velmi \u017e\u00e1dan\u00fd veter\u00e1n, a to stejn\u011b jako z vozu \u0160koda 1100 MBX (1969). Tento dvoudve\u0159ov\u00fd automobil vych\u00e1z\u00ed z \u2018emb\u00e9\u010dka\u2019, av\u0161ak chyb\u00ed mu horn\u00ed \u010d\u00e1st prost\u0159edn\u00edch sloupk\u016f karoserie, tak\u017ee p\u0159i pohledu zboku vynikne jeho prosklen\u00e1 plocha. I proto se mu od div\u00e1k\u016f pod\u00e9l trasy dostalo opr\u00e1vn\u011bn\u00e9 pozornosti.<\/p>\n<p><strong>Princip setinov\u00e9 rally prov\u011b\u0159\u00ed souhru pos\u00e1dky<\/strong><\/p>\n<p>Setinov\u00e1 rally 7 Castles Trial se letos konala podes\u00e1t\u00e9 a pro pos\u00e1dky bylo p\u0159ipraveno celkem dev\u011bt test\u016f p\u0159esnosti, v nich\u017e je pr\u016fjezd sout\u011b\u017en\u00edho vozu m\u011b\u0159en na setiny sekundy. Za ka\u017edou setinu odchylky od p\u0159edepsan\u00e9ho \u010dasu dost\u00e1v\u00e1 t\u00fdm jeden trestn\u00fd bod.<\/p>\n<p>Souhry \u0159idi\u010de a spolujezdce nav\u00edc prov\u011b\u0159ilo i n\u011bkolik tajn\u00fdch test\u016f, kter\u00e9 nejsou zna\u010deny v roadbooku. S nejni\u017e\u0161\u00edm po\u010dtem trestn\u00fdch bod\u016f (231.0) do c\u00edle dorazila pos\u00e1dka Szab\u00f3 Endre a G\u00f6m\u00f6ri Melinda, kter\u00e1 se tak stala celkov\u00fdm v\u00edt\u011bzem. Trofej Narcise Podsedn\u00ed\u010dka pro nejl\u00e9pe um\u00edst\u011bn\u00fd v\u016fz zna\u010dky \u0160koda si odvezla pos\u00e1dka Hu\u0148\u00e1\u010dek Pavel a Form\u00e1nek Vojt\u011bch, kter\u00e1 rally absolvovala s vozem \u0160koda 120L.<\/p>\n<p><img loading=\"lazy\" decoding=\"async\" class=\"alignnone size-medium wp-image-12857\" src=\"http:\/\/www.automakers.cz\/wp-content\/uploads\/2025\/04\/oslava-130leteho-vyroci-small-2-900x600.jpg\" alt=\"\" width=\"900\" height=\"600\" srcset=\"https:\/\/www.automakers.cz\/wp-content\/uploads\/2025\/04\/oslava-130leteho-vyroci-small-2-900x600.jpg 900w, https:\/\/www.automakers.cz\/wp-content\/uploads\/2025\/04\/oslava-130leteho-vyroci-small-2-1024x683.jpg 1024w, https:\/\/www.automakers.cz\/wp-content\/uploads\/2025\/04\/oslava-130leteho-vyroci-small-2-768x512.jpg 768w, https:\/\/www.automakers.cz\/wp-content\/uploads\/2025\/04\/oslava-130leteho-vyroci-small-2-1536x1024.jpg 1536w\" sizes=\"auto, (max-width: 900px) 100vw, 900px\" \/><\/p>\n","protected":false},"excerpt":{"rendered":"<p>\u0160koda p\u0159ipom\u00edn\u00e1 130 let od sv\u00e9ho zalo\u017een\u00ed. Jednou z p\u0159\u00edle\u017eitost\u00ed, kde mohlo \u010desk\u00e9 publikum p\u0159\u00edmo&#8230;<\/p>\n","protected":false},"author":2,"featured_media":12856,"comment_status":"closed","ping_status":"closed","sticky":false,"template":"","format":"standard","meta":{"footnotes":""},"categories":[34,4],"tags":[],"class_list":["post-12855","post","type-post","status-publish","format-standard","has-post-thumbnail","hentry","category-veterani","category-vyroci"],"_links":{"self":[{"href":"https:\/\/www.automakers.cz\/index.php?rest_route=\/wp\/v2\/posts\/12855","targetHints":{"allow":["GET"]}}],"collection":[{"href":"https:\/\/www.automakers.cz\/index.php?rest_route=\/wp\/v2\/posts"}],"about":[{"href":"https:\/\/www.automakers.cz\/index.php?rest_route=\/wp\/v2\/types\/post"}],"author":[{"embeddable":true,"href":"https:\/\/www.automakers.cz\/index.php?rest_route=\/wp\/v2\/users\/2"}],"replies":[{"embeddable":true,"href":"https:\/\/www.automakers.cz\/index.php?rest_route=%2Fwp%2Fv2%2Fcomments&post=12855"}],"version-history":[{"count":4,"href":"https:\/\/www.automakers.cz\/index.php?rest_route=\/wp\/v2\/posts\/12855\/revisions"}],"predecessor-version":[{"id":12877,"href":"https:\/\/www.automakers.cz\/index.php?rest_route=\/wp\/v2\/posts\/12855\/revisions\/12877"}],"wp:featuredmedia":[{"embeddable":true,"href":"https:\/\/www.automakers.cz\/index.php?rest_route=\/wp\/v2\/media\/12856"}],"wp:attachment":[{"href":"https:\/\/www.automakers.cz\/index.php?rest_route=%2Fwp%2Fv2%2Fmedia&parent=12855"}],"wp:term":[{"taxonomy":"category","embeddable":true,"href":"https:\/\/www.automakers.cz\/index.php?rest_route=%2Fwp%2Fv2%2Fcategories&post=12855"},{"taxonomy":"post_tag","embeddable":true,"href":"https:\/\/www.automakers.cz\/index.php?rest_route=%2Fwp%2Fv2%2Ftags&post=12855"}],"curies":[{"name":"wp","href":"https:\/\/api.w.org\/{rel}","templated":true}]}}