{"id":12878,"date":"2025-04-29T07:41:39","date_gmt":"2025-04-29T07:41:39","guid":{"rendered":"https:\/\/www.automakers.cz\/?p=12878"},"modified":"2025-05-05T08:18:07","modified_gmt":"2025-05-05T08:18:07","slug":"americky-gm-odklada-schuzku-s-investory","status":"publish","type":"post","link":"https:\/\/www.automakers.cz\/?p=12878","title":{"rendered":"Americk\u00fd GM odkl\u00e1d\u00e1 sch\u016fzku s investory"},"content":{"rendered":"<p><strong>Dopady obchodn\u00ed v\u00e1lky\u00a0<span class=\"highlight-E2id0 highlight-E2M\">Donalda<\/span> <span class=\"highlight-E2id0 highlight-E2M\">Trumpa<\/span> se rozl\u00e9haj\u00ed ve sv\u011bt\u011b podnik\u00e1n\u00ed, kdy\u017e doru\u010dovac\u00ed gigant <span class=\"highlight-E1id2 highlight-E4id2 highlight-E1M highlight-E4M\">UPS<\/span> ozn\u00e1mil, \u017ee propust\u00ed 20 000 <span class=\"highlight-E5id2 highlight-E5M\">zam\u011bstnanc\u016f<\/span>, zat\u00edmco <span class=\"highlight-E4id6 highlight-E1id5 highlight-E4M highlight-E1M\">General<\/span> <span class=\"highlight-E1id5 highlight-E4id6 highlight-E1M highlight-E4M\">Motors <\/span>st\u00e1hla sv\u016fj v\u00fdhled a odlo\u017eila sch\u016fzku s <span class=\"highlight-E5id3 highlight-E5M\">investory<\/span>, dokud nebudou jasn\u00e9 mo\u017en\u00e9 zm\u011bny v obchodn\u00ed politice.<\/strong><!--more--><\/p>\n<p>Detroitsk\u00fd <span class=\"highlight-E5id1 highlight-E5M\">v\u00fdrobce<\/span> automobil\u016f se spolu s americk\u00fdm <span class=\"highlight-E5id1 highlight-E5M\">v\u00fdrobcem<\/span> ke\u010dupu <span class=\"highlight-E4id3 highlight-E1id3 highlight-E4id4 highlight-E4M highlight-E1M\">Kraft<\/span> <span class=\"highlight-E4id3 highlight-E4id4 highlight-E1id3 highlight-E4M highlight-E1M\">Heinz<\/span>, \u0161v\u00e9dsk\u00fdm <span class=\"highlight-E5id1 highlight-E5M\">v\u00fdrobcem<\/span> spot\u0159ebi\u010d\u016f <span class=\"highlight-E1id4 highlight-E4id5 highlight-E1M highlight-E4M\">Electrolux<\/span> , leteckou spole\u010dnost\u00ed JetBlue Airways a dal\u0161\u00edmi blue chipy p\u0159ipojil k rozmanit\u00e9mu seznamu spole\u010dnost\u00ed, kter\u00e9 st\u00e1hly progn\u00f3zy pro rok 2025 nebo v\u00fdrazn\u011b sn\u00ed\u017eily v\u00fdhledy, co\u017e je dal\u0161\u00edm d\u016fkazem toho, \u017ee <span class=\"highlight-E2id0 highlight-E2M\">Trumpova<\/span> kol\u00edsav\u00e1 obchodn\u00ed politika m\u00e1 zna\u010dn\u00fd dopad na schopnost spole\u010dnost\u00ed pl\u00e1novat nad r\u00e1mec bezprost\u0159edn\u00ed budoucnosti. schopnost pl\u00e1novat na del\u0161\u00ed obdob\u00ed.<\/p>\n<p>Podle anal\u00fdzy <span class=\"highlight-E1id0 highlight-E4id0 highlight-E1M highlight-E4M\">agentury<\/span> <span class=\"highlight-E4id0 highlight-E1id0 highlight-E4M highlight-E1M\">Reuters<\/span> st\u00e1hlo nebo sn\u00ed\u017eilo sv\u00e9 v\u00fdhledy v prvn\u00edch dvou t\u00fddnech sez\u00f3ny zve\u0159ej\u0148ov\u00e1n\u00ed v\u00fdsledk\u016f za prvn\u00ed \u010dtvrtlet\u00ed p\u0159ibli\u017en\u011b 40 spole\u010dnost\u00ed po cel\u00e9m sv\u011bt\u011b. \u201eUk\u00e1zalo se, \u017ee v\u0161echny p\u0159edpov\u011bdi byly \u0161patn\u00e9,\u201c \u0159ekl <span class=\"highlight-E1id0 highlight-E4id0 highlight-E1M highlight-E4M\">agentu\u0159e<\/span> <span class=\"highlight-E4id0 highlight-E1id0 highlight-E4M highlight-E1M\">Reuters<\/span> <span class=\"highlight-E5id0 highlight-E5M\">gener\u00e1ln\u00ed<\/span> <span class=\"highlight-E5id0 highlight-E5M\">\u0159editel<\/span> <span class=\"highlight-E1id4 highlight-E4id5 highlight-E1M highlight-E4M\">Electroluxu<\/span> Yannick Fierling. \u201cJsem p\u0159ekvapen, \u017ee n\u011bkdo tvrd\u00ed, \u017ee m\u00e1 p\u0159edstavu o tom, kam se <span class=\"highlight-query\">cla<\/span> budou ub\u00edrat.\u201c <span class=\"highlight-E0id0 highlight-E0M\">B\u00edl\u00fd<\/span> <span class=\"highlight-E0id0 highlight-E0M\">d\u016fm<\/span> n\u011bkolikr\u00e1t ustoupil od rozs\u00e1hl\u00fdch <span class=\"highlight-query\">cel<\/span>, kter\u00e9 <span class=\"highlight-E2id0 highlight-E2M\">Trump<\/span> zavedl na za\u010d\u00e1tku dubna a kter\u00e9 vyvolaly vlnu prodej\u016f akci\u00ed po cel\u00e9m sv\u011bt\u011b a p\u0159im\u011bly <span class=\"highlight-E5id3 highlight-E5M\">investory<\/span> sn\u00ed\u017eit sv\u00e9 pozice v obvykle bezpe\u010dn\u00e9m americk\u00e9m dolaru a dluhopisech ministerstva financ\u00ed. \u0160irok\u00fd index <span class=\"highlight-E3id0 highlight-E3M\">S<\/span><span class=\"highlight-E3id0 highlight-E3M\">&amp;<\/span><span class=\"highlight-E3id0 highlight-E3M\">P<\/span> <span class=\"highlight-E3id0 highlight-E3M\">500<\/span> klesl od <span class=\"highlight-E2id0 highlight-E2M\">Trumpova<\/span> n\u00e1vratu do \u00fa\u0159adu o 7 %.<\/p>\n<p><strong>Zdroj: burzovnisvet.cz<\/strong><\/p>\n","protected":false},"excerpt":{"rendered":"<p>Dopady obchodn\u00ed v\u00e1lky\u00a0Donalda Trumpa se rozl\u00e9haj\u00ed ve sv\u011bt\u011b podnik\u00e1n\u00ed, kdy\u017e doru\u010dovac\u00ed gigant UPS ozn\u00e1mil, \u017ee&#8230;<\/p>\n","protected":false},"author":1,"featured_media":6570,"comment_status":"closed","ping_status":"closed","sticky":false,"template":"","format":"standard","meta":{"footnotes":""},"categories":[44],"tags":[],"class_list":["post-12878","post","type-post","status-publish","format-standard","has-post-thumbnail","hentry","category-export"],"_links":{"self":[{"href":"https:\/\/www.automakers.cz\/index.php?rest_route=\/wp\/v2\/posts\/12878","targetHints":{"allow":["GET"]}}],"collection":[{"href":"https:\/\/www.automakers.cz\/index.php?rest_route=\/wp\/v2\/posts"}],"about":[{"href":"https:\/\/www.automakers.cz\/index.php?rest_route=\/wp\/v2\/types\/post"}],"author":[{"embeddable":true,"href":"https:\/\/www.automakers.cz\/index.php?rest_route=\/wp\/v2\/users\/1"}],"replies":[{"embeddable":true,"href":"https:\/\/www.automakers.cz\/index.php?rest_route=%2Fwp%2Fv2%2Fcomments&post=12878"}],"version-history":[{"count":1,"href":"https:\/\/www.automakers.cz\/index.php?rest_route=\/wp\/v2\/posts\/12878\/revisions"}],"predecessor-version":[{"id":12879,"href":"https:\/\/www.automakers.cz\/index.php?rest_route=\/wp\/v2\/posts\/12878\/revisions\/12879"}],"wp:featuredmedia":[{"embeddable":true,"href":"https:\/\/www.automakers.cz\/index.php?rest_route=\/wp\/v2\/media\/6570"}],"wp:attachment":[{"href":"https:\/\/www.automakers.cz\/index.php?rest_route=%2Fwp%2Fv2%2Fmedia&parent=12878"}],"wp:term":[{"taxonomy":"category","embeddable":true,"href":"https:\/\/www.automakers.cz\/index.php?rest_route=%2Fwp%2Fv2%2Fcategories&post=12878"},{"taxonomy":"post_tag","embeddable":true,"href":"https:\/\/www.automakers.cz\/index.php?rest_route=%2Fwp%2Fv2%2Ftags&post=12878"}],"curies":[{"name":"wp","href":"https:\/\/api.w.org\/{rel}","templated":true}]}}