{"id":12902,"date":"2025-05-02T08:42:48","date_gmt":"2025-05-02T08:42:48","guid":{"rendered":"https:\/\/www.automakers.cz\/?p=12902"},"modified":"2025-05-02T08:43:12","modified_gmt":"2025-05-02T08:43:12","slug":"novy-pr-manazer-v-ceskem-nissanu","status":"publish","type":"post","link":"https:\/\/www.automakers.cz\/?p=12902","title":{"rendered":"Nov\u00fd PR mana\u017eer v \u010desk\u00e9m Nissanu"},"content":{"rendered":"<p><strong>\u010cesk\u00fd Nissan hl\u00e1s\u00ed person\u00e1ln\u00ed novinku. PR mana\u017eerka zna\u010dky Veronika P\u0159\u00edkopov\u00e1 s koncem dubna ode\u0161la z import\u00e9rsk\u00e9 spole\u010dnosti Grand Automotive na mate\u0159skou dovolenou a novin\u00e1\u0159i se maj\u00ed hl\u00e1sit na nov\u00e9 emailov\u00e9 adrese.<\/strong><!--more--><\/p>\n<p>Mana\u017ee\u0159i se v Grand Automotive East naposledy m\u011bnili loni v l\u00e9t\u011b, kdy se m\u00e9di\u00edm uk\u00e1zal na tiskovce ve Dvo\u0159e Pec\u00ednov nov\u00fd gener\u00e1ln\u00ed \u0159editel Nissanu <strong>Antione Corre<\/strong>. V are\u00e1lu hotelu Dv\u016fr Pec\u00ednov u Bene\u0161ova se p\u0159edstavil tak\u00e9 model Qashqai.<strong><br \/>\n<\/strong><span id=\"more-7499\"><\/span><\/p>\n<figure id=\"attachment_7500\" aria-describedby=\"caption-attachment-7500\" style=\"width: 900px\" class=\"wp-caption alignnone\"><img loading=\"lazy\" decoding=\"async\" class=\"size-medium wp-image-7500\" src=\"http:\/\/www.automakers.cz\/wp-content\/uploads\/2024\/09\/Nissan_TK_1-900x554.jpg\" alt=\"\" width=\"900\" height=\"554\" srcset=\"https:\/\/www.automakers.cz\/wp-content\/uploads\/2024\/09\/Nissan_TK_1-900x554.jpg 900w, https:\/\/www.automakers.cz\/wp-content\/uploads\/2024\/09\/Nissan_TK_1-1024x630.jpg 1024w, https:\/\/www.automakers.cz\/wp-content\/uploads\/2024\/09\/Nissan_TK_1-768x473.jpg 768w, https:\/\/www.automakers.cz\/wp-content\/uploads\/2024\/09\/Nissan_TK_1-1536x945.jpg 1536w, https:\/\/www.automakers.cz\/wp-content\/uploads\/2024\/09\/Nissan_TK_1-2048x1260.jpg 2048w\" sizes=\"auto, (max-width: 900px) 100vw, 900px\" \/><figcaption id=\"caption-attachment-7500\" class=\"wp-caption-text\">Antione Corre; FOTO: Karel Ber\u00e1nek<\/figcaption><\/figure>\n<p>Letos firma ohl\u00e1sila dovoz \u010d\u00ednsk\u00fdch zna\u010dek Omoda a Jaecoo, na \u0159editelku jejich divize pov\u00fd\u0161ila <strong>Petra R\u016f\u017ei\u010dkov\u00e1<\/strong>. Nyn\u00ed si budou novin\u00e1\u0159i zvykat na nov\u00e9ho PR mana\u017eera Nissanu.<\/p>\n<p>&#8222;Jak u\u017e asi n\u011bkte\u0159\u00ed v\u00edte, od kv\u011btna se chyst\u00e1m na n\u011bjak\u00fd \u010das v\u011bnovat na plno rodin\u011b. R\u00e1da bych v\u00e1m v\u0161em moc pod\u011bkovala za spolupr\u00e1ci i spoustu nejen Nissan\u00edch z\u00e1\u017eitk\u016f v p\u0159edchoz\u00edch letech. B\u011bhem mate\u0159sk\u00e9 m\u011b zastoup\u00ed nov\u00fd kolega <strong>Alexandr Langr<\/strong> (<a href=\"mailto:alangr@grandautomotive.cz\" target=\"_blank\" rel=\"noopener\">alangr@grandautomotive.cz<\/a>).&#8220;<\/p>\n<p>Bude m\u00edt na starosti marketingov\u00e9 z\u00e1le\u017eitosti, dotazy k produkt\u016fm nebo PR z\u00e1p\u016fj\u010dky.<\/p>\n<p>&#8222;P\u0159edem pros\u00edme ale o trp\u011blivost, proto\u017ee Alexandr toho m\u00e1 hned zeza\u010d\u00e1tku pom\u011brn\u011b hodn\u011b a do konce \u010dervna pracuje pouze na \u010d\u00e1ste\u010dn\u00fd \u00favazek, a\u017e od \u010dervence nastupuje na pln\u00fd \u00favazek,&#8220; up\u0159esnila n\u00e1m situaci Veronika P\u0159\u00edkopov\u00e1.<\/p>\n<p><strong>Zdroj: Veronika P\u0159\u00edkopov\u00e1, archiv<\/strong><\/p>\n<figure id=\"attachment_12907\" aria-describedby=\"caption-attachment-12907\" style=\"width: 200px\" class=\"wp-caption alignnone\"><img loading=\"lazy\" decoding=\"async\" class=\"size-full wp-image-12907\" src=\"http:\/\/www.automakers.cz\/wp-content\/uploads\/2025\/05\/Prikopova-linkedin.jpg\" alt=\"\" width=\"200\" height=\"200\" \/><figcaption id=\"caption-attachment-12907\" class=\"wp-caption-text\">Veronika P\u0159\u00edkopov\u00e1, Foto: LinkedIn<\/figcaption><\/figure>\n","protected":false},"excerpt":{"rendered":"<p>\u010cesk\u00fd Nissan hl\u00e1s\u00ed person\u00e1ln\u00ed novinku. PR mana\u017eerka zna\u010dky Veronika P\u0159\u00edkopov\u00e1 s koncem dubna ode\u0161la z&#8230;<\/p>\n","protected":false},"author":1,"featured_media":12906,"comment_status":"closed","ping_status":"closed","sticky":false,"template":"","format":"standard","meta":{"footnotes":""},"categories":[31,5,21],"tags":[],"class_list":["post-12902","post","type-post","status-publish","format-standard","has-post-thumbnail","hentry","category-news","category-personalie","category-pr"],"_links":{"self":[{"href":"https:\/\/www.automakers.cz\/index.php?rest_route=\/wp\/v2\/posts\/12902","targetHints":{"allow":["GET"]}}],"collection":[{"href":"https:\/\/www.automakers.cz\/index.php?rest_route=\/wp\/v2\/posts"}],"about":[{"href":"https:\/\/www.automakers.cz\/index.php?rest_route=\/wp\/v2\/types\/post"}],"author":[{"embeddable":true,"href":"https:\/\/www.automakers.cz\/index.php?rest_route=\/wp\/v2\/users\/1"}],"replies":[{"embeddable":true,"href":"https:\/\/www.automakers.cz\/index.php?rest_route=%2Fwp%2Fv2%2Fcomments&post=12902"}],"version-history":[{"count":6,"href":"https:\/\/www.automakers.cz\/index.php?rest_route=\/wp\/v2\/posts\/12902\/revisions"}],"predecessor-version":[{"id":12910,"href":"https:\/\/www.automakers.cz\/index.php?rest_route=\/wp\/v2\/posts\/12902\/revisions\/12910"}],"wp:featuredmedia":[{"embeddable":true,"href":"https:\/\/www.automakers.cz\/index.php?rest_route=\/wp\/v2\/media\/12906"}],"wp:attachment":[{"href":"https:\/\/www.automakers.cz\/index.php?rest_route=%2Fwp%2Fv2%2Fmedia&parent=12902"}],"wp:term":[{"taxonomy":"category","embeddable":true,"href":"https:\/\/www.automakers.cz\/index.php?rest_route=%2Fwp%2Fv2%2Fcategories&post=12902"},{"taxonomy":"post_tag","embeddable":true,"href":"https:\/\/www.automakers.cz\/index.php?rest_route=%2Fwp%2Fv2%2Ftags&post=12902"}],"curies":[{"name":"wp","href":"https:\/\/api.w.org\/{rel}","templated":true}]}}