{"id":12920,"date":"2025-05-05T08:33:18","date_gmt":"2025-05-05T08:33:18","guid":{"rendered":"https:\/\/www.automakers.cz\/?p=12920"},"modified":"2025-05-05T08:38:46","modified_gmt":"2025-05-05T08:38:46","slug":"legendy-predvedou-alfu-romeo-6c-super-sport-touring-superleggera","status":"publish","type":"post","link":"https:\/\/www.automakers.cz\/?p=12920","title":{"rendered":"Legendy p\u0159edvedou Alfu Romeo 6C Super Sport"},"content":{"rendered":"<p><strong>V\u00fdstava Legendy, kter\u00e1 za\u010dne v Praze 30. kv\u011btna, p\u0159ipravuje p\u0159ehl\u00eddku voz\u016f Alfa Romeo. Od historick\u00fdch rarit (Alfa Romeo 6C 2500 Super Sport Touring Superleggera, It\u00e1lie 1946) a\u017e po exkluzivn\u00ed GTAm. Na p\u0159\u00edprav\u011b pavilonu se pod\u00edl\u00ed motonovin\u00e1\u0159 Franti\u0161ek Vahala.<\/strong><!--more--><\/p>\n<p>K vid\u011bn\u00ed bude a\u017e 13 voz\u016f ze soukrom\u00fdch sb\u00edrek. Vystaven\u00e9, nasv\u00edcen\u00e9, s popiskami a v zrekonstruovan\u00fdch K\u0159i\u017e\u00edkov\u00fdch pavilonech na V\u00fdstavi\u0161ti Praha.<\/p>\n<p>Na realizaci Pavilonu Alfa Romeo se pod\u00edl\u00ed: <strong>Franti\u0161ek Vahala, Ond\u0159ej Kroutil, Jakub Nov\u00e1k &#8211; Shelby\u015b Garage, Pavel Sovi\u010dka a Blue Garage<\/strong> a dal\u0161\u00ed velkorys\u00ed majitel\u00e9. Uvid\u00edte i Alfu Romeo GT 2000 Veloce, kterou vlastnil Karel Gott.<\/p>\n<figure id=\"attachment_12306\" aria-describedby=\"caption-attachment-12306\" style=\"width: 900px\" class=\"wp-caption alignnone\"><img loading=\"lazy\" decoding=\"async\" class=\"size-medium wp-image-12306\" src=\"http:\/\/www.automakers.cz\/wp-content\/uploads\/2025\/04\/LEGENDY-2024-Pavilon-Anglicka-Noblesa-63-900x600.jpg\" alt=\"\" width=\"900\" height=\"600\" srcset=\"https:\/\/www.automakers.cz\/wp-content\/uploads\/2025\/04\/LEGENDY-2024-Pavilon-Anglicka-Noblesa-63-900x600.jpg 900w, https:\/\/www.automakers.cz\/wp-content\/uploads\/2025\/04\/LEGENDY-2024-Pavilon-Anglicka-Noblesa-63-1024x683.jpg 1024w, https:\/\/www.automakers.cz\/wp-content\/uploads\/2025\/04\/LEGENDY-2024-Pavilon-Anglicka-Noblesa-63-768x512.jpg 768w, https:\/\/www.automakers.cz\/wp-content\/uploads\/2025\/04\/LEGENDY-2024-Pavilon-Anglicka-Noblesa-63-1536x1024.jpg 1536w, https:\/\/www.automakers.cz\/wp-content\/uploads\/2025\/04\/LEGENDY-2024-Pavilon-Anglicka-Noblesa-63.jpg 2048w\" sizes=\"auto, (max-width: 900px) 100vw, 900px\" \/><figcaption id=\"caption-attachment-12306\" class=\"wp-caption-text\">FOTO: LEGENDY 2024 &#8211; Pavilon Anglicka Noblesa<\/figcaption><\/figure>\n<p><strong>Dal\u0161\u00ed highlighty Slavnosti LEGENDY 2025:<\/strong><\/p>\n<p>\u2705\u00a0 Pavilon Lamborghini \u2013 13 unik\u00e1t\u016f<\/p>\n<p>\u2705\u00a0 Pavilon Ferrari \u2013 p\u0159ehl\u00eddka n\u00e1dhern\u00fdch voz\u016f (p\u0159ev\u00e1\u017en\u011b \u010derven\u00fdch)<\/p>\n<p>\u2705 \u00a0Pavilon Radosti \u2013 ABT, Audi, Honda, Mad Guys a dal\u0161\u00ed prodejci a vystavovatel\u00e9<\/p>\n<p>\u2705 \u00a0Oslava 130 let \u0160koda \u2013 historici, z\u00e1vo\u010f\u00e1ky, novinky a ned\u011bln\u00ed d\u011btsk\u00fd den<\/p>\n<p>\u2705 \u00a0Mercedes-Benz expozice pln\u00e1 novinek i legend<\/p>\n<p>\u2705 \u00a0Subaru \u2013 japonsk\u00e1 legenda 4\u00d74<\/p>\n<p>\u2705 \u00a0Mnoho klub\u016f, z\u00f3n, hodn\u011b ob\u010derstven\u00ed, je\u017ed\u011bn\u00ed<\/p>\n<p><strong>Zdroj: Legendy<\/strong><\/p>\n<p><img loading=\"lazy\" decoding=\"async\" class=\"alignnone size-full wp-image-12479\" src=\"http:\/\/www.automakers.cz\/wp-content\/uploads\/2025\/04\/LEGENDY2025-b2b-banner-600x200-2.jpg\" alt=\"\" width=\"640\" height=\"200\" \/><\/p>\n<p>&nbsp;<\/p>\n<p>&nbsp;<\/p>\n","protected":false},"excerpt":{"rendered":"<p>V\u00fdstava Legendy, kter\u00e1 za\u010dne v Praze 30. kv\u011btna, p\u0159ipravuje p\u0159ehl\u00eddku voz\u016f Alfa Romeo. Od historick\u00fdch&#8230;<\/p>\n","protected":false},"author":1,"featured_media":12926,"comment_status":"closed","ping_status":"closed","sticky":false,"template":"","format":"standard","meta":{"footnotes":""},"categories":[19,34,8],"tags":[],"class_list":["post-12920","post","type-post","status-publish","format-standard","has-post-thumbnail","hentry","category-motorsport","category-veterani","category-vystavy"],"_links":{"self":[{"href":"https:\/\/www.automakers.cz\/index.php?rest_route=\/wp\/v2\/posts\/12920","targetHints":{"allow":["GET"]}}],"collection":[{"href":"https:\/\/www.automakers.cz\/index.php?rest_route=\/wp\/v2\/posts"}],"about":[{"href":"https:\/\/www.automakers.cz\/index.php?rest_route=\/wp\/v2\/types\/post"}],"author":[{"embeddable":true,"href":"https:\/\/www.automakers.cz\/index.php?rest_route=\/wp\/v2\/users\/1"}],"replies":[{"embeddable":true,"href":"https:\/\/www.automakers.cz\/index.php?rest_route=%2Fwp%2Fv2%2Fcomments&post=12920"}],"version-history":[{"count":6,"href":"https:\/\/www.automakers.cz\/index.php?rest_route=\/wp\/v2\/posts\/12920\/revisions"}],"predecessor-version":[{"id":12929,"href":"https:\/\/www.automakers.cz\/index.php?rest_route=\/wp\/v2\/posts\/12920\/revisions\/12929"}],"wp:featuredmedia":[{"embeddable":true,"href":"https:\/\/www.automakers.cz\/index.php?rest_route=\/wp\/v2\/media\/12926"}],"wp:attachment":[{"href":"https:\/\/www.automakers.cz\/index.php?rest_route=%2Fwp%2Fv2%2Fmedia&parent=12920"}],"wp:term":[{"taxonomy":"category","embeddable":true,"href":"https:\/\/www.automakers.cz\/index.php?rest_route=%2Fwp%2Fv2%2Fcategories&post=12920"},{"taxonomy":"post_tag","embeddable":true,"href":"https:\/\/www.automakers.cz\/index.php?rest_route=%2Fwp%2Fv2%2Ftags&post=12920"}],"curies":[{"name":"wp","href":"https:\/\/api.w.org\/{rel}","templated":true}]}}