{"id":12930,"date":"2025-05-05T08:49:09","date_gmt":"2025-05-05T08:49:09","guid":{"rendered":"https:\/\/www.automakers.cz\/?p=12930"},"modified":"2025-05-05T08:50:26","modified_gmt":"2025-05-05T08:50:26","slug":"skoda-auto-letos-hlasi-rust-prodeju-i-trzeb","status":"publish","type":"post","link":"https:\/\/www.automakers.cz\/?p=12930","title":{"rendered":"\u0160koda Auto letos hl\u00e1s\u00ed r\u016fst prodej\u016f i tr\u017eeb"},"content":{"rendered":"<p><strong>\u0160koda Auto dodala v prvn\u00edm \u010dtvrtlet\u00ed roku 2025 z\u00e1kazn\u00edk\u016fm \u010din\u00ed 238 600 voz\u016f, co\u017e p\u0159edstavuje meziro\u010dn\u00ed n\u00e1r\u016fst o 8,2 %. Z toho elektrick\u00e9 modely, zahrnuj\u00edc\u00ed elektromobily (BEV) a plug-in hybridn\u00ed vozidla (PHEV), \u010d\u00edtaly 36 900 voz\u016f a spole\u010dn\u011b dos\u00e1hly rekordn\u00edho 15% pod\u00edlu na celkov\u00fdch dod\u00e1vk\u00e1ch.<\/strong><!--more--><\/p>\n<p>Prodejn\u00ed a finan\u010dn\u00ed v\u00fdsledky podle \u0160kody op\u011bt prok\u00e1zaly finan\u010dn\u00ed stabilitu a odolnost spole\u010dnosti navzdory rychle se m\u011bn\u00edc\u00edm tr\u017en\u00edm podm\u00ednk\u00e1m.<\/p>\n<p>\u0160koda Auto vyk\u00e1zala tr\u017eby ve v\u00fd\u0161i 7,259 miliardy eur (+10,4 %), provozn\u00ed zisk vzrostl na 546 milion\u016f eur (+2,1 %), rentabilita tr\u017eeb byla 7,5 % (8,1 % v 1. \u010dtvrtlet\u00ed 2024) a \u010dist\u00fd pen\u011b\u017en\u00ed tok vzrostl na 527 milion\u016f eur, to je o 15,3 % v\u00edce ne\u017e p\u0159ed rokem.<\/p>\n<p>&#8222;Za t\u00edmto v\u00fdsledkem stoj\u00ed odpov\u011bdn\u00e9 \u0159\u00edzen\u00ed n\u00e1klad\u016f a \u0161irok\u00e1 i modern\u00ed modelov\u00e1 nab\u00eddka. Spole\u010dnost rovn\u011b\u017e i nad\u00e1le t\u011b\u017e\u00ed ze synergi\u00ed v koncernu Volkswagen a skupin\u011b objemov\u00fdch zna\u010dek Brand Group Core. V Indii zaznamenala \u0160koda Auto po uveden\u00ed nov\u00e9ho SUV Kylaq prudk\u00fd n\u00e1r\u016fst dod\u00e1vek z\u00e1kazn\u00edk\u016fm, kter\u00e9 dos\u00e1hly 15 000 kus\u016f (+89,3 %),&#8220; uvedla automobilka.<\/p>\n<p><img loading=\"lazy\" decoding=\"async\" class=\"alignnone size-medium wp-image-12935\" src=\"http:\/\/www.automakers.cz\/wp-content\/uploads\/2025\/05\/Skoda-Infografika-2025-kvartal-1-448x900.jpg\" alt=\"\" width=\"448\" height=\"900\" srcset=\"https:\/\/www.automakers.cz\/wp-content\/uploads\/2025\/05\/Skoda-Infografika-2025-kvartal-1-448x900.jpg 448w, https:\/\/www.automakers.cz\/wp-content\/uploads\/2025\/05\/Skoda-Infografika-2025-kvartal-1-510x1024.jpg 510w, https:\/\/www.automakers.cz\/wp-content\/uploads\/2025\/05\/Skoda-Infografika-2025-kvartal-1-768x1543.jpg 768w, https:\/\/www.automakers.cz\/wp-content\/uploads\/2025\/05\/Skoda-Infografika-2025-kvartal-1-764x1536.jpg 764w, https:\/\/www.automakers.cz\/wp-content\/uploads\/2025\/05\/Skoda-Infografika-2025-kvartal-1-1019x2048.jpg 1019w, https:\/\/www.automakers.cz\/wp-content\/uploads\/2025\/05\/Skoda-Infografika-2025-kvartal-1-1024x2058.jpg 1024w, https:\/\/www.automakers.cz\/wp-content\/uploads\/2025\/05\/Skoda-Infografika-2025-kvartal-1-scaled.jpg 1274w\" sizes=\"auto, (max-width: 448px) 100vw, 448px\" \/><\/p>\n","protected":false},"excerpt":{"rendered":"<p>\u0160koda Auto dodala v prvn\u00edm \u010dtvrtlet\u00ed roku 2025 z\u00e1kazn\u00edk\u016fm \u010din\u00ed 238 600 voz\u016f, co\u017e p\u0159edstavuje&#8230;<\/p>\n","protected":false},"author":1,"featured_media":12201,"comment_status":"closed","ping_status":"closed","sticky":false,"template":"","format":"standard","meta":{"footnotes":""},"categories":[18,53],"tags":[],"class_list":["post-12930","post","type-post","status-publish","format-standard","has-post-thumbnail","hentry","category-vyroba","category-vysledky"],"_links":{"self":[{"href":"https:\/\/www.automakers.cz\/index.php?rest_route=\/wp\/v2\/posts\/12930","targetHints":{"allow":["GET"]}}],"collection":[{"href":"https:\/\/www.automakers.cz\/index.php?rest_route=\/wp\/v2\/posts"}],"about":[{"href":"https:\/\/www.automakers.cz\/index.php?rest_route=\/wp\/v2\/types\/post"}],"author":[{"embeddable":true,"href":"https:\/\/www.automakers.cz\/index.php?rest_route=\/wp\/v2\/users\/1"}],"replies":[{"embeddable":true,"href":"https:\/\/www.automakers.cz\/index.php?rest_route=%2Fwp%2Fv2%2Fcomments&post=12930"}],"version-history":[{"count":4,"href":"https:\/\/www.automakers.cz\/index.php?rest_route=\/wp\/v2\/posts\/12930\/revisions"}],"predecessor-version":[{"id":12934,"href":"https:\/\/www.automakers.cz\/index.php?rest_route=\/wp\/v2\/posts\/12930\/revisions\/12934"}],"wp:featuredmedia":[{"embeddable":true,"href":"https:\/\/www.automakers.cz\/index.php?rest_route=\/wp\/v2\/media\/12201"}],"wp:attachment":[{"href":"https:\/\/www.automakers.cz\/index.php?rest_route=%2Fwp%2Fv2%2Fmedia&parent=12930"}],"wp:term":[{"taxonomy":"category","embeddable":true,"href":"https:\/\/www.automakers.cz\/index.php?rest_route=%2Fwp%2Fv2%2Fcategories&post=12930"},{"taxonomy":"post_tag","embeddable":true,"href":"https:\/\/www.automakers.cz\/index.php?rest_route=%2Fwp%2Fv2%2Ftags&post=12930"}],"curies":[{"name":"wp","href":"https:\/\/api.w.org\/{rel}","templated":true}]}}