{"id":12959,"date":"2025-05-06T06:58:25","date_gmt":"2025-05-06T06:58:25","guid":{"rendered":"https:\/\/www.automakers.cz\/?p=12959"},"modified":"2025-05-06T06:59:56","modified_gmt":"2025-05-06T06:59:56","slug":"znacka-ds-podporila-boj-proti-rakovine-deti","status":"publish","type":"post","link":"https:\/\/www.automakers.cz\/?p=12959","title":{"rendered":"Dra\u017eba DS Exup\u00e9ry podpo\u0159\u00ed boj proti rakovin\u011b d\u011bt\u00ed"},"content":{"rendered":"<p><strong>Kolekce DS 3 E-TENSE ANTOINE DE SAINT EXUP\u00c9RY, inspirovan\u00e1 autorov\u00fdm lyrick\u00fdm sv\u011btem, vzd\u00e1v\u00e1 hold mistrovsk\u00e9mu d\u00edlu &#8222;Mal\u00fd princ&#8220;. Tento model je pozv\u00e1nkou k cestov\u00e1n\u00ed a dokazuje, \u017ee nemus\u00edte opou\u0161t\u011bt Zemi, abyste zm\u011bnili sv\u011bt.<\/strong><!--more--><\/p>\n<p>V\u016fz DS 3 E-TENSE COLLECTION ANTOINE DE SAINT EXUP\u00c9RY, kterou spole\u010dnost DS Automobiles p\u0159edala nadaci Antoine de Saint Exup\u00e9ry Youth Foundation, je v\u00fdsledkem partnerstv\u00ed dohodnut\u00e9ho mezi ob\u011bma subjekty v kv\u011btnu 2024.<\/p>\n<p>V t\u00e9 dob\u011b zna\u010dka p\u0159edstavila kolekci nesouc\u00ed jm\u00e9no autora a letce, kter\u00fd zem\u0159el p\u0159ed 80 lety. DS 3, DS 4 a DS 7 byly nab\u00edzeny s \u0161irokou \u0161k\u00e1lou pohonn\u00fdch jednotek a charakteristick\u00fdch prvk\u016f.<\/p>\n<p>Vydra\u017een\u00fd v\u016fz DS 3 E-TENSE ANTOINE DE SAINT EXUP\u00c9RY COLLECTION byl darov\u00e1n Nadaci Gustava Roussyho nadac\u00ed Antoine de Saint Exup\u00e9ry Youth Foundation na podporu kampan\u011b &#8222;L\u00e9\u010dba d\u011btsk\u00e9 rakoviny v 21. stolet\u00ed&#8220;.<\/p>\n<p>Prodej se uskute\u010dnil b\u011bhem slavnostn\u00edho ve\u010dera za \u00fa\u010dasti Brigitte Macron, ministra zdravotnictv\u00ed Yannicka Neudera, prefekta Pa\u0159\u00ed\u017ee a regionu Ile-de-France Marca Guillauma, gener\u00e1ln\u00edho \u0159editele spole\u010dnosti DS Automobiles Xaviera Peugeota a Oliviera d&#8217;Agaye, prezidenta Nadace Antoina de Saint Exup\u00e9ryho pro ml\u00e1de\u017e. V\u0161ichni \u00fa\u010dastn\u00edci byli po\u017e\u00e1d\u00e1ni, aby t\u00e1hli za jeden provaz ve prosp\u011bch d\u011bt\u00ed bojuj\u00edc\u00edch s rakovinou.<\/p>\n<p>&#8222;\u010c\u00e1stka vybran\u00e1 v\u010dera ve\u010der v aukci 100% elektrick\u00e9ho vozu DS 3 E-TENSE &#8222;Mal\u00fd princ&#8220; by m\u011bla d\u00e1t nad\u011bji v\u0161em d\u011btem s rakovinou. Je to konkr\u00e9tn\u00ed \u010din na podporu Nadace Gustava Roussyho, kter\u00e1 ka\u017ed\u00fd den pracuje na nalezen\u00ed \u00fa\u010dinn\u00e9 l\u00e9\u010dby k pora\u017een\u00ed t\u00e9to nemoci. R\u00e1d bych pod\u011bkoval Nadaci ml\u00e1de\u017ee Antoina de Saint Exup\u00e9ryho za to, \u017ee to podn\u00edtila, a jak Antoine de Saint Exup\u00e9ry spr\u00e1vn\u011b \u0159ekl, ujist\u011bme se, \u017ee sen pohlt\u00ed \u017eivoty t\u011bchto d\u011bt\u00ed, aby \u017eivot nepohltil jejich sen.&#8220;<\/p>\n<p><img loading=\"lazy\" decoding=\"async\" class=\"alignnone size-medium wp-image-12962\" src=\"http:\/\/www.automakers.cz\/wp-content\/uploads\/2025\/05\/Snimek-obrazovky_5-5-2025_234645_sharing.oodrive.com_-900x549.jpeg\" alt=\"\" width=\"900\" height=\"549\" srcset=\"https:\/\/www.automakers.cz\/wp-content\/uploads\/2025\/05\/Snimek-obrazovky_5-5-2025_234645_sharing.oodrive.com_-900x549.jpeg 900w, https:\/\/www.automakers.cz\/wp-content\/uploads\/2025\/05\/Snimek-obrazovky_5-5-2025_234645_sharing.oodrive.com_-768x468.jpeg 768w, https:\/\/www.automakers.cz\/wp-content\/uploads\/2025\/05\/Snimek-obrazovky_5-5-2025_234645_sharing.oodrive.com_.jpeg 925w\" sizes=\"auto, (max-width: 900px) 100vw, 900px\" \/><\/p>\n<p><strong>Xavier Peugeot, gener\u00e1ln\u00ed \u0159editel spole\u010dnosti DS Automobiles<\/strong><\/p>\n<p>Spole\u010dnost DS Automobiles p\u0159isp\u011bla dal\u0161\u00edm p\u0159\u00edsp\u011bvkem t\u00edm, \u017ee do polo\u017eky &#8222;DS Automobiles&#8220; v t\u00e9to charitativn\u00ed aukci p\u0159idala speci\u00e1ln\u00ed akci. V\u00edt\u011bz vozu DS 3 E-TENSE ANTOINE DE SAINT EXUP\u00c9RY bude m\u00edt jedine\u010dnou p\u0159\u00edle\u017eitost nav\u0161t\u00edvit designov\u00e9 studio DS Design Studio s Thierrym Metrozem, \u0159editelem designu spole\u010dnosti DS Automobiles, a p\u0159izp\u016fsobit si svou akvizici od design\u00e9r\u016f zna\u010dky.<\/p>\n<p>\u0160\u0165astn\u00fd majitel se tak bude moci vydat do studia DS DESIGN a vyu\u017e\u00edt umu design\u00e9r\u016f spole\u010dnosti DS Automobiles k tomu, aby jejich d\u00edlo bylo je\u0161t\u011b inspirativn\u011bj\u0161\u00ed, stejn\u011b jako \u017eivot Antoina de Saint Exup\u00e9ryho, spisovatele a letce, kter\u00fd zanechal takovou stopu v prvn\u00ed polovin\u011b 20. stolet\u00ed.<\/p>\n<p>Olivier d&#8217;Agay, prezident Nadace ml\u00e1de\u017ee Antoine de Saint Exup\u00e9ry a prasynovec spisovatele-letce, byl na akci tak\u00e9 p\u0159\u00edtomen.<\/p>\n<p>&#8222;Jsem pot\u011b\u0161en, \u017ee spole\u010dnost DS Automobiles cht\u011bla p\u0159ipomenout \u00famrt\u00ed Antoina de Saint Exup\u00e9ryho, ke kter\u00e9mu do\u0161lo 31. \u010dervence 1944. Je sou\u010d\u00e1st\u00ed francouzsk\u00e9ho kulturn\u00edho d\u011bdictv\u00ed stejn\u011b jako DS, pravd\u011bpodobn\u011b nejgeni\u00e1ln\u011bj\u0161\u00ed v\u016fz, kter\u00fd kdy byl vynalezen. U t\u00e9to kolekce DS 3 E-TENSE ANTOINE DE SAINT EXUP\u00c9RY \u0161lo o p\u0159enesen\u00ed emoc\u00ed z jeho pr\u00e1ce a mysl\u00edm, \u017ee v\u00fdsledek je velmi zda\u0159il\u00fd. Spojen\u00edm sil jsme dnes podpo\u0159ili Nadaci Gustava Roussyho v boji proti rakovin\u011b d\u011bt\u00ed a jsem t\u00edm velmi pot\u011b\u0161en,&#8220; \u0159\u00edk\u00e1 Olivier d&#8217;Agay, p\u0159edseda Nadace ml\u00e1de\u017ee Antoine de Saint Exup\u00e9ry.<\/p>\n<p><img loading=\"lazy\" decoding=\"async\" class=\"alignnone size-medium wp-image-12961\" src=\"http:\/\/www.automakers.cz\/wp-content\/uploads\/2025\/05\/Snimek-obrazovky_5-5-2025_234635_sharing.oodrive.com_-900x531.jpeg\" alt=\"\" width=\"900\" height=\"531\" srcset=\"https:\/\/www.automakers.cz\/wp-content\/uploads\/2025\/05\/Snimek-obrazovky_5-5-2025_234635_sharing.oodrive.com_-900x531.jpeg 900w, https:\/\/www.automakers.cz\/wp-content\/uploads\/2025\/05\/Snimek-obrazovky_5-5-2025_234635_sharing.oodrive.com_-768x453.jpeg 768w, https:\/\/www.automakers.cz\/wp-content\/uploads\/2025\/05\/Snimek-obrazovky_5-5-2025_234635_sharing.oodrive.com_.jpeg 918w\" sizes=\"auto, (max-width: 900px) 100vw, 900px\" \/><\/p>\n","protected":false},"excerpt":{"rendered":"<p>Kolekce DS 3 E-TENSE ANTOINE DE SAINT EXUP\u00c9RY, inspirovan\u00e1 autorov\u00fdm lyrick\u00fdm sv\u011btem, vzd\u00e1v\u00e1 hold mistrovsk\u00e9mu&#8230;<\/p>\n","protected":false},"author":2,"featured_media":12960,"comment_status":"closed","ping_status":"closed","sticky":false,"template":"","format":"standard","meta":{"footnotes":""},"categories":[93,16],"tags":[],"class_list":["post-12959","post","type-post","status-publish","format-standard","has-post-thumbnail","hentry","category-charita","category-csr"],"_links":{"self":[{"href":"https:\/\/www.automakers.cz\/index.php?rest_route=\/wp\/v2\/posts\/12959","targetHints":{"allow":["GET"]}}],"collection":[{"href":"https:\/\/www.automakers.cz\/index.php?rest_route=\/wp\/v2\/posts"}],"about":[{"href":"https:\/\/www.automakers.cz\/index.php?rest_route=\/wp\/v2\/types\/post"}],"author":[{"embeddable":true,"href":"https:\/\/www.automakers.cz\/index.php?rest_route=\/wp\/v2\/users\/2"}],"replies":[{"embeddable":true,"href":"https:\/\/www.automakers.cz\/index.php?rest_route=%2Fwp%2Fv2%2Fcomments&post=12959"}],"version-history":[{"count":6,"href":"https:\/\/www.automakers.cz\/index.php?rest_route=\/wp\/v2\/posts\/12959\/revisions"}],"predecessor-version":[{"id":12977,"href":"https:\/\/www.automakers.cz\/index.php?rest_route=\/wp\/v2\/posts\/12959\/revisions\/12977"}],"wp:featuredmedia":[{"embeddable":true,"href":"https:\/\/www.automakers.cz\/index.php?rest_route=\/wp\/v2\/media\/12960"}],"wp:attachment":[{"href":"https:\/\/www.automakers.cz\/index.php?rest_route=%2Fwp%2Fv2%2Fmedia&parent=12959"}],"wp:term":[{"taxonomy":"category","embeddable":true,"href":"https:\/\/www.automakers.cz\/index.php?rest_route=%2Fwp%2Fv2%2Fcategories&post=12959"},{"taxonomy":"post_tag","embeddable":true,"href":"https:\/\/www.automakers.cz\/index.php?rest_route=%2Fwp%2Fv2%2Ftags&post=12959"}],"curies":[{"name":"wp","href":"https:\/\/api.w.org\/{rel}","templated":true}]}}