{"id":1300,"date":"2024-01-09T10:51:23","date_gmt":"2024-01-09T10:51:23","guid":{"rendered":"https:\/\/www.automakers.cz\/?p=1300"},"modified":"2024-01-09T10:51:55","modified_gmt":"2024-01-09T10:51:55","slug":"czechtrade-vozidla-loni-tahla-export","status":"publish","type":"post","link":"https:\/\/www.automakers.cz\/?p=1300","title":{"rendered":"CzechTrade: vozidla loni t\u00e1hla export"},"content":{"rendered":"<div><span class=\"x_contentpasted0 elementToProof\"><strong><span class=\"ContentPasted0 elementToProof\"><span class=\"ContentPasted1\">Gener\u00e1ln\u00ed \u0159editel CzechTrade Radomil Dole\u017eal komentoval aktu\u00e1ln\u00ed statistiku zahrani\u010dn\u00edho obchodu. Mezi nejv\u00edce rostouc\u00ed polo\u017eky lo\u0148sk\u00e9ho roku pat\u0159ila motorov\u00e1 vozidla.<\/span><\/span><\/strong><i><span class=\"ContentPasted0 elementToProof\"><br \/>\n<\/span><\/i><\/span><\/div>\n<p><!--more--><\/p>\n<div class=\"elementToProof\"><span class=\"x_contentpasted0 elementToProof\"><i><span class=\"ContentPasted0 elementToProof\">\u201eStatistiky zahrani\u010dn\u00edho obchodu za m\u011bs\u00edc listopad ukazuj\u00ed meziro\u010dn\u00ed pokles\u00a0<\/span><span class=\"ContentPasted0\">v\u00fdvozu o\u00a02,6\u00a0%, mezim\u011bs\u00ed\u010dn\u011b je to pak o\u00a01,4\u00a0%. Po m\u00edrn\u011b kladn\u00e9m v\u00fdsledku v \u0159\u00edjnu se v\u00fdvoz v listopadu op\u011bt vrac\u00ed do z\u00e1porn\u00fdch \u010d\u00edsel a pokles v\u00fdvozu se projevil ve v\u011bt\u0161in\u011b odv\u011btv\u00ed. Mezi nejv\u00edce rostouc\u00ed polo\u017eky v\u00fdvozu pat\u0159ily motorov\u00e1 vozidla a ostatn\u00ed dopravn\u00ed prost\u0159edky, kter\u00e9 ov\u0161em nedok\u00e1zaly vyrovnat pokles v\u00fdvozu ve v\u011bt\u0161in\u011b odv\u011btv\u00ed. V\u00a0listopadu se export meziro\u010dn\u011b nejv\u00edce zv\u00fd\u0161il do zem\u00ed, jako je\u00a0Japonsko a Indon\u00e9sie, kter\u00e9 maj\u00ed ov\u0161em v\u00fdrazn\u011b ni\u017e\u0161\u00ed pod\u00edl na v\u00fdvozu oproti N\u011bmecku. Naopak pozorujeme m\u00edrn\u00fd meziro\u010dn\u00ed pokles exportu na sousedn\u00ed trhy, jako je\u00a0N\u011bmecko nebo Slovensko, v\u00fdrazn\u00fd pokles je u\u00a0<\/span><span class=\"ContentPasted0\">Rakouska,&#8220;<\/span><span class=\"ContentPasted0\">\u00a0<\/span><\/i><span class=\"ContentPasted0\">\u0159\u00edk\u00e1<b class=\"ContentPasted0\">\u00a0Radomil Dole\u017eal, gener\u00e1ln\u00ed \u0159editel CzechTrade<\/b>\u00a0a dod\u00e1v\u00e1:\u00a0<\/span><\/span><\/div>\n<div><\/div>\n<div class=\"elementToProof\"><span class=\"x_contentpasted0 elementToProof\"><span class=\"ContentPasted0\"><i class=\"ContentPasted0\">\u201eLetos m\u00e1me pro \u010desk\u00e9 export\u00e9ry p\u0159ipravenou \u0159adu akc\u00ed, u\u017e v\u00a0\u00fanoru mohou konzultovat sv\u00e9 exportn\u00ed pl\u00e1ny na tradi\u010dn\u00edm Meeting Pointu CzechTrade v Praze. V<\/i><\/span><\/span><i class=\"ContentPasted0 elementToProof\">\u00a0n\u00e1vaznosti na na\u0161i strategii se je\u0161t\u011b v\u00edce zam\u011b\u0159\u00edme na p\u0159esn\u011b vydefinovan\u00e9 perspektivn\u00ed sektory, kter\u00e9 jsme stanovili na z\u00e1klad\u011b identifikovan\u00fdch p\u0159\u00edle\u017eitost\u00ed v zahrani\u010d\u00ed a potenci\u00e1lu dom\u00e1c\u00edch firem. Krom\u011b tradi\u010dn\u00edch sektor\u016f podpo\u0159\u00edme startupy a vysoce inovativn\u00ed firmy, a to nap\u0159\u00edklad dal\u0161\u00edm rozvojem projekt\u016f, jako je City For The Future nebo Exportn\u00ed aliance.<span class=\"ContentPasted0\">\u00a0<\/span><span class=\"ContentPasted0\">St\u00e1vaj\u00edc\u00ed aliance, v\u010detn\u011b nejnov\u011bj\u0161\u00ed<\/span><span class=\"ContentPasted0\">\u00a0<\/span>Bound by Jewellery, kter\u00e1 podporuje internacionalizaci \u010desk\u00e9ho \u0161perka\u0159sk\u00e9ho designu, pl\u00e1nujeme dopl\u0148ovat o dal\u0161\u00ed<span class=\"ContentPasted0\">, n<\/span>ab\u00edz\u00ed se oblast obnoviteln\u00fdch zdroj\u016f. Krom\u011b toho<span class=\"ContentPasted0\">\u00a0<\/span><span class=\"x_contentpasted0\"><span class=\"ContentPasted0 elementToProof\">zah\u00e1j\u00edme provoz celkem \u010dty\u0159 nov\u00fdch zahrani\u010dn\u00edch kancel\u00e1\u0159\u00ed, mimo jin\u00e9 i v japonsk\u00e9 \u00d3sace.\u201c<\/span><\/span><\/i><\/div>\n<div><\/div>\n<div><strong>Zdroj: Czech Trade<\/strong><\/div>\n<div>\n<figure id=\"attachment_91\" aria-describedby=\"caption-attachment-91\" style=\"width: 300px\" class=\"wp-caption alignnone\"><img loading=\"lazy\" decoding=\"async\" class=\"size-medium wp-image-91\" src=\"http:\/\/www.automakers.cz\/wp-content\/uploads\/2023\/11\/Skoda-Auto-almost-780000-vehicles-produced-worldwide-300x200.jpg\" alt=\"\" width=\"300\" height=\"200\" \/><figcaption id=\"caption-attachment-91\" class=\"wp-caption-text\">V\u00fdroba vozu \u0160koda Enyaq Coupe iV ve \u0160KODA Auto Mlad\u00e1 Boleslav.<\/figcaption><\/figure>\n<\/div>\n<div><\/div>\n","protected":false},"excerpt":{"rendered":"<p>Gener\u00e1ln\u00ed \u0159editel CzechTrade Radomil Dole\u017eal komentoval aktu\u00e1ln\u00ed statistiku zahrani\u010dn\u00edho obchodu. Mezi nejv\u00edce rostouc\u00ed polo\u017eky lo\u0148sk\u00e9ho&#8230;<\/p>\n","protected":false},"author":1,"featured_media":757,"comment_status":"open","ping_status":"open","sticky":false,"template":"","format":"standard","meta":{"footnotes":""},"categories":[44,10],"tags":[],"class_list":["post-1300","post","type-post","status-publish","format-standard","has-post-thumbnail","hentry","category-export","category-statistika"],"_links":{"self":[{"href":"https:\/\/www.automakers.cz\/index.php?rest_route=\/wp\/v2\/posts\/1300","targetHints":{"allow":["GET"]}}],"collection":[{"href":"https:\/\/www.automakers.cz\/index.php?rest_route=\/wp\/v2\/posts"}],"about":[{"href":"https:\/\/www.automakers.cz\/index.php?rest_route=\/wp\/v2\/types\/post"}],"author":[{"embeddable":true,"href":"https:\/\/www.automakers.cz\/index.php?rest_route=\/wp\/v2\/users\/1"}],"replies":[{"embeddable":true,"href":"https:\/\/www.automakers.cz\/index.php?rest_route=%2Fwp%2Fv2%2Fcomments&post=1300"}],"version-history":[{"count":4,"href":"https:\/\/www.automakers.cz\/index.php?rest_route=\/wp\/v2\/posts\/1300\/revisions"}],"predecessor-version":[{"id":1303,"href":"https:\/\/www.automakers.cz\/index.php?rest_route=\/wp\/v2\/posts\/1300\/revisions\/1303"}],"wp:featuredmedia":[{"embeddable":true,"href":"https:\/\/www.automakers.cz\/index.php?rest_route=\/wp\/v2\/media\/757"}],"wp:attachment":[{"href":"https:\/\/www.automakers.cz\/index.php?rest_route=%2Fwp%2Fv2%2Fmedia&parent=1300"}],"wp:term":[{"taxonomy":"category","embeddable":true,"href":"https:\/\/www.automakers.cz\/index.php?rest_route=%2Fwp%2Fv2%2Fcategories&post=1300"},{"taxonomy":"post_tag","embeddable":true,"href":"https:\/\/www.automakers.cz\/index.php?rest_route=%2Fwp%2Fv2%2Ftags&post=1300"}],"curies":[{"name":"wp","href":"https:\/\/api.w.org\/{rel}","templated":true}]}}