{"id":13013,"date":"2025-05-07T06:07:50","date_gmt":"2025-05-07T06:07:50","guid":{"rendered":"https:\/\/www.automakers.cz\/?p=13013"},"modified":"2025-05-07T06:07:50","modified_gmt":"2025-05-07T06:07:50","slug":"kia-charge-dostupnejsi-s-balickem-ionity-ultra","status":"publish","type":"post","link":"https:\/\/www.automakers.cz\/?p=13013","title":{"rendered":"Kia Charge dostupn\u011bj\u0161\u00ed s bal\u00ed\u010dkem \u201eIONITY Ultra\u201c"},"content":{"rendered":"<p><strong>Kia roz\u0161i\u0159uje slu\u017ebu Charge o bal\u00ed\u010dek \u201eIONITY Ultra\u201c, kter\u00fd p\u0159in\u00e1\u0161\u00ed dob\u00edjen\u00ed o v\u00fdkonu a\u017e 350 kWh na bezm\u00e1la 5000 stanic\u00edch IONITY. Uveden\u00fd bal\u00ed\u010dek, navr\u017een\u00fd pro cestuj\u00edc\u00ed na dlouh\u00e9 vzd\u00e1lenosti, znamen\u00e1 pohodln\u011bj\u0161\u00ed pou\u017e\u00edv\u00e1n\u00ed a vy\u0161\u0161\u00ed \u00faspory d\u00edky m\u011bs\u00ed\u010dn\u00edmu p\u0159edplatn\u00e9mu, kter\u00e9 zahrnuje sn\u00ed\u017een\u00e9 sazby za kWh.<\/strong><!--more--><\/p>\n<p>Bal\u00ed\u010dek IONITY Ultra je nyn\u00ed k dispozici v 15 evropsk\u00fdch zem\u00edch: \u010cesk\u00e9 republice, Rakousku, Belgii, D\u00e1nsku, Finsku, Francii, N\u011bmecku, Ma\u010farsku, It\u00e1lii, Lucembursku, Norsku, Polsku, Slovensku, \u0160v\u00fdcarsku a Spojen\u00e9m kr\u00e1lovstv\u00ed. Podobn\u011b jako dosavadn\u00ed bal\u00ed\u010dek \u201eIONITY Power\u201c (uveden\u00fd v \u010dervnu 2023) si z\u00e1kazn\u00edci mohou \u201eIONITY Ultra\u201c p\u0159idat do st\u00e1vaj\u00edc\u00edho tarifu Kia Charge.<\/p>\n<div class=\"table-responsive\">\n<table class=\"cms-editor-table standard\">\n<tbody>\n<tr>\n<td>Bal\u00ed\u010dek<\/td>\n<td><strong>IONITY Power<\/strong><\/td>\n<td><strong>IONITY Ultra<\/strong><\/td>\n<\/tr>\n<tr>\n<td>M\u011bs\u00ed\u010dn\u00ed poplatek<\/td>\n<td>179 K\u010d*<\/td>\n<td>305 K\u010d*<\/td>\n<\/tr>\n<tr>\n<td>Cena za kWh<\/td>\n<td>16,20 K\u010d*<\/td>\n<td>12 K\u010d*<\/td>\n<\/tr>\n<\/tbody>\n<\/table>\n<\/div>\n<p>\u201eUveden\u00edm bal\u00ed\u010dku \u201eIONITY Ultra\u201c posilujeme roli Kia Charge coby pr\u016fkopn\u00edka v oblasti elektromobility v cel\u00e9 Evrop\u011b,\u201c uvedl Marc Hedrich, prezident spole\u010dnosti Kia Europe. \u201eNa\u0161e nejnov\u011bj\u0161\u00ed nab\u00eddka p\u0159in\u00e1\u0161\u00ed \u0159idi\u010d\u016fm je\u0161t\u011b v\u011bt\u0161\u00ed flexibilitu, p\u0159\u00edzniv\u011bj\u0161\u00ed cenu a pohodl\u00ed, zejm\u00e9na t\u011bm, kte\u0159\u00ed pot\u0159ebuj\u00ed ultra rychl\u00e9 dob\u00edjen\u00ed p\u0159i cest\u00e1ch do zahrani\u010d\u00ed.\u201c<\/p>\n<p><strong>Jak aktivovat bal\u00ed\u010dek \u201eIONITY Ultra\u201c<\/strong><\/p>\n<ol>\n<li>P\u0159ihlaste se do Kia Charge.<\/li>\n<li>Klikn\u011bte na polo\u017eku\u00a0<strong>SMLOUVA<\/strong>.<\/li>\n<li>V odd\u00edlu\u00a0<strong>BAL\u00cd\u010cKY<\/strong>\u00a0vyberte\u00a0<strong>IONITY<\/strong>.<\/li>\n<li>Vyberte\u00a0<strong>IONITY ULTRA<\/strong>.<\/li>\n<li>Vyj\u00e1d\u0159ete souhlas se smluvn\u00edmi podm\u00ednkami.<\/li>\n<li>Dokon\u010dete objedn\u00e1vku.<\/li>\n<\/ol>\n<p><strong>Dob\u00edjen\u00ed po cel\u00e9 Evrop\u011b<\/strong><\/p>\n<p>Kia Charge je komplexn\u00ed \u0159e\u0161en\u00ed pro dob\u00edjen\u00ed na ve\u0159ejn\u00fdch stanic\u00edch, navr\u017een\u00e9 tak, aby co nejv\u00edce usnad\u0148ovalo elektromobilitu pro u\u017eivatele elektromobil\u016f Kia v Evrop\u011b. Slu\u017eba nab\u00edz\u00ed pod jedinou smlouvou s kartou snadn\u00fd p\u0159\u00edstup k bezm\u00e1la 900 000 dob\u00edjec\u00edm m\u00edst\u016fm ve 27 zem\u00edch v r\u00e1mci jedn\u00e9 z nejrozs\u00e1hlej\u0161\u00edch dob\u00edjec\u00edch s\u00edt\u00ed na kontinentu.<\/p>\n<p>V dubnu 2025 bylo registrov\u00e1no t\u00e9m\u011b\u0159 120 000 aktivn\u00edch u\u017eivatel\u016f Kia Charge; od spu\u0161t\u011bn\u00ed t\u00e9to slu\u017eby p\u0159ed pouh\u00fdmi t\u0159emi a p\u016fl roky bylo evidov\u00e1no p\u0159es 3,1 milionu dob\u00edjec\u00edch relac\u00ed.<\/p>\n<p><strong>Flexibiln\u00ed tarify\u00a0<\/strong><\/p>\n<p>Kia Charge nab\u00edz\u00ed r\u016fzn\u00e9 tarify p\u0159izp\u016fsoben\u00e9 r\u016fzn\u00fdm u\u017eivatelsk\u00fdm zvyklostem, podobn\u011b jako bal\u00ed\u010dky IONITY, kter\u00e9 lze k tarif\u016fm p\u0159iobjednat:<\/p>\n<div class=\"table-responsive\">\n<table class=\"cms-editor-table standard\">\n<tbody>\n<tr>\n<td>Tarif<\/td>\n<td><strong>Kia Charge Easy<\/strong><\/td>\n<td><strong>Kia Charge Plus<\/strong><\/td>\n<\/tr>\n<tr>\n<td>M\u011bs\u00ed\u010dn\u00ed poplatek<\/td>\n<td>bez poplatku<\/td>\n<td>120 K\u010d*<\/td>\n<\/tr>\n<tr>\n<td>Cena za kWh<\/td>\n<td>\u00a0&#8211;<\/td>\n<td>&#8211;<\/td>\n<\/tr>\n<\/tbody>\n<\/table>\n<\/div>\n<p>\u201e<strong>Kia Charge Easy\u201c<\/strong>\u00a0je ide\u00e1ln\u00ed volbou pro p\u0159\u00edle\u017eitostn\u00e9 u\u017eivatele, zat\u00edmco \u201e<strong>Kia Charge Plus<\/strong>\u201c nab\u00edz\u00ed za m\u011bs\u00ed\u010dn\u00ed poplatek pevn\u00e9\u00a0<strong>sn\u00ed\u017een\u00e9 ceny ve v\u00fd\u0161i a\u017e 15 %<\/strong>\u00a0v\u00a0porovn\u00e1n\u00ed s\u00a0Kia Charge Easy ve vybran\u00fdch s\u00edt\u00edch.<\/p>\n","protected":false},"excerpt":{"rendered":"<p>Kia roz\u0161i\u0159uje slu\u017ebu Charge o bal\u00ed\u010dek \u201eIONITY Ultra\u201c, kter\u00fd p\u0159in\u00e1\u0161\u00ed dob\u00edjen\u00ed o v\u00fdkonu a\u017e 350&#8230;<\/p>\n","protected":false},"author":2,"featured_media":13014,"comment_status":"closed","ping_status":"closed","sticky":false,"template":"","format":"standard","meta":{"footnotes":""},"categories":[47,9,31],"tags":[],"class_list":["post-13013","post","type-post","status-publish","format-standard","has-post-thumbnail","hentry","category-doprava","category-elektromobily","category-news"],"_links":{"self":[{"href":"https:\/\/www.automakers.cz\/index.php?rest_route=\/wp\/v2\/posts\/13013","targetHints":{"allow":["GET"]}}],"collection":[{"href":"https:\/\/www.automakers.cz\/index.php?rest_route=\/wp\/v2\/posts"}],"about":[{"href":"https:\/\/www.automakers.cz\/index.php?rest_route=\/wp\/v2\/types\/post"}],"author":[{"embeddable":true,"href":"https:\/\/www.automakers.cz\/index.php?rest_route=\/wp\/v2\/users\/2"}],"replies":[{"embeddable":true,"href":"https:\/\/www.automakers.cz\/index.php?rest_route=%2Fwp%2Fv2%2Fcomments&post=13013"}],"version-history":[{"count":6,"href":"https:\/\/www.automakers.cz\/index.php?rest_route=\/wp\/v2\/posts\/13013\/revisions"}],"predecessor-version":[{"id":13021,"href":"https:\/\/www.automakers.cz\/index.php?rest_route=\/wp\/v2\/posts\/13013\/revisions\/13021"}],"wp:featuredmedia":[{"embeddable":true,"href":"https:\/\/www.automakers.cz\/index.php?rest_route=\/wp\/v2\/media\/13014"}],"wp:attachment":[{"href":"https:\/\/www.automakers.cz\/index.php?rest_route=%2Fwp%2Fv2%2Fmedia&parent=13013"}],"wp:term":[{"taxonomy":"category","embeddable":true,"href":"https:\/\/www.automakers.cz\/index.php?rest_route=%2Fwp%2Fv2%2Fcategories&post=13013"},{"taxonomy":"post_tag","embeddable":true,"href":"https:\/\/www.automakers.cz\/index.php?rest_route=%2Fwp%2Fv2%2Ftags&post=13013"}],"curies":[{"name":"wp","href":"https:\/\/api.w.org\/{rel}","templated":true}]}}