{"id":13024,"date":"2025-05-07T06:19:32","date_gmt":"2025-05-07T06:19:32","guid":{"rendered":"https:\/\/www.automakers.cz\/?p=13024"},"modified":"2025-05-07T06:20:08","modified_gmt":"2025-05-07T06:20:08","slug":"hvezdy-automobilove-slavnosti-legendy-2025","status":"publish","type":"post","link":"https:\/\/www.automakers.cz\/?p=13024","title":{"rendered":"Hv\u011bzdy automobilov\u00e9 slavnosti LEGENDY 2025"},"content":{"rendered":"<p><strong>Slavnost LEGENDY 2025 odstartuje 30. kv\u011btna na V\u00fdstavi\u0161ti Praha Hole\u0161ovice. Promot\u00e9r v\u00fdstavy Lubor <em>Kos<\/em> o\u010dek\u00e1v\u00e1 a\u017e 50 000 n\u00e1v\u0161t\u011bvn\u00edk\u016f. Jedn\u00edm z bod\u016f programu bude a<\/strong>k<strong>ademie slavnosti, kter\u00e1 stanov\u00ed dvacet Hv\u011bzd slavnosti &#8211; 20 top automobil\u016f.<\/strong><!--more--><\/p>\n<p>Tyto automobily budou ozna\u010deny velk\u00fdm \u017elut\u00fdm totemem s ozna\u010den\u00edm &#8222;Hv\u011bzda slavnosti&#8220;. V Pavilonech budou top vozy tak\u00e9 ozna\u010deny &#8222;Hv\u011bzda slavnosti&#8220;. P\u0159edsedou Akademie slavnosti je vedouc\u00ed USA sekce pan Jakub Klom\u00ednek.<\/p>\n<p>V Akademii zasedaj\u00ed p\u0159edstavitel\u00e9 jednotliv\u00fdch automobilov\u00fdch klub\u016f a v\u00fdzna\u010dn\u00ed sb\u011bratel\u00e9. Seznam voz\u016f bude zve\u0159ejn\u011bn t\u011bsn\u011b p\u0159ed otev\u0159en\u00edm slavnosti. Vozy, jejich popis, p\u0159\u00edpadn\u011b i fotografie budou zve\u0159ejn\u011bny na webu slavnosti.<\/p>\n<p><strong>Dal\u0161\u00ed highlighty Slavnosti LEGENDY 2025:<\/strong><\/p>\n<p>\u2705\u00a0 Pavilon Lamborghini \u2013 13 unik\u00e1t\u016f<\/p>\n<p>\u2705\u00a0 Pavilon Ferrari \u2013 p\u0159ehl\u00eddka n\u00e1dhern\u00fdch voz\u016f (p\u0159ev\u00e1\u017en\u011b \u010derven\u00fdch)<\/p>\n<p>\u2705 \u00a0Pavilon Radosti \u2013 ABT, Audi, Honda, Mad Guys a dal\u0161\u00ed prodejci a vystavovatel\u00e9<\/p>\n<p>\u2705 \u00a0Oslava 130 let \u0160koda \u2013 historici, z\u00e1vo\u010f\u00e1ky, novinky a ned\u011bln\u00ed d\u011btsk\u00fd den<\/p>\n<p>\u2705 \u00a0Mercedes-Benz expozice pln\u00e1 novinek i legend<\/p>\n<p>\u2705 \u00a0Subaru \u2013 japonsk\u00e1 legenda 4\u00d74<\/p>\n<p>\u2705 \u00a0Mnoho klub\u016f, z\u00f3n, hodn\u011b ob\u010derstven\u00ed, je\u017ed\u011bn\u00ed<\/p>\n<p><strong>Zdroj: Legendy<\/strong><\/p>\n<figure id=\"attachment_12306\" class=\"wp-caption alignnone\" aria-describedby=\"caption-attachment-12306\"><img loading=\"lazy\" decoding=\"async\" class=\"size-medium wp-image-12306\" src=\"http:\/\/www.automakers.cz\/wp-content\/uploads\/2025\/04\/LEGENDY-2024-Pavilon-Anglicka-Noblesa-63-900x600.jpg\" sizes=\"auto, (max-width: 900px) 100vw, 900px\" srcset=\"https:\/\/www.automakers.cz\/wp-content\/uploads\/2025\/04\/LEGENDY-2024-Pavilon-Anglicka-Noblesa-63-900x600.jpg 900w, https:\/\/www.automakers.cz\/wp-content\/uploads\/2025\/04\/LEGENDY-2024-Pavilon-Anglicka-Noblesa-63-1024x683.jpg 1024w, https:\/\/www.automakers.cz\/wp-content\/uploads\/2025\/04\/LEGENDY-2024-Pavilon-Anglicka-Noblesa-63-768x512.jpg 768w, https:\/\/www.automakers.cz\/wp-content\/uploads\/2025\/04\/LEGENDY-2024-Pavilon-Anglicka-Noblesa-63-1536x1024.jpg 1536w, https:\/\/www.automakers.cz\/wp-content\/uploads\/2025\/04\/LEGENDY-2024-Pavilon-Anglicka-Noblesa-63.jpg 2048w\" alt=\"\" width=\"900\" height=\"600\" \/><figcaption id=\"caption-attachment-12306\" class=\"wp-caption-text\">FOTO: LEGENDY 2024 \u2013 Pavilon Anglicka Noblesa<\/figcaption><\/figure>\n","protected":false},"excerpt":{"rendered":"<p>Slavnost LEGENDY 2025 odstartuje 30. kv\u011btna na V\u00fdstavi\u0161ti Praha Hole\u0161ovice. Promot\u00e9r v\u00fdstavy Lubor Kos o\u010dek\u00e1v\u00e1&#8230;<\/p>\n","protected":false},"author":1,"featured_media":13026,"comment_status":"closed","ping_status":"closed","sticky":false,"template":"","format":"standard","meta":{"footnotes":""},"categories":[34,8],"tags":[],"class_list":["post-13024","post","type-post","status-publish","format-standard","has-post-thumbnail","hentry","category-veterani","category-vystavy"],"_links":{"self":[{"href":"https:\/\/www.automakers.cz\/index.php?rest_route=\/wp\/v2\/posts\/13024","targetHints":{"allow":["GET"]}}],"collection":[{"href":"https:\/\/www.automakers.cz\/index.php?rest_route=\/wp\/v2\/posts"}],"about":[{"href":"https:\/\/www.automakers.cz\/index.php?rest_route=\/wp\/v2\/types\/post"}],"author":[{"embeddable":true,"href":"https:\/\/www.automakers.cz\/index.php?rest_route=\/wp\/v2\/users\/1"}],"replies":[{"embeddable":true,"href":"https:\/\/www.automakers.cz\/index.php?rest_route=%2Fwp%2Fv2%2Fcomments&post=13024"}],"version-history":[{"count":2,"href":"https:\/\/www.automakers.cz\/index.php?rest_route=\/wp\/v2\/posts\/13024\/revisions"}],"predecessor-version":[{"id":13027,"href":"https:\/\/www.automakers.cz\/index.php?rest_route=\/wp\/v2\/posts\/13024\/revisions\/13027"}],"wp:featuredmedia":[{"embeddable":true,"href":"https:\/\/www.automakers.cz\/index.php?rest_route=\/wp\/v2\/media\/13026"}],"wp:attachment":[{"href":"https:\/\/www.automakers.cz\/index.php?rest_route=%2Fwp%2Fv2%2Fmedia&parent=13024"}],"wp:term":[{"taxonomy":"category","embeddable":true,"href":"https:\/\/www.automakers.cz\/index.php?rest_route=%2Fwp%2Fv2%2Fcategories&post=13024"},{"taxonomy":"post_tag","embeddable":true,"href":"https:\/\/www.automakers.cz\/index.php?rest_route=%2Fwp%2Fv2%2Ftags&post=13024"}],"curies":[{"name":"wp","href":"https:\/\/api.w.org\/{rel}","templated":true}]}}