{"id":13035,"date":"2025-05-09T08:31:11","date_gmt":"2025-05-09T08:31:11","guid":{"rendered":"https:\/\/www.automakers.cz\/?p=13035"},"modified":"2025-05-13T11:03:40","modified_gmt":"2025-05-13T11:03:40","slug":"vondra-zmirneni-pokut-automobilkam-neni-dostatecne","status":"publish","type":"post","link":"https:\/\/www.automakers.cz\/?p=13035","title":{"rendered":"Vondra kritizuje nedostate\u010dn\u00e9 zm\u011bny emisn\u00ed legislativy"},"content":{"rendered":"<p><strong>Europoslanci ODS podpo\u0159ili zm\u00edrn\u011bn\u00ed pokut pro evropsk\u00e9 v\u00fdrobce aut, kter\u00e9 jim podle platn\u00e9 legislativy hroz\u00ed, pokud nebudou prod\u00e1vat dostatek elektromobil\u016f. Parlament zm\u011bnu projednal na n\u00e1vrh Evropsk\u00fdch konzervativc\u016f a reformist\u016f (ECR), kter\u00fd na pl\u00e9nu p\u0159edstavil europoslanec Ond\u0159ej Krut\u00edlek.<\/strong> <!--more--><\/p>\n<p><i>\u00a0<\/i><i>\u201eJe dob\u0159e, \u017ee zm\u00edrn\u011bn\u00ed pokut pro\u0161lo, i kdy\u017e nen\u00ed v\u00a0\u017e\u00e1dn\u00e9m p\u0159\u00edpad\u011b dostate\u010dn\u00e9. My jsme si p\u0159edstavovali mnohem z\u00e1sadn\u011bj\u0161\u00ed zm\u011bnu. Od lo\u0148sk\u00e9ho podzimu jsme proto navrhovali, aby byly pokuty \u00fapln\u011b zru\u0161eny, proto\u017ee automobilk\u00e1m budou \u0161kodit v\u00a0ka\u017ed\u00e9 podob\u011b,\u201c<\/i>\u00a0uvedl m\u00edstop\u0159edseda klubu Evropsk\u00fdch konzervativc\u016f a reformist\u016f (ECR) a jeho koordin\u00e1tor ve V\u00fdboru pro \u017eivotn\u00ed prost\u0159ed\u00ed\u00a0<b>Alexandr Vondra<\/b>.<\/p>\n<p><i>\u00a0<\/i><i>\u201eDostate\u010dn\u00e9 nen\u00ed ani prodlou\u017een\u00ed obdob\u00ed pro v\u00fdpo\u010det t\u011bchto pokut na t\u0159i roky, jak ho p\u0159edlo\u017eila Komise a dnes schv\u00e1lil Evropsk\u00fd parlament. Nebude toti\u017e sta\u010dit ani \u010desk\u00fdm, ani dal\u0161\u00edm evropsk\u00fdm automobilk\u00e1m. Nem\u016f\u017eeme se spol\u00e9hat na revizi na\u0159\u00edzen\u00ed k\u00a0emis\u00edm CO2 z\u00a0aut, ob\u00e1v\u00e1m se, \u017ee se k\u00a0\u0159e\u0161en\u00ed probl\u00e9mu budeme muset zase za \u010das vr\u00e1tit,\u201c<\/i>\u00a0\u0159ekl europoslanec a \u010dlen V\u00fdboru pro pr\u016fmysl, v\u00fdzkum a energetiku (ITRE)\u00a0<b>Ond\u0159ej Krut\u00edlek<\/b>\u00a0a dodal:<\/p>\n<p><i>\u201e\u010ce\u0161t\u00ed a evrop\u0161t\u00ed v\u00fdrobci automobil\u016f jasn\u011b po\u017eadovali p\u011bt let, s Alexandrem Vondrou a s\u00a0kolegy z\u00a0klubu ECR jsme proto p\u0159edlo\u017eili pozm\u011b\u0148ovac\u00ed n\u00e1vrh na prodlou\u017een\u00ed na p\u011bt let, kter\u00fd ale v\u00a0EP nez\u00edskal v\u011bt\u0161inu, kdy\u017e pro n\u011bj nehlasovala ani Evropsk\u00e1 lidov\u00e1 strana (EPP)\u201c.<\/i><\/p>\n<p>Evropsk\u00fd parlament bohu\u017eel neschv\u00e1lil ani dal\u0161\u00ed pozm\u011b\u0148ovac\u00ed n\u00e1vrh, kter\u00fd prosazoval zru\u0161en\u00ed faktick\u00e9ho z\u00e1kazu spalovac\u00edch motor\u016f od roku 2035, kdy\u017e ho spole\u010dn\u011b s\u00a0levicov\u00fdmi poslanci op\u011bt odm\u00edtli i poslanci EPP.<\/p>\n<p><strong>Vondra: nem\u016f\u017eeme \u0159e\u0161it jen pokuty<\/strong><\/p>\n<p><i>\u201eKdo chce skute\u010dn\u011b pomoci automobilk\u00e1m, nem\u016f\u017ee se zastavit u \u0159e\u0161en\u00ed probl\u00e9mu s\u00a0pokutami, kter\u00e9 tvo\u0159\u00ed jen men\u0161\u00ed d\u00edlek v\u00a0klimatick\u00e9 skl\u00e1dance, je\u017e dnes v\u00a0Evrop\u011b dus\u00ed cel\u00fd automobilov\u00fd sektor,\u201c\u00a0<\/i>okomentoval pozm\u011b\u0148ovac\u00ed n\u00e1vrh jeden z\u00a0jeho autor\u016f\u00a0<b>Alexandr Vondra<\/b>.<\/p>\n<p><i>\u00a0<\/i><i>\u201eDne\u0161n\u00ed hlasov\u00e1n\u00ed potvrdilo, \u017ee v\u00a0Evropsk\u00e9m parlamentu je v\u016fle \u0159e\u0161it alespo\u0148 n\u011bkter\u00e9 d\u016fsledky klimatick\u00e9 politiky, kter\u00e1 po\u0161kozuje automobilov\u00fd pr\u016fmysl. Abychom ob\u010dan\u016fm zajistili i do budoucna mo\u017enost nakupovat cenov\u011b dostupn\u00e1 auta a zachovali evropsk\u00fd automobilov\u00fd pr\u016fmysl, mus\u00edme tuto politiku p\u0159ekopat mnohem z\u00e1sadn\u011bj\u0161\u00edm zp\u016fsobem,\u201c<\/i>\u00a0uzav\u0159el\u00a0<b>Ond\u0159ej Krut\u00edlek<\/b>.<\/p>\n<p>Zdroj:\u00a0<b>Annie DRBOHLAVOV\u00c1, <\/b>z\u00e1stupkyn\u011b tiskov\u00e9ho mluv\u010d\u00edho<br \/>\nOB\u010cANSK\u00c1 DEMOKRATICK\u00c1 STRANA<\/p>\n","protected":false},"excerpt":{"rendered":"<p>Europoslanci ODS podpo\u0159ili zm\u00edrn\u011bn\u00ed pokut pro evropsk\u00e9 v\u00fdrobce aut, kter\u00e9 jim podle platn\u00e9 legislativy hroz\u00ed,&#8230;<\/p>\n","protected":false},"author":1,"featured_media":1129,"comment_status":"closed","ping_status":"closed","sticky":false,"template":"","format":"standard","meta":{"footnotes":""},"categories":[41,57,14,25],"tags":[],"class_list":["post-13035","post","type-post","status-publish","format-standard","has-post-thumbnail","hentry","category-ekologie","category-emise","category-komentar","category-legislativa"],"_links":{"self":[{"href":"https:\/\/www.automakers.cz\/index.php?rest_route=\/wp\/v2\/posts\/13035","targetHints":{"allow":["GET"]}}],"collection":[{"href":"https:\/\/www.automakers.cz\/index.php?rest_route=\/wp\/v2\/posts"}],"about":[{"href":"https:\/\/www.automakers.cz\/index.php?rest_route=\/wp\/v2\/types\/post"}],"author":[{"embeddable":true,"href":"https:\/\/www.automakers.cz\/index.php?rest_route=\/wp\/v2\/users\/1"}],"replies":[{"embeddable":true,"href":"https:\/\/www.automakers.cz\/index.php?rest_route=%2Fwp%2Fv2%2Fcomments&post=13035"}],"version-history":[{"count":3,"href":"https:\/\/www.automakers.cz\/index.php?rest_route=\/wp\/v2\/posts\/13035\/revisions"}],"predecessor-version":[{"id":13129,"href":"https:\/\/www.automakers.cz\/index.php?rest_route=\/wp\/v2\/posts\/13035\/revisions\/13129"}],"wp:featuredmedia":[{"embeddable":true,"href":"https:\/\/www.automakers.cz\/index.php?rest_route=\/wp\/v2\/media\/1129"}],"wp:attachment":[{"href":"https:\/\/www.automakers.cz\/index.php?rest_route=%2Fwp%2Fv2%2Fmedia&parent=13035"}],"wp:term":[{"taxonomy":"category","embeddable":true,"href":"https:\/\/www.automakers.cz\/index.php?rest_route=%2Fwp%2Fv2%2Fcategories&post=13035"},{"taxonomy":"post_tag","embeddable":true,"href":"https:\/\/www.automakers.cz\/index.php?rest_route=%2Fwp%2Fv2%2Ftags&post=13035"}],"curies":[{"name":"wp","href":"https:\/\/api.w.org\/{rel}","templated":true}]}}