{"id":13039,"date":"2025-05-09T08:44:13","date_gmt":"2025-05-09T08:44:13","guid":{"rendered":"https:\/\/www.automakers.cz\/?p=13039"},"modified":"2025-05-13T10:32:35","modified_gmt":"2025-05-13T10:32:35","slug":"europarlament-schvalil-zmeny-emisnich-norem","status":"publish","type":"post","link":"https:\/\/www.automakers.cz\/?p=13039","title":{"rendered":"Europarlament zm\u00edrnil lh\u016fty emisn\u00edch norem"},"content":{"rendered":"<p class=\"big\"><strong>Europoslanci schv\u00e1lili 8. kv\u011btna zm\u011bny emisn\u00edch norem CO2 pro nov\u00e9 osobn\u00ed automobily a dod\u00e1vky, kter\u00e9 automobilk\u00e1m poskytnou v\u00edce \u010dasu na spln\u011bn\u00ed emisn\u00edch c\u00edl\u016f. Nov\u011b by v\u00fdrobci m\u011bli vykazovat pln\u011bn\u00ed c\u00edl\u016f za t\u0159\u00edlet\u00e9 obdob\u00ed, nikoli za ka\u017ed\u00fd rok. Autopr\u016fmysl se tak podle EK vyhne placen\u00ed pokut za nespln\u011bn\u00ed emisn\u00edch c\u00edl\u016f u\u017e letos.<\/strong><!--more--><\/p>\n<p>Ji\u017e ve st\u0159edu se na zm\u011bn\u011b emisn\u00edch norem CO2 shodli z\u00e1stupci \u010dlensk\u00fdch st\u00e1t\u016f EU. Nyn\u00ed mus\u00ed p\u0159edpis je\u0161t\u011b form\u00e1ln\u011b schv\u00e1lit Rada EU na n\u011bkter\u00e9m ze sv\u00fdch nejbli\u017e\u0161\u00edch zased\u00e1n\u00ed a norma za\u010dne platit.<\/p>\n<p>N\u00e1vrh Evropsk\u00e9 komise podpo\u0159ilo 458 europoslanc\u016f z 573 p\u0159\u00edtomn\u00fdch, proti jich bylo 101. Hlasov\u00e1n\u00ed se zdr\u017eelo 14 \u010dlen\u016f Evropsk\u00e9ho parlamentu. N\u00e1vrh podpo\u0159ilo v\u0161ech dvacet p\u0159\u00edtomn\u00fdch \u010desk\u00fdch europoslanc\u016f. Mark\u00e9ta Gregorov\u00e1 z frakce Zelen\u00fdch se dne\u0161n\u00edho hlasov\u00e1n\u00ed ne\u00fa\u010dastnila, proto\u017ee je na Ukrajin\u011b.<\/p>\n<p>C\u00edlem navrhovan\u00e9 zm\u011bny je podpo\u0159it evropsk\u00fd automobilov\u00fd pr\u016fmysl, kter\u00fd proch\u00e1z\u00ed rychl\u00fdmi technologick\u00fdmi zm\u011bnami a \u010del\u00ed rostouc\u00ed konkurenci. Automobilov\u00fd pr\u016fmysl zam\u011bstn\u00e1v\u00e1 zhruba 13 milion\u016f lid\u00ed a vytv\u00e1\u0159\u00ed 14 procent hrub\u00e9ho dom\u00e1c\u00edho produktu (HDP) v Evropsk\u00e9 unii.<\/p>\n<p>N\u00e1vrh je sou\u010d\u00e1st\u00ed ak\u010dn\u00edho pl\u00e1nu Komise pro evropsk\u00fd automobilov\u00fd pr\u016fmysl, kter\u00fd unijn\u00ed exekutiva p\u0159edstavila 5. b\u0159ezna. Navazuje na strategick\u00fd dialog o budoucnosti automobilov\u00e9ho pr\u016fmyslu, kter\u00fd zah\u00e1jila p\u0159edsedkyn\u011b EK Ursula von der Leyenov\u00e1 na konci ledna a jeho\u017e sou\u010d\u00e1st\u00ed byla otev\u0159en\u00e1 ve\u0159ejn\u00e1 konzultace a diskuse s pr\u016fmyslem a dal\u0161\u00edmi z\u00fa\u010dastn\u011bn\u00fdmi stranami s c\u00edlem \u0159e\u0161it nejnal\u00e9hav\u011bj\u0161\u00ed v\u00fdzvy, kter\u00fdm toto odv\u011btv\u00ed \u010del\u00ed.<\/p>\n<p>&#8222;Evropsk\u00e1 komise navrhla c\u00edlenou zm\u011bnu na\u0159\u00edzen\u00ed, kter\u00fdm se stanov\u00ed v\u00fdkonnostn\u00ed emisn\u00ed normy CO2 pro nov\u00e1 auta a dod\u00e1vky,&#8220; uvedla unijn\u00ed exekutiva na za\u010d\u00e1tku dubna. Nov\u00e1 flexibilita znamen\u00e1 zpr\u016fm\u011brov\u00e1n\u00ed emisn\u00edch c\u00edl\u016f za t\u0159\u00edlet\u00e9 obdob\u00ed let 2025, 2026 a 2027. &#8222;Tento p\u0159\u00edstup umo\u017e\u0148uje v\u00fdrobc\u016fm vyrovnat jak\u00e9koli nadm\u011brn\u00e9 ro\u010dn\u00ed emise p\u0159ekon\u00e1n\u00edm c\u00edle ve zb\u00fdvaj\u00edc\u00edch letech. Tato dodate\u010dn\u00e1 flexibilita pom\u016f\u017ee chr\u00e1nit kapacitu pr\u016fmyslu investovat do \u010dist\u00e9ho p\u0159echodu p\u0159i zachov\u00e1n\u00ed c\u00edle pro rok 2025 a udr\u017een\u00ed pr\u016fmyslu na cest\u011b k dal\u0161\u00edmu kolu sni\u017eov\u00e1n\u00ed emis\u00ed,&#8220; dodala tehdy komise.<\/p>\n<p><strong>Zdroj: ceskenoviny.cz<\/strong><\/p>\n","protected":false},"excerpt":{"rendered":"<p>Europoslanci schv\u00e1lili 8. kv\u011btna zm\u011bny emisn\u00edch norem CO2 pro nov\u00e9 osobn\u00ed automobily a dod\u00e1vky, kter\u00e9&#8230;<\/p>\n","protected":false},"author":1,"featured_media":165,"comment_status":"closed","ping_status":"closed","sticky":false,"template":"","format":"standard","meta":{"footnotes":""},"categories":[41,57,25],"tags":[],"class_list":["post-13039","post","type-post","status-publish","format-standard","has-post-thumbnail","hentry","category-ekologie","category-emise","category-legislativa"],"_links":{"self":[{"href":"https:\/\/www.automakers.cz\/index.php?rest_route=\/wp\/v2\/posts\/13039","targetHints":{"allow":["GET"]}}],"collection":[{"href":"https:\/\/www.automakers.cz\/index.php?rest_route=\/wp\/v2\/posts"}],"about":[{"href":"https:\/\/www.automakers.cz\/index.php?rest_route=\/wp\/v2\/types\/post"}],"author":[{"embeddable":true,"href":"https:\/\/www.automakers.cz\/index.php?rest_route=\/wp\/v2\/users\/1"}],"replies":[{"embeddable":true,"href":"https:\/\/www.automakers.cz\/index.php?rest_route=%2Fwp%2Fv2%2Fcomments&post=13039"}],"version-history":[{"count":2,"href":"https:\/\/www.automakers.cz\/index.php?rest_route=\/wp\/v2\/posts\/13039\/revisions"}],"predecessor-version":[{"id":13042,"href":"https:\/\/www.automakers.cz\/index.php?rest_route=\/wp\/v2\/posts\/13039\/revisions\/13042"}],"wp:featuredmedia":[{"embeddable":true,"href":"https:\/\/www.automakers.cz\/index.php?rest_route=\/wp\/v2\/media\/165"}],"wp:attachment":[{"href":"https:\/\/www.automakers.cz\/index.php?rest_route=%2Fwp%2Fv2%2Fmedia&parent=13039"}],"wp:term":[{"taxonomy":"category","embeddable":true,"href":"https:\/\/www.automakers.cz\/index.php?rest_route=%2Fwp%2Fv2%2Fcategories&post=13039"},{"taxonomy":"post_tag","embeddable":true,"href":"https:\/\/www.automakers.cz\/index.php?rest_route=%2Fwp%2Fv2%2Ftags&post=13039"}],"curies":[{"name":"wp","href":"https:\/\/api.w.org\/{rel}","templated":true}]}}