{"id":13047,"date":"2025-05-11T19:19:25","date_gmt":"2025-05-11T19:19:25","guid":{"rendered":"https:\/\/www.automakers.cz\/?p=13047"},"modified":"2025-05-11T19:22:49","modified_gmt":"2025-05-11T19:22:49","slug":"cesko-registruje-42-700-cistych-elektromobilu","status":"publish","type":"post","link":"https:\/\/www.automakers.cz\/?p=13047","title":{"rendered":"\u010cesko registruje 42 700 elektromobil\u016f"},"content":{"rendered":"<p><strong>K posledn\u00edmu dubnov\u00e9mu dni bylo v \u010cesk\u00e9 republice provozov\u00e1no p\u0159es 42 700 osobn\u00edch bateriov\u00fdch elektromobil\u016f kategorie M1. V obdob\u00ed ledna a\u017e dubna leto\u0161n\u00edho roku bylo nov\u011b registrov\u00e1no 4 342 t\u011bchto vozidel, co\u017e p\u0159edstavuje meziro\u010dn\u00ed n\u00e1r\u016fst o 129 %.<\/strong><!--more--><\/p>\n<p>Tr\u017en\u00ed pod\u00edl bateriov\u00fdch elektromobil\u016f dos\u00e1hl 5,4 %. Nejv\u00edce registrac\u00ed, konkr\u00e9tn\u011b 832, zaznamenal model <strong>\u0160koda Elroq<\/strong>, kter\u00fd n\u00e1sledoval<strong> \u0160koda Enyaq<\/strong> s 752 registracemi.<\/p>\n<p>T\u0159et\u00ed m\u00edsto obsadila <strong>Tesla Model Y<\/strong> s 475 registracemi. D\u00e1le bylo v uveden\u00e9m obdob\u00ed dovezeno 2 385 ojet\u00fdch osobn\u00edch bateriov\u00fdch elektromobil\u016f (5,1% pod\u00edl na trhu dovezen\u00fdch ojetin), vypl\u00fdv\u00e1 z aktualizovan\u00fdch informac\u00ed zve\u0159ejn\u011bn\u00fdch na webu\u00a0<a title=\"\u010cist\u00e1 doprava\" href=\"https:\/\/go.sparkpostmail2.com\/f\/a\/NwHrxlm4d-s8kwRqipq9yQ~~\/AAA-fBA~\/BPM0_7-DHdt5LFfURZkLQ3PrFk6kbEzS_bmL7DmYl9d5i5fjxQCpY8Z3dz_Fj8CxQrgmEP0VIeMyzqRQ4mXcvMqmsiF5kf7oomvFYzvxruLtT6mkURpPhiY0WcvORLqc\" target=\"_blank\" rel=\"noopener noreferrer\">cistadoprava.cz<\/a>, kter\u00e9 vych\u00e1zej\u00ed ze zdrojov\u00fdch dat Ministerstva dopravy a Svazu dovozc\u016f automobil\u016f.<\/p>\n<p><strong>Leto\u0161n\u00ed pod\u00edl EV &#8211; 5,4 procenta<\/strong><\/p>\n<p>V pr\u016fb\u011bhu ledna a\u017e dubna bylo na tuzemsk\u00e9m trhu registrov\u00e1no 80 912 nov\u00fdch osobn\u00edch vozidel (meziro\u010dn\u011b o 4,9 % v\u00edce), z nich 4 342 bylo bateriov\u00fdch elektrick\u00fdch (meziro\u010dn\u011b o 129 % v\u00edce).<\/p>\n<p>Bateriov\u00e9 elektromobily byly s pod\u00edlem 5,4 % t\u0159et\u00ed nejobl\u00edben\u011bj\u0161\u00ed z\u00e1kaznickou volbou, nejv\u00edce registrac\u00ed si s 67,6% pod\u00edlem p\u0159ipsaly benz\u00ednov\u00e9 motorizace (meziro\u010dn\u011b +4,3 %), p\u0159ed naftov\u00fdmi s 20,9% pod\u00edlem (meziro\u010dn\u011b -11,9 %), plug-in hybridn\u00ed motorizace dos\u00e1hly pod\u00edlu 3,7 % (meziro\u010dn\u011b +60,8 %), vozidla na zkapaln\u011bn\u00fd ropn\u00fd plyn LPG pak 2,4 % (meziro\u010dn\u011b +25,4 %), registrov\u00e1no bylo 1 vozidlo s vod\u00edkov\u00fdm palivov\u00fdm \u010dl\u00e1nkem.<\/p>\n<p><img loading=\"lazy\" decoding=\"async\" class=\"alignnone size-medium wp-image-1370\" src=\"http:\/\/www.automakers.cz\/wp-content\/uploads\/2024\/01\/CEZ-Futur-nabijecka-elektrina-900x676.jpg\" alt=\"\" width=\"900\" height=\"676\" srcset=\"https:\/\/www.automakers.cz\/wp-content\/uploads\/2024\/01\/CEZ-Futur-nabijecka-elektrina-900x676.jpg 900w, https:\/\/www.automakers.cz\/wp-content\/uploads\/2024\/01\/CEZ-Futur-nabijecka-elektrina-1024x769.jpg 1024w, https:\/\/www.automakers.cz\/wp-content\/uploads\/2024\/01\/CEZ-Futur-nabijecka-elektrina-768x577.jpg 768w, https:\/\/www.automakers.cz\/wp-content\/uploads\/2024\/01\/CEZ-Futur-nabijecka-elektrina.jpg 1266w\" sizes=\"auto, (max-width: 900px) 100vw, 900px\" \/>Dosavadn\u00edm\u00a0<em>\u201eskokanem roku\u201c<\/em>\u00a0v segmentu bateriov\u00fdch elektromobil\u016f je bezesporu <strong>\u0160koda,<\/strong> kter\u00e1 meziro\u010dn\u011b zv\u00fd\u0161ila po\u010det registrac\u00ed o 418 %, \u010d\u00edm\u017e z\u00edskala 36,5% pod\u00edl na trhu. Naopak<strong> Tesla<\/strong>, kter\u00e1 loni vedla, sice meziro\u010dn\u011b rostla o 39 %, jej\u00ed tr\u017en\u00ed pod\u00edl v\u0161ak klesl z 26,7 % na 16,2 %. <strong>Volkswagen<\/strong> si p\u0159ipsal meziro\u010dn\u00ed r\u016fst o 248 % a dos\u00e1hl 8,3 % tr\u017en\u00edho pod\u00edlu.<\/p>\n<div class=\"MuiBox-root css-2kk4ci\">\n<div class=\"MuiContainer-root MuiContainer-maxWidthLg css-1yo25gs\">\n<p class=\"MuiTypography-root MuiTypography-body1 css-1okd8zz\"><em>\u201eZ konkr\u00e9tn\u00edch model\u016f si nejl\u00e9pe vedla \u0160koda Elroq s 832 registracemi, n\u00e1sledovan\u00e1 modelem \u0160koda Enyaq (752) a Teslou Model Y (475). Z novinek se nejv\u00fd\u0161e um\u00edstila pr\u00e1v\u011b \u0160koda Elroq, na \u0161est\u00e9m m\u00edst\u011b se objevila KIA EV3 se 117 registracemi, na osm\u00e9m pak Hyundai Inster s 93 registracemi,\u201c<\/em>\u00a0uv\u00e1d\u00ed <strong>Luk\u00e1\u0161 Kadula<\/strong> z Centra dopravn\u00edho v\u00fdzkumu.<\/p>\n<div class=\"gatsby-image-wrapper gatsby-image-wrapper-constrained\" data-gatsby-image-wrapper=\"\">\n<div><strong>Zdroj: CDV, SDA<\/strong><\/div>\n<div aria-hidden=\"true\" data-placeholder-image=\"\"><\/div>\n<picture><\/picture><\/div>\n<\/div>\n<\/div>\n","protected":false},"excerpt":{"rendered":"<p>K posledn\u00edmu dubnov\u00e9mu dni bylo v \u010cesk\u00e9 republice provozov\u00e1no p\u0159es 42 700 osobn\u00edch bateriov\u00fdch elektromobil\u016f&#8230;<\/p>\n","protected":false},"author":1,"featured_media":10360,"comment_status":"closed","ping_status":"closed","sticky":false,"template":"","format":"standard","meta":{"footnotes":""},"categories":[9,48,10],"tags":[],"class_list":["post-13047","post","type-post","status-publish","format-standard","has-post-thumbnail","hentry","category-elektromobily","category-registrace","category-statistika"],"_links":{"self":[{"href":"https:\/\/www.automakers.cz\/index.php?rest_route=\/wp\/v2\/posts\/13047","targetHints":{"allow":["GET"]}}],"collection":[{"href":"https:\/\/www.automakers.cz\/index.php?rest_route=\/wp\/v2\/posts"}],"about":[{"href":"https:\/\/www.automakers.cz\/index.php?rest_route=\/wp\/v2\/types\/post"}],"author":[{"embeddable":true,"href":"https:\/\/www.automakers.cz\/index.php?rest_route=\/wp\/v2\/users\/1"}],"replies":[{"embeddable":true,"href":"https:\/\/www.automakers.cz\/index.php?rest_route=%2Fwp%2Fv2%2Fcomments&post=13047"}],"version-history":[{"count":5,"href":"https:\/\/www.automakers.cz\/index.php?rest_route=\/wp\/v2\/posts\/13047\/revisions"}],"predecessor-version":[{"id":13052,"href":"https:\/\/www.automakers.cz\/index.php?rest_route=\/wp\/v2\/posts\/13047\/revisions\/13052"}],"wp:featuredmedia":[{"embeddable":true,"href":"https:\/\/www.automakers.cz\/index.php?rest_route=\/wp\/v2\/media\/10360"}],"wp:attachment":[{"href":"https:\/\/www.automakers.cz\/index.php?rest_route=%2Fwp%2Fv2%2Fmedia&parent=13047"}],"wp:term":[{"taxonomy":"category","embeddable":true,"href":"https:\/\/www.automakers.cz\/index.php?rest_route=%2Fwp%2Fv2%2Fcategories&post=13047"},{"taxonomy":"post_tag","embeddable":true,"href":"https:\/\/www.automakers.cz\/index.php?rest_route=%2Fwp%2Fv2%2Ftags&post=13047"}],"curies":[{"name":"wp","href":"https:\/\/api.w.org\/{rel}","templated":true}]}}