{"id":1305,"date":"2024-01-09T14:53:20","date_gmt":"2024-01-09T14:53:20","guid":{"rendered":"https:\/\/www.automakers.cz\/?p=1305"},"modified":"2024-01-11T09:43:41","modified_gmt":"2024-01-11T09:43:41","slug":"kralicek-jedna-s-novymi-dealery-pro-mg","status":"publish","type":"post","link":"https:\/\/www.automakers.cz\/?p=1305","title":{"rendered":"Kr\u00e1l\u00ed\u010dek jedn\u00e1 s nov\u00fdmi dealery pro MG"},"content":{"rendered":"<p><strong>\u0160\u00e9f \u010d\u00ednsk\u00e9 zna\u010dky MG Martin Kr\u00e1l\u00ed\u010dek svolal 9. ledna novin\u00e1\u0159e do pra\u017esk\u00e9ho restaurantu Bastion aby se pochlubil s lo\u0148sk\u00fdmi v\u00fdsledky a pl\u00e1ny na rok 2024. P\u0159ekop\u00e1v\u00e1 celou importn\u00ed organizaci a letos c\u00edl\u00ed na 24 dealer\u016f pro \u010cesko a Slovensko.<\/strong><!--more--><\/p>\n<p>MG, dosud p\u016fsob\u00edc\u00ed ve struktu\u0159e Autobincku pod M Motors,\u00a0 loni v \u010cR a SR prodala p\u0159es 3000 aut, hlavn\u011b p\u0159es dealery zna\u010dky Mitsubishi. Probojovala se do prvn\u00ed patn\u00e1ctky prod\u00e1van\u00fdch zna\u010dek, m\u00e1 1,2 procenta tr\u017en\u00edho pod\u00edlu.<\/p>\n<p>M Motors loni p\u0159idala do st\u00e1je t\u0159i zcela nov\u00e9 dealery. Jedn\u00e1 se o nov\u00e9 prodejce firmy v Liberci, Chomutov\u011b a Hodon\u00edn\u011b. <span id=\"more-363\"><\/span><\/p>\n<p>\u201eSou\u010dasnou prodejn\u00ed a servisn\u00ed s\u00ed\u0165 v \u010cR je pot\u0159eba roz\u0161\u00ed\u0159it tak, aby bylo mo\u017en\u00e9 pln\u011b obslou\u017eit nov\u00e9 z\u00e1kazn\u00edky a sou\u010dasn\u011b uv\u00e9st v roce 2024 na trh a\u017e 8 nov\u00fdch nebo inovovan\u00fdch model\u016f v\u010detn\u011b dal\u0161\u00edch pln\u011b elektrick\u00fdch. Nov\u00fdmi partnery se ji\u017e staly Auto Koutek v Liberci, Auto K\u0160V v Chomutov\u011b a Jonal v Hodon\u00edn\u011b,&#8220; uvedl Kr\u00e1l\u00ed\u010dek s t\u00edm, \u017ee by cht\u011bl dos\u00e1hnout na 2procentn\u00ed market share.<\/p>\n<figure class=\"wp-block-embed wp-block-embed-youtube is-type-video is-provider-youtube epyt-figure\"><div class=\"wp-block-embed__wrapper\"><iframe loading=\"lazy\"  id=\"_ytid_83093\"  width=\"640\" height=\"360\"  data-origwidth=\"640\" data-origheight=\"360\" src=\"https:\/\/www.youtube.com\/embed\/ZJLBQK5iliI?enablejsapi=1&autoplay=0&cc_load_policy=0&cc_lang_pref=&iv_load_policy=1&loop=0&modestbranding=0&rel=1&fs=1&playsinline=0&autohide=2&theme=dark&color=red&controls=1&\" class=\"__youtube_prefs__  no-lazyload\" title=\"YouTube player\"  allow=\"accelerometer; autoplay; clipboard-write; encrypted-media; gyroscope; picture-in-picture\" allowfullscreen data-no-lazy=\"1\" data-skipgform_ajax_framebjll=\"\"><\/iframe><\/div><\/figure>\n<p><strong>Nov\u00e1 importn\u00ed organizace, nov\u00ed mana\u017ee\u0159i<br \/>\n<\/strong><\/p>\n<p>Mana\u017eer se chce trhnout od M Motors a u\u017e od 1. \u00fanora p\u016fsobit v samostatn\u00e9 firm\u011b s n\u00e1zvem AB Motors (Autobinck Motors). Pro novou firmu u\u017e m\u00e1 p\u0159ed podpisem p\u011bt nov\u00fdch dealer\u016f a dal\u0161\u00edch deset je v tajn\u00e9m jedn\u00e1n\u00ed.<\/p>\n<p>&#8222;S nov\u00fdmi dealery u\u017e podep\u00ed\u0161e smlouvu AB Motors, kter\u00e1 bude m\u00edt i nov\u00fd mana\u017eersk\u00fd t\u00fdm. Organiza\u010dn\u00ed strukturu pos\u00edl\u00ed Jan Schneider, finan\u010d\u00e1k Martin \u010cech, fleeta\u0159 Ji\u0159\u00ed Forman a Michal Rambousek pro rozvoj dealersk\u00e9 s\u00edt\u011b,&#8220; p\u0159ibl\u00ed\u017eil person\u00e1lie \u0161\u00e9f zakl\u00e1dan\u00e9 firmy.<\/p>\n<figure class=\"wp-block-embed wp-block-embed-youtube is-type-video is-provider-youtube epyt-figure\"><div class=\"wp-block-embed__wrapper\"><iframe loading=\"lazy\"  id=\"_ytid_11302\"  width=\"640\" height=\"360\"  data-origwidth=\"640\" data-origheight=\"360\" src=\"https:\/\/www.youtube.com\/embed\/0rg-1K-Q6sw?enablejsapi=1&autoplay=0&cc_load_policy=0&cc_lang_pref=&iv_load_policy=1&loop=0&modestbranding=0&rel=1&fs=1&playsinline=0&autohide=2&theme=dark&color=red&controls=1&\" class=\"__youtube_prefs__  no-lazyload\" title=\"YouTube player\"  allow=\"accelerometer; autoplay; clipboard-write; encrypted-media; gyroscope; picture-in-picture\" allowfullscreen data-no-lazy=\"1\" data-skipgform_ajax_framebjll=\"\"><\/iframe><\/div><\/figure>\n<p><strong>C\u00edl: 24 dealer\u016f, hlavn\u011b krajsk\u00e1 m\u011bsta<\/strong><\/p>\n<p>&#8222;Celkem c\u00edl\u00edme na 24 dealer\u016f, v hled\u00e1\u010dku m\u00e1me Klatovy, Pardubice, M\u011bln\u00edk a Prahu, kde je nyn\u00ed jen jeden dealer. Zanedlouho budou v Praze t\u0159i deale\u0159i. V Brn\u011b, Plzni a Ostrav\u011b pak po dvou partnerech,&#8220; uvedl Kr\u00e1l\u00ed\u010dek s t\u00edm, \u017ee s n\u011bkter\u00fdmi sou\u010dasn\u00fdmi prodejci se ale bude muset rozlou\u010dit.<\/p>\n<p>V\u0161em dealer\u016fm slibuje 24hodinouvou servisn\u00ed obslu\u017enost z celtr\u00e1ln\u00edho skladu v Brn\u011b nebo skladu pro CEE region v Budape\u0161ti. Byznys AB Motors bude nad\u00e1le financovat \u010cSOB Leasing.<\/p>\n<p><img loading=\"lazy\" decoding=\"async\" class=\"alignnone size-medium wp-image-1312\" src=\"http:\/\/www.automakers.cz\/wp-content\/uploads\/2024\/01\/MG-Vodicka-poradi-znacek-900x675.jpg\" alt=\"\" width=\"900\" height=\"675\" srcset=\"https:\/\/www.automakers.cz\/wp-content\/uploads\/2024\/01\/MG-Vodicka-poradi-znacek-900x675.jpg 900w, https:\/\/www.automakers.cz\/wp-content\/uploads\/2024\/01\/MG-Vodicka-poradi-znacek-1024x768.jpg 1024w, https:\/\/www.automakers.cz\/wp-content\/uploads\/2024\/01\/MG-Vodicka-poradi-znacek-768x576.jpg 768w, https:\/\/www.automakers.cz\/wp-content\/uploads\/2024\/01\/MG-Vodicka-poradi-znacek-1536x1152.jpg 1536w, https:\/\/www.automakers.cz\/wp-content\/uploads\/2024\/01\/MG-Vodicka-poradi-znacek.jpg 2040w\" sizes=\"auto, (max-width: 900px) 100vw, 900px\" \/><strong>PR a marketing zajist\u00ed Marek Vodi\u010dka<\/strong><\/p>\n<p>&#8222;Pos\u00edl\u00edme tak\u00e9 medi\u00e1ln\u00ed investice do reklamy, u\u017e loni jsme byli v tomto ohledu na 9. m\u00edst\u011b na trhu. Na leto\u0161ek m\u00e1me v pl\u00e1nu je\u0161t\u011b o 50 procent vy\u0161\u0161\u00ed investice ne\u017e loni,&#8220; doplnil Marketing a PR Director MG CZ Marek Vodi\u010dka. Doned\u00e1vna je\u0161t\u011b mluv\u010d\u00ed Mitsubishi.<\/p>\n<p><img loading=\"lazy\" decoding=\"async\" class=\"alignnone size-medium wp-image-1314\" src=\"http:\/\/www.automakers.cz\/wp-content\/uploads\/2024\/01\/MG-marketing-900x675.jpg\" alt=\"\" width=\"900\" height=\"675\" srcset=\"https:\/\/www.automakers.cz\/wp-content\/uploads\/2024\/01\/MG-marketing-900x675.jpg 900w, https:\/\/www.automakers.cz\/wp-content\/uploads\/2024\/01\/MG-marketing-1024x768.jpg 1024w, https:\/\/www.automakers.cz\/wp-content\/uploads\/2024\/01\/MG-marketing-768x576.jpg 768w, https:\/\/www.automakers.cz\/wp-content\/uploads\/2024\/01\/MG-marketing-1536x1152.jpg 1536w, https:\/\/www.automakers.cz\/wp-content\/uploads\/2024\/01\/MG-marketing.jpg 2040w\" sizes=\"auto, (max-width: 900px) 100vw, 900px\" \/><\/p>\n<p><strong>Produktov\u00e9 novinky 2024<\/strong><\/p>\n<p>Z novinek se na leto\u0161ek t\u011b\u0161\u00ed mana\u017ee\u0159i MG\u00a0 hlavn\u011b na rodinn\u00fd v\u016fz MG3, ale t\u0159e\u0161ni\u010dkou na dortu bude pro \u010desk\u00e9 z\u00e1kazn\u00edky unik\u00e1tn\u00ed elektrick\u00fd roadster MG Cyberster. Celkem by m\u011blo dorazit osm nebo dev\u011bt novinek.<strong><br \/>\n<\/strong><\/p>\n<figure id=\"attachment_1311\" aria-describedby=\"caption-attachment-1311\" style=\"width: 900px\" class=\"wp-caption alignnone\"><img loading=\"lazy\" decoding=\"async\" class=\"size-medium wp-image-1311\" src=\"http:\/\/www.automakers.cz\/wp-content\/uploads\/2024\/01\/MG-4-Bastion-prapor-900x675.jpg\" alt=\"\" width=\"900\" height=\"675\" srcset=\"https:\/\/www.automakers.cz\/wp-content\/uploads\/2024\/01\/MG-4-Bastion-prapor-900x675.jpg 900w, https:\/\/www.automakers.cz\/wp-content\/uploads\/2024\/01\/MG-4-Bastion-prapor-1024x768.jpg 1024w, https:\/\/www.automakers.cz\/wp-content\/uploads\/2024\/01\/MG-4-Bastion-prapor-768x576.jpg 768w, https:\/\/www.automakers.cz\/wp-content\/uploads\/2024\/01\/MG-4-Bastion-prapor-1536x1152.jpg 1536w, https:\/\/www.automakers.cz\/wp-content\/uploads\/2024\/01\/MG-4-Bastion-prapor.jpg 2040w\" sizes=\"auto, (max-width: 900px) 100vw, 900px\" \/><figcaption id=\"caption-attachment-1311\" class=\"wp-caption-text\">Elektrick\u00e9 MG 4 letos slibuje verzi s del\u0161\u00edm dojezdem<\/figcaption><\/figure>\n<p><strong>Erich Handl, TK MG Bastion, Video: autor a Lud\u011bk Kortus<br \/>\n<\/strong><\/p>\n","protected":false},"excerpt":{"rendered":"<p>\u0160\u00e9f \u010d\u00ednsk\u00e9 zna\u010dky MG Martin Kr\u00e1l\u00ed\u010dek svolal 9. ledna novin\u00e1\u0159e do pra\u017esk\u00e9ho restaurantu Bastion aby&#8230;<\/p>\n","protected":false},"author":1,"featured_media":1310,"comment_status":"open","ping_status":"open","sticky":false,"template":"","format":"standard","meta":{"footnotes":""},"categories":[11,20],"tags":[],"class_list":["post-1305","post","type-post","status-publish","format-standard","has-post-thumbnail","hentry","category-importeri","category-tiskovky"],"_links":{"self":[{"href":"https:\/\/www.automakers.cz\/index.php?rest_route=\/wp\/v2\/posts\/1305","targetHints":{"allow":["GET"]}}],"collection":[{"href":"https:\/\/www.automakers.cz\/index.php?rest_route=\/wp\/v2\/posts"}],"about":[{"href":"https:\/\/www.automakers.cz\/index.php?rest_route=\/wp\/v2\/types\/post"}],"author":[{"embeddable":true,"href":"https:\/\/www.automakers.cz\/index.php?rest_route=\/wp\/v2\/users\/1"}],"replies":[{"embeddable":true,"href":"https:\/\/www.automakers.cz\/index.php?rest_route=%2Fwp%2Fv2%2Fcomments&post=1305"}],"version-history":[{"count":17,"href":"https:\/\/www.automakers.cz\/index.php?rest_route=\/wp\/v2\/posts\/1305\/revisions"}],"predecessor-version":[{"id":1328,"href":"https:\/\/www.automakers.cz\/index.php?rest_route=\/wp\/v2\/posts\/1305\/revisions\/1328"}],"wp:featuredmedia":[{"embeddable":true,"href":"https:\/\/www.automakers.cz\/index.php?rest_route=\/wp\/v2\/media\/1310"}],"wp:attachment":[{"href":"https:\/\/www.automakers.cz\/index.php?rest_route=%2Fwp%2Fv2%2Fmedia&parent=1305"}],"wp:term":[{"taxonomy":"category","embeddable":true,"href":"https:\/\/www.automakers.cz\/index.php?rest_route=%2Fwp%2Fv2%2Fcategories&post=1305"},{"taxonomy":"post_tag","embeddable":true,"href":"https:\/\/www.automakers.cz\/index.php?rest_route=%2Fwp%2Fv2%2Ftags&post=1305"}],"curies":[{"name":"wp","href":"https:\/\/api.w.org\/{rel}","templated":true}]}}