{"id":13053,"date":"2025-05-11T19:31:07","date_gmt":"2025-05-11T19:31:07","guid":{"rendered":"https:\/\/www.automakers.cz\/?p=13053"},"modified":"2025-05-11T19:31:54","modified_gmt":"2025-05-11T19:31:54","slug":"novinar-frantisek-kucera-slavi-petaosmdesat","status":"publish","type":"post","link":"https:\/\/www.automakers.cz\/?p=13053","title":{"rendered":"Novin\u00e1\u0159 Franti\u0161ek Ku\u010dera slav\u00ed 85 let"},"content":{"rendered":"<p><strong>Motonovin\u00e1\u0159 Franti\u0161ek Ku\u010dera se do\u017e\u00edv\u00e1 11. kv\u011btna jubilea \u2013 85 let. Franti\u0161ek cel\u00fd sv\u016fj &#8222;hobby \u017eivot&#8220; d\u011blil mezi dv\u011b l\u00e1sky, motorismus a letectv\u00ed. Profesn\u011b ale mohl dlouho krou\u017eit jen kolem nich. Teprve po roce 1989 se mu uvolnil prostor a mimo jin\u00e9 st\u00e1l u zrodu \u010dasopis\u016f AutoPROFI a AutoEXPERT, kde \u0159adu let p\u016fsobil jako \u0161\u00e9fredaktor.<\/strong><!--more--><\/p>\n<p>Rod\u00e1k z\u00a0Chrudimi jezdil \u201eza mlada\u201c dvan\u00e1ct let automobilov\u00e9 sout\u011b\u017ee a z\u00e1vody do vrchu, p\u016fsobil, jako kameraman, fotograf a kus \u017eivota str\u00e1vil politicky \u201euklizen\u201c jako prom\u00edta\u010d v\u00a0kinech. Sv\u00e9 leteck\u00e9 sny nakonec realizoval ve funkci rozhod\u010d\u00edho sout\u011b\u017e\u00ed v leteck\u00e9 akrobacii a aktivit\u011b v\u00a0Klubu leteck\u00fdch novin\u00e1\u0159\u016f \u010cR, kter\u00e9ho je p\u0159edsedou. Krom\u011b toho je tak\u00e9 dlouhodob\u00fdm \u010dlenem \u0159\u00edd\u00edc\u00edho v\u00fdboru Syndik\u00e1tu novin\u00e1\u0159\u016f \u010cR.<\/p>\n<p>Ne\u00fanavn\u00fd a st\u00e1le p\u0159ekvapiv\u011b \u010dipern\u00fd Franti\u0161ek Ku\u010dera je sv\u00fdm zp\u016fsobem \u201ecelo\u017eivotn\u00edm naivn\u00edm filantropem&#8220;, pat\u0159\u00edc\u00edm mezi ty, kdo\u017e permanentn\u011b n\u011bco podnikaj\u00ed. I proto mu p\u0159ejeme nad\u00e1le hodn\u011b zdrav\u00ed a a\u0165 mu jeho el\u00e1n je\u0161t\u011b dlouho vydr\u017e\u00ed.<\/p>\n<p><strong>Karel Ber\u00e1nek<\/strong><\/p>\n","protected":false},"excerpt":{"rendered":"<p>Motonovin\u00e1\u0159 Franti\u0161ek Ku\u010dera se do\u017e\u00edv\u00e1 11. kv\u011btna jubilea \u2013 85 let. Franti\u0161ek cel\u00fd sv\u016fj &#8222;hobby&#8230;<\/p>\n","protected":false},"author":1,"featured_media":13055,"comment_status":"closed","ping_status":"closed","sticky":false,"template":"","format":"standard","meta":{"footnotes":""},"categories":[27,4],"tags":[],"class_list":["post-13053","post","type-post","status-publish","format-standard","has-post-thumbnail","hentry","category-novinari","category-vyroci"],"_links":{"self":[{"href":"https:\/\/www.automakers.cz\/index.php?rest_route=\/wp\/v2\/posts\/13053","targetHints":{"allow":["GET"]}}],"collection":[{"href":"https:\/\/www.automakers.cz\/index.php?rest_route=\/wp\/v2\/posts"}],"about":[{"href":"https:\/\/www.automakers.cz\/index.php?rest_route=\/wp\/v2\/types\/post"}],"author":[{"embeddable":true,"href":"https:\/\/www.automakers.cz\/index.php?rest_route=\/wp\/v2\/users\/1"}],"replies":[{"embeddable":true,"href":"https:\/\/www.automakers.cz\/index.php?rest_route=%2Fwp%2Fv2%2Fcomments&post=13053"}],"version-history":[{"count":4,"href":"https:\/\/www.automakers.cz\/index.php?rest_route=\/wp\/v2\/posts\/13053\/revisions"}],"predecessor-version":[{"id":13058,"href":"https:\/\/www.automakers.cz\/index.php?rest_route=\/wp\/v2\/posts\/13053\/revisions\/13058"}],"wp:featuredmedia":[{"embeddable":true,"href":"https:\/\/www.automakers.cz\/index.php?rest_route=\/wp\/v2\/media\/13055"}],"wp:attachment":[{"href":"https:\/\/www.automakers.cz\/index.php?rest_route=%2Fwp%2Fv2%2Fmedia&parent=13053"}],"wp:term":[{"taxonomy":"category","embeddable":true,"href":"https:\/\/www.automakers.cz\/index.php?rest_route=%2Fwp%2Fv2%2Fcategories&post=13053"},{"taxonomy":"post_tag","embeddable":true,"href":"https:\/\/www.automakers.cz\/index.php?rest_route=%2Fwp%2Fv2%2Ftags&post=13053"}],"curies":[{"name":"wp","href":"https:\/\/api.w.org\/{rel}","templated":true}]}}