{"id":13059,"date":"2025-05-11T19:47:20","date_gmt":"2025-05-11T19:47:20","guid":{"rendered":"https:\/\/www.automakers.cz\/?p=13059"},"modified":"2025-05-11T19:53:50","modified_gmt":"2025-05-11T19:53:50","slug":"stefan-margita-amabasadorem-outlanderu","status":"publish","type":"post","link":"https:\/\/www.automakers.cz\/?p=13059","title":{"rendered":"\u0160tefan Margita ambasadorem Outlanderu"},"content":{"rendered":"<p><strong>\u010cesk\u00e9 Mitsubishi Motors uzav\u0159elo partnerstv\u00ed s opern\u00edm p\u011bvcem \u0160tefanem Margitou. Stal se ofici\u00e1ln\u00edm ambasadorem Outlanderu PHEV \u2013 vlajkov\u00e9 lodi zna\u010dky v segmentu plug-in hybridn\u00edch SUV 4&#215;4. Vyvrcholen\u00edm spolupr\u00e1ce bude galakoncert v pra\u017esk\u00e9 O2 ar\u00e9n\u011b, kde Margita z\u00e1rove\u0148 oslav\u00ed 70. narozeniny.<\/strong><!--more--><\/p>\n<p>\u0160tefan Margita, jeho\u017e kari\u00e9ra zahrnuje presti\u017en\u00ed sv\u011btov\u00e1 p\u00f3dia od newyorsk\u00e9 Metropolitn\u00ed opery po V\u00edde\u0148skou st\u00e1tn\u00ed operu, je symbolem profesionality, kultivovanosti a s\u00edly \u2013 hodnot, kter\u00e9 se dokonale odr\u00e1\u017eej\u00ed i v modelu Mitsubishi Outlander PHEV. Toto spojen\u00ed nen\u00ed n\u00e1hodn\u00e9. Ob\u011b zna\u010dky \u2013 jak Margitovo jm\u00e9no, tak Mitsubishi \u2013 p\u0159edstavuj\u00ed kombinaci tradice a modern\u00edho p\u0159\u00edstupu, uvedla zna\u010dka.<\/p>\n<p>\u201eOutlander PHEV je pro m\u011b symbolem modern\u00ed mobility. Nab\u00edz\u00ed \u0161pi\u010dkov\u00e9 j\u00edzdn\u00ed vlastnosti, extr\u00e9mn\u00ed pohodl\u00ed, pr\u00e9miov\u00fd audiosyst\u00e9m Yamaha a z\u00e1rove\u0148 respekt k p\u0159\u00edrod\u011b, co\u017e je pro m\u011b jako um\u011blce velmi d\u016fle\u017eit\u00e9. A nav\u00edc vypad\u00e1 skv\u011ble,\u201c \u0159\u00edk\u00e1 \u0160tefan Margita.<\/p>\n<p>Model Mitsubishi Outlander PHEV je jedn\u00edm z nejprod\u00e1van\u011bj\u0161\u00edch plug-in hybridn\u00edch SUV v Evrop\u011b. Nab\u00edz\u00ed kombinaci elektrick\u00e9ho pohonu s benz\u00ednov\u00fdm motorem, d\u00edky \u010demu\u017e zaji\u0161\u0165uje plynulou a \u00faspornou j\u00edzdu bez kompromis\u016f. Nov\u00e1 generace p\u0159in\u00e1\u0161\u00ed vylep\u0161en\u00fd dojezd na elekt\u0159inu a\u017e 113 km, v\u00fdkon 306 kon\u00ed, pokro\u010dil\u00e9 asisten\u010dn\u00ed syst\u00e9my a nad\u010dasov\u00fd elegantn\u00ed design.<\/p>\n<p>\u201eJsme velmi r\u00e1di, \u017ee se ambasadorem na\u0161eho modelu stal pr\u00e1v\u011b \u0160tefan Margita. Sd\u00edl\u00edme spole\u010dn\u00e9 hodnoty a v\u011b\u0159\u00edme, \u017ee spole\u010dn\u011b p\u0159ineseme z\u00e1kazn\u00edk\u016fm siln\u00fd p\u0159\u00edb\u011bh o spojen\u00ed technologi\u00ed, um\u011bn\u00ed a odpov\u011bdn\u00e9ho p\u0159\u00edstupu k budoucnosti,\u201c \u0159\u00edk\u00e1 Kamil \u0160ilhav\u00fd, gener\u00e1ln\u00ed \u0159editel M Motors CZ\/SK.<\/p>\n<p><img loading=\"lazy\" decoding=\"async\" class=\"alignnone size-medium wp-image-13062\" src=\"http:\/\/www.automakers.cz\/wp-content\/uploads\/2025\/05\/Mitsubishi-Silhavy-Margita-Outlander-900x600.jpg\" alt=\"\" width=\"900\" height=\"600\" srcset=\"https:\/\/www.automakers.cz\/wp-content\/uploads\/2025\/05\/Mitsubishi-Silhavy-Margita-Outlander-900x600.jpg 900w, https:\/\/www.automakers.cz\/wp-content\/uploads\/2025\/05\/Mitsubishi-Silhavy-Margita-Outlander-1024x683.jpg 1024w, https:\/\/www.automakers.cz\/wp-content\/uploads\/2025\/05\/Mitsubishi-Silhavy-Margita-Outlander-768x512.jpg 768w, https:\/\/www.automakers.cz\/wp-content\/uploads\/2025\/05\/Mitsubishi-Silhavy-Margita-Outlander-1536x1024.jpg 1536w, https:\/\/www.automakers.cz\/wp-content\/uploads\/2025\/05\/Mitsubishi-Silhavy-Margita-Outlander.jpg 2048w\" sizes=\"auto, (max-width: 900px) 100vw, 900px\" \/>\u201e\u0160tefan Margita je osobnost, kter\u00e1 spojuje generace, stejn\u011b jako n\u00e1\u0161 Outlander PHEV spojuje tradici se \u0161pi\u010dkovou technologi\u00ed. V\u011b\u0159\u00edme, \u017ee toto spojen\u00ed pom\u016f\u017ee oslovit z\u00e1kazn\u00edky, kte\u0159\u00ed hledaj\u00ed n\u011bco v\u00edc \u2013 a\u0165 u\u017e jde o technologie, kvalitu, styl nebo odpov\u011bdnost v\u016f\u010di \u017eivotn\u00edmu prost\u0159ed\u00ed,\u201c dod\u00e1v\u00e1 Adam Pr\u016f\u0161a, Marketing &amp; PR Director M Motors CZ\/SK.<\/p>\n<p><strong>Zdroj: M Motors, Adam Pr\u016f\u0161a<\/strong><\/p>\n<p><img loading=\"lazy\" decoding=\"async\" class=\"alignnone size-medium wp-image-13066\" src=\"http:\/\/www.automakers.cz\/wp-content\/uploads\/2025\/05\/Mitsubishi-Prusa-Margita-900x600.jpg\" alt=\"\" width=\"900\" height=\"600\" \/><\/p>\n","protected":false},"excerpt":{"rendered":"<p>\u010cesk\u00e9 Mitsubishi Motors uzav\u0159elo partnerstv\u00ed s opern\u00edm p\u011bvcem \u0160tefanem Margitou. Stal se ofici\u00e1ln\u00edm ambasadorem Outlanderu&#8230;<\/p>\n","protected":false},"author":1,"featured_media":13061,"comment_status":"closed","ping_status":"closed","sticky":false,"template":"","format":"standard","meta":{"footnotes":""},"categories":[56,83,29],"tags":[],"class_list":["post-13059","post","type-post","status-publish","format-standard","has-post-thumbnail","hentry","category-celebrity","category-hybridy","category-sponzoring"],"_links":{"self":[{"href":"https:\/\/www.automakers.cz\/index.php?rest_route=\/wp\/v2\/posts\/13059","targetHints":{"allow":["GET"]}}],"collection":[{"href":"https:\/\/www.automakers.cz\/index.php?rest_route=\/wp\/v2\/posts"}],"about":[{"href":"https:\/\/www.automakers.cz\/index.php?rest_route=\/wp\/v2\/types\/post"}],"author":[{"embeddable":true,"href":"https:\/\/www.automakers.cz\/index.php?rest_route=\/wp\/v2\/users\/1"}],"replies":[{"embeddable":true,"href":"https:\/\/www.automakers.cz\/index.php?rest_route=%2Fwp%2Fv2%2Fcomments&post=13059"}],"version-history":[{"count":5,"href":"https:\/\/www.automakers.cz\/index.php?rest_route=\/wp\/v2\/posts\/13059\/revisions"}],"predecessor-version":[{"id":13064,"href":"https:\/\/www.automakers.cz\/index.php?rest_route=\/wp\/v2\/posts\/13059\/revisions\/13064"}],"wp:featuredmedia":[{"embeddable":true,"href":"https:\/\/www.automakers.cz\/index.php?rest_route=\/wp\/v2\/media\/13061"}],"wp:attachment":[{"href":"https:\/\/www.automakers.cz\/index.php?rest_route=%2Fwp%2Fv2%2Fmedia&parent=13059"}],"wp:term":[{"taxonomy":"category","embeddable":true,"href":"https:\/\/www.automakers.cz\/index.php?rest_route=%2Fwp%2Fv2%2Fcategories&post=13059"},{"taxonomy":"post_tag","embeddable":true,"href":"https:\/\/www.automakers.cz\/index.php?rest_route=%2Fwp%2Fv2%2Ftags&post=13059"}],"curies":[{"name":"wp","href":"https:\/\/api.w.org\/{rel}","templated":true}]}}