{"id":13087,"date":"2025-05-13T07:29:31","date_gmt":"2025-05-13T07:29:31","guid":{"rendered":"https:\/\/www.automakers.cz\/?p=13087"},"modified":"2025-05-13T07:29:31","modified_gmt":"2025-05-13T07:29:31","slug":"peugeot-startuje-emotion-days-2025","status":"publish","type":"post","link":"https:\/\/www.automakers.cz\/?p=13087","title":{"rendered":"Peugeot startuje EMOTION DAYS 2025"},"content":{"rendered":"<p><strong>Marketingov\u00e1 akce Peugeot Emotion Days op\u011bt o\u017e\u00edv\u00e1 a p\u0159in\u00e1\u0161\u00ed z\u00e1jemc\u016fm p\u0159\u00edle\u017eitost poznat aktu\u00e1ln\u00ed nab\u00eddku zna\u010dky. V leto\u0161n\u00edm roce vyraz\u00ed testovac\u00ed flotila novinek Peugeot nap\u0159\u00ed\u010d 17 \u010desk\u00fdmi a moravsk\u00fdmi m\u011bsty.<\/strong><!--more--><\/p>\n<p>\u201eKa\u017ed\u00fd z dosavadn\u00edch ro\u010dn\u00edk\u016f Peugeot Emotion Days byl n\u011b\u010d\u00edm specifick\u00fd. Letos je to p\u0159edev\u0161\u00edm o kompletn\u00ed \u0161k\u00e1le dostupn\u00fdch pohon\u016f. Z\u00e1kazn\u00edci si budou moci vyzkou\u0161et vozy se spalovac\u00edmi motory \u2013 benz\u00ednov\u00fdmi i dieselov\u00fdmi \u2013 stejn\u011b jako hybridy, plug-in hybridy a samoz\u0159ejm\u011b tak\u00e9 elektromobily. Pestr\u00e1 bude i nab\u00eddka samotn\u00fdch model\u016f: od kompaktn\u00edho hatchbacku 208 a\u017e po sedmim\u00edstn\u00e9 SUV 5008 a osv\u011bd\u010den\u00fd Rifter. Touto akc\u00ed chceme zd\u016fraznit nejen \u0161\u00ed\u0159i na\u0161\u00ed produktov\u00e9 \u0159ady, ale tak\u00e9 svobodu volby pohonu, kterou Peugeot sv\u00fdm z\u00e1kazn\u00edk\u016fm umo\u017e\u0148uje,\u201c \u0159\u00edk\u00e1 Filip Lapka, prodejn\u00ed \u0159editel zna\u010dky Peugeot v \u010cR.<\/p>\n<p><img loading=\"lazy\" decoding=\"async\" class=\"alignnone size-medium wp-image-13089\" src=\"http:\/\/www.automakers.cz\/wp-content\/uploads\/2025\/05\/Pugeot-emotion-days-1-900x675.jpg\" alt=\"\" width=\"900\" height=\"675\" srcset=\"https:\/\/www.automakers.cz\/wp-content\/uploads\/2025\/05\/Pugeot-emotion-days-1-900x675.jpg 900w, https:\/\/www.automakers.cz\/wp-content\/uploads\/2025\/05\/Pugeot-emotion-days-1-1024x768.jpg 1024w, https:\/\/www.automakers.cz\/wp-content\/uploads\/2025\/05\/Pugeot-emotion-days-1-768x576.jpg 768w, https:\/\/www.automakers.cz\/wp-content\/uploads\/2025\/05\/Pugeot-emotion-days-1.jpg 1365w\" sizes=\"auto, (max-width: 900px) 100vw, 900px\" \/><strong>21 dn\u016f, 17 m\u011bst, 8 model\u016f<\/strong><\/p>\n<p>Peugeot Emotion Days 2025 odstartuje ve \u010dtvrtek 15. kv\u011btna v Praze a b\u011bhem 21 dn\u00ed nav\u0161t\u00edv\u00ed 17 m\u011bst po cel\u00e9 \u010cesk\u00e9 republice. Ka\u017ed\u00fd den se o\u010dek\u00e1v\u00e1 v\u00edce ne\u017e 100 uskute\u010dn\u011bn\u00fdch testovac\u00edch j\u00edzd. Fin\u00e1le cel\u00e9 akce prob\u011bhne v ned\u011bli 15. \u010dervna od 11 do 18 hodin na pra\u017esk\u00e9m Zli\u010d\u00edn\u011b.<\/p>\n<p><strong>Testovac\u00ed flotila:<\/strong><\/p>\n<ul>\n<li>e-208 GT \u2013 115 kW \/ 156 k (baterie 51 kWh)<\/li>\n<li>308 SW GT \u2013 1.6 Plug-in Hybrid 225 EAT8<\/li>\n<li>2008 Allure \u2013 1.2 PureTech 100 S&amp;S MAN6<\/li>\n<li>e-3008 GT \u2013 157 kW \/ 210 k (baterie 73 kWh)<\/li>\n<li>3008 GT \u2013 Hybrid 145 e-DCS6<\/li>\n<li>5008 GT \u2013 Hybrid 145 e-DCS6<\/li>\n<li>Rifter GT Long \u2013 1.5 BlueHDi 130 EAT8<\/li>\n<\/ul>\n<p>Ve m\u011bstech, kde se nach\u00e1z\u00ed koncese Peugeot se specializac\u00ed na prodej u\u017eitkov\u00fdch voz\u016f (centrum Peugeot Professional), bude k dispozici k vyzkou\u0161en\u00ed tak\u00e9 pln\u011b elektrick\u00e1 dod\u00e1vka Peugeot E-Boxer.<\/p>\n<p><img loading=\"lazy\" decoding=\"async\" class=\"alignnone size-medium wp-image-13090\" src=\"http:\/\/www.automakers.cz\/wp-content\/uploads\/2025\/05\/Pugeot-emotion-days-2-900x675.jpg\" alt=\"\" width=\"900\" height=\"675\" srcset=\"https:\/\/www.automakers.cz\/wp-content\/uploads\/2025\/05\/Pugeot-emotion-days-2-900x675.jpg 900w, https:\/\/www.automakers.cz\/wp-content\/uploads\/2025\/05\/Pugeot-emotion-days-2-1024x768.jpg 1024w, https:\/\/www.automakers.cz\/wp-content\/uploads\/2025\/05\/Pugeot-emotion-days-2-768x576.jpg 768w, https:\/\/www.automakers.cz\/wp-content\/uploads\/2025\/05\/Pugeot-emotion-days-2.jpg 1365w\" sizes=\"auto, (max-width: 900px) 100vw, 900px\" \/><\/p>\n<p><strong>V\u00fdhody pro z\u00e1kazn\u00edky<\/strong><\/p>\n<p>Krom\u011b mo\u017enosti otestovat modely Peugeot a sezn\u00e1mit se s modern\u00edmi technologiemi mohou n\u00e1v\u0161t\u011bvn\u00edci akce sout\u011b\u017eit o d\u00e1rkov\u00e9 bal\u00ed\u010dky nebo voucher na v\u00edkendov\u00fd pobyt v hotelu Clarion.<\/p>\n<p>Z\u00e1kazn\u00edci, kte\u0159\u00ed v r\u00e1mci roadshow otestuj\u00ed v\u016fz, budou m\u00edt pot\u00e9 30 dn\u00ed na vyu\u017eit\u00ed speci\u00e1ln\u00ed nab\u00eddky na n\u00e1kup nov\u00e9ho vozu a p\u0159\u00edslu\u0161enstv\u00ed, kter\u00e1 zahrnuje:<\/p>\n<ul>\n<li>P\u0159edplacenou CCS kartu na 10 000 K\u010d<\/li>\n<li>Extra bonus p\u0159i v\u00fdb\u011bru ze skladov\u00fdch voz\u016f<\/li>\n<li>Zv\u00fdhodn\u011bn\u00ed 45 % na bal\u00ed\u010dek p\u0159\u00edslu\u0161enstv\u00ed WINTER a PROTECT<\/li>\n<\/ul>\n<p>\u201eNa\u0161\u00edm c\u00edlem je p\u0159ibl\u00ed\u017eit se z\u00e1kazn\u00edk\u016fm, p\u0159edstavit jim na\u0161e nejnov\u011bj\u0161\u00ed produkty a pos\u00edlit pov\u011bdom\u00ed o zna\u010dce Peugeot i na\u0161ich inovac\u00edch. T\u011b\u0161\u00ed n\u00e1s, \u017ee se Peugeot Emotion Days t\u011b\u0161\u00ed tak velk\u00e9mu z\u00e1jmu. P\u0159esv\u011bd\u010dili jsme se o tom hned po spu\u0161t\u011bn\u00ed rezerva\u010dn\u00edch str\u00e1nek, kter\u00e9 okam\u017eit\u011b p\u0159il\u00e1kaly z\u00e1jemce o testov\u00e1n\u00ed, p\u0159i\u010dem\u017e nejv\u00edce rezervac\u00ed si hned b\u011bhem prvn\u00edho dne p\u0159ipsal pln\u011b elektrick\u00fd Peugeot E-3008. Zveme tedy v\u0161echny technologick\u00e9 nad\u0161ence i p\u0159\u00edznivce klasick\u00fdch pohon\u016f, aby si na\u0161e modely p\u0159i\u0161li osobn\u011b vyzkou\u0161et, proto\u017ee na\u0161e v\u0161estrann\u00e1 nab\u00eddka uspokoj\u00ed ve\u0161ker\u00e9 z\u00e1kaznick\u00e9 preference,\u201c \u0159\u00edk\u00e1 Filip Lapka.<\/p>\n<p>Peugeot Emotion Day prob\u011bhne od 15. kv\u011btna do 15. \u010dervna 2025, v\u017edy od \u010dtvrtka do ned\u011ble, zpravidla od 10 do 18 hodin. Z\u00e1jemci o testovac\u00ed j\u00edzdu si mohou rezervovat term\u00edn na str\u00e1nk\u00e1ch peugeotemotionday.cz, p\u0159\u00edpadn\u011b p\u0159\u00edmo na m\u00edst\u011b kon\u00e1n\u00ed akce.<\/p>\n<p><img loading=\"lazy\" decoding=\"async\" class=\"alignnone size-medium wp-image-13091\" src=\"http:\/\/www.automakers.cz\/wp-content\/uploads\/2025\/05\/Pugeot-emotion-days-3-900x675.jpg\" alt=\"\" width=\"900\" height=\"675\" srcset=\"https:\/\/www.automakers.cz\/wp-content\/uploads\/2025\/05\/Pugeot-emotion-days-3-900x675.jpg 900w, https:\/\/www.automakers.cz\/wp-content\/uploads\/2025\/05\/Pugeot-emotion-days-3-1024x768.jpg 1024w, https:\/\/www.automakers.cz\/wp-content\/uploads\/2025\/05\/Pugeot-emotion-days-3-768x576.jpg 768w, https:\/\/www.automakers.cz\/wp-content\/uploads\/2025\/05\/Pugeot-emotion-days-3.jpg 1365w\" sizes=\"auto, (max-width: 900px) 100vw, 900px\" \/><\/p>\n","protected":false},"excerpt":{"rendered":"<p>Marketingov\u00e1 akce Peugeot Emotion Days op\u011bt o\u017e\u00edv\u00e1 a p\u0159in\u00e1\u0161\u00ed z\u00e1jemc\u016fm p\u0159\u00edle\u017eitost poznat aktu\u00e1ln\u00ed nab\u00eddku zna\u010dky&#8230;.<\/p>\n","protected":false},"author":2,"featured_media":13088,"comment_status":"closed","ping_status":"closed","sticky":false,"template":"","format":"standard","meta":{"footnotes":""},"categories":[24,26,36],"tags":[],"class_list":["post-13087","post","type-post","status-publish","format-standard","has-post-thumbnail","hentry","category-akce","category-eventy","category-marketing"],"_links":{"self":[{"href":"https:\/\/www.automakers.cz\/index.php?rest_route=\/wp\/v2\/posts\/13087","targetHints":{"allow":["GET"]}}],"collection":[{"href":"https:\/\/www.automakers.cz\/index.php?rest_route=\/wp\/v2\/posts"}],"about":[{"href":"https:\/\/www.automakers.cz\/index.php?rest_route=\/wp\/v2\/types\/post"}],"author":[{"embeddable":true,"href":"https:\/\/www.automakers.cz\/index.php?rest_route=\/wp\/v2\/users\/2"}],"replies":[{"embeddable":true,"href":"https:\/\/www.automakers.cz\/index.php?rest_route=%2Fwp%2Fv2%2Fcomments&post=13087"}],"version-history":[{"count":6,"href":"https:\/\/www.automakers.cz\/index.php?rest_route=\/wp\/v2\/posts\/13087\/revisions"}],"predecessor-version":[{"id":13107,"href":"https:\/\/www.automakers.cz\/index.php?rest_route=\/wp\/v2\/posts\/13087\/revisions\/13107"}],"wp:featuredmedia":[{"embeddable":true,"href":"https:\/\/www.automakers.cz\/index.php?rest_route=\/wp\/v2\/media\/13088"}],"wp:attachment":[{"href":"https:\/\/www.automakers.cz\/index.php?rest_route=%2Fwp%2Fv2%2Fmedia&parent=13087"}],"wp:term":[{"taxonomy":"category","embeddable":true,"href":"https:\/\/www.automakers.cz\/index.php?rest_route=%2Fwp%2Fv2%2Fcategories&post=13087"},{"taxonomy":"post_tag","embeddable":true,"href":"https:\/\/www.automakers.cz\/index.php?rest_route=%2Fwp%2Fv2%2Ftags&post=13087"}],"curies":[{"name":"wp","href":"https:\/\/api.w.org\/{rel}","templated":true}]}}