{"id":13096,"date":"2025-05-14T07:24:08","date_gmt":"2025-05-14T07:24:08","guid":{"rendered":"https:\/\/www.automakers.cz\/?p=13096"},"modified":"2025-05-14T07:24:08","modified_gmt":"2025-05-14T07:24:08","slug":"tenistka-krejcikova-jezdi-v-cayenne","status":"publish","type":"post","link":"https:\/\/www.automakers.cz\/?p=13096","title":{"rendered":"Tenistka Krej\u010d\u00edkov\u00e1 jezd\u00ed v Cayenne"},"content":{"rendered":"<div><strong>Z\u00e1stupci importu Porsche a Porsche Centra Brno p\u0159edali kl\u00ed\u010dky od modr\u00e9ho SUV Porsche Cayenne S E-Hybrid \u010desk\u00e9 tenistce, brn\u011bnsk\u00e9 roda\u010dce Barbo\u0159e Krej\u010d\u00edkov\u00e9.<\/strong><\/div>\n<p><!--more--><\/p>\n<div id=\"-wm-DivBodyText\">\n<p>Porsche Inter Auto CZ, ofici\u00e1ln\u00ed dovozce automobil\u016f Porsche do \u010cesk\u00e9 republiky, pokra\u010duje v podpo\u0159e \u010desk\u00e9ho \u017eensk\u00e9ho tenisu. Za volant modelu SUV Porsche Cayenne s plug-hybridn\u00edm pohonem usedne dev\u011btadvacetilet\u00e1 dvan\u00e1ctin\u00e1sobn\u00e1 grandslamov\u00e1 v\u00edt\u011bzka Barbora Krej\u010d\u00edkov\u00e1. Kl\u00ed\u010dky od sv\u00e9ho vozu si Krej\u010d\u00edkov\u00e1 p\u0159evzala v showroomu Porsche Centrum Brno.<\/p>\n<p>\u201eM\u00e1m velkou radost, \u017ee mohu B\u00e1ru Krej\u010d\u00edkovou p\u0159iv\u00edtat mezi \u201afriends of the brand\u2018 Porsche,\u201c \u0159\u00edk\u00e1 Joanna Og\u00f3rek, v\u00fdkonn\u00e1 \u0159editelka v\u00fdhradn\u00edho dovozce automobil\u016f Porsche do \u010cesk\u00e9 republiky. \u201eTenis a Porsche k sob\u011b pat\u0159\u00ed l\u00e9ta a partnerstv\u00ed s B\u00e1rou n\u00e1m p\u0159i\u0161lo jako logick\u00fd krok spolupr\u00e1ce na \u010desk\u00e9m trhu. Je to \u0161pi\u010dkov\u00e1 tenistka, wimbledonsk\u00e1 v\u00edt\u011bzka, r\u00e1da \u0159\u00edd\u00ed a je z nov\u00e9ho Porsche opravdu \u0161\u0165astn\u00e1. Za volantem Porsche v\u017edy r\u00e1di vid\u00edme takto nad\u0161en\u00e9 \u017eeny.\u201c<\/p>\n<\/div>\n<div><img loading=\"lazy\" decoding=\"async\" class=\"alignnone size-medium wp-image-13099\" src=\"http:\/\/www.automakers.cz\/wp-content\/uploads\/2025\/05\/Tenistka-Barbora-Krejcikova-jezdi-v-novem-Porsche-Cayenne-2-900x506.jpg\" alt=\"\" width=\"900\" height=\"506\" srcset=\"https:\/\/www.automakers.cz\/wp-content\/uploads\/2025\/05\/Tenistka-Barbora-Krejcikova-jezdi-v-novem-Porsche-Cayenne-2-900x506.jpg 900w, https:\/\/www.automakers.cz\/wp-content\/uploads\/2025\/05\/Tenistka-Barbora-Krejcikova-jezdi-v-novem-Porsche-Cayenne-2-1024x576.jpg 1024w, https:\/\/www.automakers.cz\/wp-content\/uploads\/2025\/05\/Tenistka-Barbora-Krejcikova-jezdi-v-novem-Porsche-Cayenne-2-768x432.jpg 768w, https:\/\/www.automakers.cz\/wp-content\/uploads\/2025\/05\/Tenistka-Barbora-Krejcikova-jezdi-v-novem-Porsche-Cayenne-2.jpg 1035w\" sizes=\"auto, (max-width: 900px) 100vw, 900px\" \/><\/div>\n<div><\/div>\n<div>\n<p>B\u00e1ra Krej\u010d\u00edkov\u00e1 p\u0159id\u00e1v\u00e1 sv\u016fj p\u0159\u00edb\u011bh: \u201eU\u017e jako mal\u00e1 jsem m\u011bla sen vyhr\u00e1t tenisov\u00fd turnaj Porsche Grand Prix ve Stuttgartu, proto\u017ee v\u00edt\u011bzka krom\u011b \u201aprize money\u2018 z\u00edsk\u00e1v\u00e1 tak\u00e9 nov\u00e9 Porsche. To pro m\u011b bylo v\u017edycky velk\u00e9 l\u00e1kadlo. Na sv\u00e9 v\u00edt\u011bzstv\u00ed ve Stuttgartu teprve \u010dek\u00e1m, ale d\u00edky \u010desk\u00e9mu zastoupen\u00ed zna\u010dky Porsche jedno skv\u011bl\u00e9 Porsche m\u016f\u017eu vyu\u017e\u00edvat. A na prvn\u00ed dlouhou cestu jsem ho vzala kam jinam ne\u017e na tenis Stuttgartu. Up\u0159\u00edmn\u011b, hybridn\u00ed Cayenne SUV byla skv\u011bl\u00e1 volba,\u201c potvrzuje sv\u016fj v\u00fdb\u011br Krej\u010d\u00edkov\u00e1.<\/p>\n<p>Porsche nab\u00edz\u00ed pro modelovou \u0159adu Cayenne t\u0159i varianty plug-in hybridn\u00edho pohonu. Z\u00e1kladn\u00ed Cayenne E-Hybrid nab\u00edz\u00ed nejvy\u0161\u0161\u00ed v\u00fdkon 346 kW (470 k) a maxim\u00e1ln\u00ed to\u010div\u00fd moment 650 N.m \u2013, kter\u00e9 posta\u010duj\u00ed ke zrychlen\u00ed z 0 na 100 km\/h za 4,9 sekundy a dosa\u017een\u00ed nejvy\u0161\u0161\u00ed rychlosti 254 km\/h. Kombinovan\u00e1 spot\u0159eba paliva je p\u0159itom 3,9 a\u017e 4,4 l\/100 km a dojezd v re\u017eimu EV m\u016f\u017ee dos\u00e1hnout a\u017e 83 km.<\/p>\n<\/div>\n<div><img loading=\"lazy\" decoding=\"async\" class=\"alignnone size-medium wp-image-13100\" src=\"http:\/\/www.automakers.cz\/wp-content\/uploads\/2025\/05\/Tenistka-Barbora-Krejcikova-jezdi-v-novem-Porsche-Cayenne-3-900x506.jpg\" alt=\"\" width=\"900\" height=\"506\" srcset=\"https:\/\/www.automakers.cz\/wp-content\/uploads\/2025\/05\/Tenistka-Barbora-Krejcikova-jezdi-v-novem-Porsche-Cayenne-3-900x506.jpg 900w, https:\/\/www.automakers.cz\/wp-content\/uploads\/2025\/05\/Tenistka-Barbora-Krejcikova-jezdi-v-novem-Porsche-Cayenne-3-1024x576.jpg 1024w, https:\/\/www.automakers.cz\/wp-content\/uploads\/2025\/05\/Tenistka-Barbora-Krejcikova-jezdi-v-novem-Porsche-Cayenne-3-768x432.jpg 768w, https:\/\/www.automakers.cz\/wp-content\/uploads\/2025\/05\/Tenistka-Barbora-Krejcikova-jezdi-v-novem-Porsche-Cayenne-3.jpg 1035w\" sizes=\"auto, (max-width: 900px) 100vw, 900px\" \/><\/div>\n<div><\/div>\n<div>\n<p>Vy\u0161\u0161\u00ed n\u00e1roky na j\u00edzdn\u00ed dynamiku dok\u00e1\u017eou uspokojit verze Cayenne S E-Hybrid s v\u00fdkonem 381 kW (519 k) a Cayenne Turbo E-Hybrid, jeho\u017e hybridn\u00ed soustava dok\u00e1\u017ee poskytnout 543 kW (739 k).<\/p>\n<p>Barbora Krej\u010d\u00edkov\u00e1 se m\u016f\u017ee v 29 letech pochlubit \u00fasp\u011b\u0161nou kari\u00e9rou na tenisov\u00fdch kurtech cel\u00e9ho sv\u011bta jak ve dvouh\u0159e, tak ve \u010dty\u0159h\u0159e. V sou\u010dasnosti m\u00e1 hr\u00e1\u010dka, kter\u00e1 s tenisem za\u010d\u00ednala ve v\u011bku t\u0159\u00ed let na kurtech v Ivan\u010dic\u00edch, na sv\u00e9m kont\u011b celkem 12 grandslamov\u00fdch v\u00edt\u011bzstv\u00ed ve dvouh\u0159e a \u010dty\u0159h\u0159e. V pr\u016fb\u011b\u017en\u00fdch \u017eeb\u0159\u00ed\u010dc\u00edch WTA pat\u0159ila Krej\u010d\u00edkov\u00e9 nejl\u00e9pe pozice sv\u011btov\u00e9 dvojky ve dvouh\u0159e a sv\u011btov\u00e9 jedni\u010dky ve \u010dty\u0159h\u0159e. Ve v\u00fd\u010dtu nejv\u011bt\u0161\u00edch \u00fasp\u011bch\u016f nesm\u00ed chyb\u011bt ani olympijsk\u00e9 zlato v \u017eensk\u00e9 \u010dty\u0159h\u0159e z roku 2020.<\/p>\n<\/div>\n<div><img loading=\"lazy\" decoding=\"async\" class=\"alignnone size-medium wp-image-13101\" src=\"http:\/\/www.automakers.cz\/wp-content\/uploads\/2025\/05\/Tenistka-Barbora-Krejcikova-jezdi-v-novem-Porsche-Cayenne-4-900x506.jpg\" alt=\"\" width=\"900\" height=\"506\" srcset=\"https:\/\/www.automakers.cz\/wp-content\/uploads\/2025\/05\/Tenistka-Barbora-Krejcikova-jezdi-v-novem-Porsche-Cayenne-4-900x506.jpg 900w, https:\/\/www.automakers.cz\/wp-content\/uploads\/2025\/05\/Tenistka-Barbora-Krejcikova-jezdi-v-novem-Porsche-Cayenne-4-1024x576.jpg 1024w, https:\/\/www.automakers.cz\/wp-content\/uploads\/2025\/05\/Tenistka-Barbora-Krejcikova-jezdi-v-novem-Porsche-Cayenne-4-768x432.jpg 768w, https:\/\/www.automakers.cz\/wp-content\/uploads\/2025\/05\/Tenistka-Barbora-Krejcikova-jezdi-v-novem-Porsche-Cayenne-4.jpg 1035w\" sizes=\"auto, (max-width: 900px) 100vw, 900px\" \/><\/div>\n","protected":false},"excerpt":{"rendered":"<p>Z\u00e1stupci importu Porsche a Porsche Centra Brno p\u0159edali kl\u00ed\u010dky od modr\u00e9ho SUV Porsche Cayenne S&#8230;<\/p>\n","protected":false},"author":2,"featured_media":13098,"comment_status":"closed","ping_status":"closed","sticky":false,"template":"","format":"standard","meta":{"footnotes":""},"categories":[83,29,70,69],"tags":[],"class_list":["post-13096","post","type-post","status-publish","format-standard","has-post-thumbnail","hentry","category-hybridy","category-sponzoring","category-sport","category-suv"],"_links":{"self":[{"href":"https:\/\/www.automakers.cz\/index.php?rest_route=\/wp\/v2\/posts\/13096","targetHints":{"allow":["GET"]}}],"collection":[{"href":"https:\/\/www.automakers.cz\/index.php?rest_route=\/wp\/v2\/posts"}],"about":[{"href":"https:\/\/www.automakers.cz\/index.php?rest_route=\/wp\/v2\/types\/post"}],"author":[{"embeddable":true,"href":"https:\/\/www.automakers.cz\/index.php?rest_route=\/wp\/v2\/users\/2"}],"replies":[{"embeddable":true,"href":"https:\/\/www.automakers.cz\/index.php?rest_route=%2Fwp%2Fv2%2Fcomments&post=13096"}],"version-history":[{"count":5,"href":"https:\/\/www.automakers.cz\/index.php?rest_route=\/wp\/v2\/posts\/13096\/revisions"}],"predecessor-version":[{"id":13143,"href":"https:\/\/www.automakers.cz\/index.php?rest_route=\/wp\/v2\/posts\/13096\/revisions\/13143"}],"wp:featuredmedia":[{"embeddable":true,"href":"https:\/\/www.automakers.cz\/index.php?rest_route=\/wp\/v2\/media\/13098"}],"wp:attachment":[{"href":"https:\/\/www.automakers.cz\/index.php?rest_route=%2Fwp%2Fv2%2Fmedia&parent=13096"}],"wp:term":[{"taxonomy":"category","embeddable":true,"href":"https:\/\/www.automakers.cz\/index.php?rest_route=%2Fwp%2Fv2%2Fcategories&post=13096"},{"taxonomy":"post_tag","embeddable":true,"href":"https:\/\/www.automakers.cz\/index.php?rest_route=%2Fwp%2Fv2%2Ftags&post=13096"}],"curies":[{"name":"wp","href":"https:\/\/api.w.org\/{rel}","templated":true}]}}