{"id":13144,"date":"2025-05-14T08:18:32","date_gmt":"2025-05-14T08:18:32","guid":{"rendered":"https:\/\/www.automakers.cz\/?p=13144"},"modified":"2025-05-14T08:18:32","modified_gmt":"2025-05-14T08:18:32","slug":"rekola-rozsiruji-prazskou-flotilu","status":"publish","type":"post","link":"https:\/\/www.automakers.cz\/?p=13144","title":{"rendered":"Rekola roz\u0161i\u0159uj\u00ed pra\u017eskou flotilu"},"content":{"rendered":"<p><strong><b>Spole\u010dnost Rekola roz\u0161\u00ed\u0159\u00ed pra\u017eskou flotilu o 50 nov\u00fdch elektrokol. P\u016fj\u010dovat i vracet je u\u017eivatel\u00e9 mohou na stejn\u00fdch stanovi\u0161t\u00edch jako klasick\u00e1 mechanick\u00e1 kola prost\u0159ednictv\u00edm mobiln\u00ed aplikace. Oproti mechanick\u00e9 flotile je rekolist\u00e9 poznaj\u00ed podle meru\u0148kov\u00e9 barvy.<\/b><\/strong><!--more--><\/p>\n<p><strong><b> Postupn\u011b bude flotila roz\u0161\u00ed\u0159ena na ni\u017e\u0161\u00ed stovky kol. Minuta v\u00fdp\u016fj\u010dky za\u010d\u00edn\u00e1 na 2,33 K\u010d.<\/b><\/strong><\/p>\n<p>\u201e<em><i>Praha je v mnoha \u00fasec\u00edch kopcovit\u00e1, co\u017e nemus\u00ed v\u0161em rekolist\u016fm vyhovovat.<\/i><\/em>\u00a0Kdy\u017e se <em><i>n\u00e1m naskytla p\u0159\u00edle\u017eitost odkoupit sd\u00edlen\u00e1 elektrokola z druh\u00e9 ruky, nev\u00e1hali jsme. Rekola nejsou o r\u016f\u017eov\u00e9 barv\u011b, ale o vizi. Proto n\u00e1m ani nevad\u00ed, \u017ee se odli\u0161uj\u00ed od na\u0161eho brandov\u00e9ho designu a maj\u00ed meru\u0148kovou barvu. Hlavn\u00ed je vdechnout druh\u00fd \u017eivot kol\u016fm a dop\u0159\u00e1t na\u0161im u\u017eivatel\u016fm mo\u017enost \u0161l\u00e1pnou rychleji do ped\u00e1lu,<\/i><\/em>\u201c komentuje V\u00edt Je\u017eek, zakladatel a CEO Rekol.<\/p>\n<p>Elektrokola jsou konstruov\u00e1na tak, aby zjednodu\u0161ila pohyb po m\u011bst\u011b. Motor v\u00fdrazn\u011b usnad\u0148uje zdol\u00e1v\u00e1n\u00ed kopc\u016f a z\u00e1rove\u0148 pom\u00e1h\u00e1 u\u017eivatel\u016fm udr\u017eet tempo v m\u011bstsk\u00e9m provozu. Rekola zah\u00e1j\u00ed provoz s testovac\u00ed s\u00e9ri\u00ed zhruba 50 kus\u016f a postupn\u011b ji roz\u0161\u00ed\u0159\u00ed na ni\u017e\u0161\u00ed stovky kol. \u201e<em><i>D\u00edky testovac\u00edmu provozu zanalyzujeme dopravn\u00ed chov\u00e1n\u00ed rekolist\u016f a rozd\u00edl oproti mechanick\u00fdm kol\u016fm,<\/i><\/em>\u201c dopl\u0148uje Je\u017eek.<\/p>\n<p>Na meru\u0148kov\u00fdch modelech nebude chyb\u011bt u\u017eivatelsky obl\u00edben\u00fd praktick\u00fd ko\u0161\u00edk. Samoz\u0159ejmost\u00ed jsou i\u00a0sv\u011btla, kter\u00e1 umo\u017e\u0148uj\u00ed j\u00edzdu v noci. Novinkou je \u0159emen m\u00edsto \u0159et\u011bzu, kter\u00fd slibuje ti\u0161\u0161\u00ed chod kola. U\u017eivateli se elektrick\u00e1 p\u0159\u00edpomoc nastavuje automaticky. Na kole nen\u00ed pot\u0159eba nic zap\u00ednat.<\/p>\n<p>Baterie u elektrokol bude m\u011bnit t\u00fdm mechanik\u016f b\u011bhem dne p\u0159\u00edmo v ulic\u00edch. Tento proces bude prob\u00edhat za vyu\u017eit\u00ed n\u00e1kladn\u00edch kol, aby se omezilo p\u0159ev\u00e1\u017een\u00ed e-kol auty.<\/p>\n<p><strong><b>Dostupnost a provoz<\/b><\/strong><\/p>\n<p>Nov\u00e1 elektrokola budou dostupn\u00e1 prost\u0159ednictv\u00edm mobiln\u00ed aplikace Rekola. U\u017eivatel\u00e9 si je budou moci vyp\u016fj\u010dit a vr\u00e1tit ve stejn\u00fdch stanovi\u0161t\u00edch jako kola mechanick\u00e1 po cel\u00e9 Praze. Na map\u011b je poznaj\u00ed podle jin\u00e9 ikonky s bleskem. Spole\u010dnost ji\u017e elektrokola poskytuje v Prost\u011bjov\u011b a \u017d\u010f\u00e1ru nad S\u00e1zavou, kde se denn\u011b uskute\u010dn\u00ed ni\u017e\u0161\u00ed stovky j\u00edzd.<\/p>\n<p>V r\u00e1mci testovac\u00edho provozu stoj\u00ed u\u017eivatele p\u016fj\u010den\u00ed elektrokola 10 K\u010d za odemknut\u00ed a 5 K\u010d za minutu. K\u00a0dispozici je tak\u00e9 bal\u00ed\u010dek 60 minut s odemknut\u00ed zdarma, kter\u00fd lze po\u0159\u00eddit za 140 K\u010d.<\/p>\n<p><strong>V\u00cdCE O REKOLECH<\/strong><\/p>\n<p>Ryze \u010desk\u00e1 spole\u010dnost Rekola vznikla v roce 2013 s my\u0161lenkou, \u017ee ka\u017ed\u00e9 m\u011bsto by m\u011blo m\u00edt vlastn\u00ed s\u00ed\u0165 sd\u00edlen\u00fdch kol. Z projektu, kter\u00fd spo\u010d\u00edval ve v\u00edkendov\u00fdch workshopech, na kter\u00fdch se opravovala star\u00e1 kola a vracela se zp\u00e1tky na silnice, se stala firma s v\u00edce ne\u017e 600 000 u\u017eivateli a tis\u00edcovkami v\u00fdp\u016fj\u010dek denn\u011b. R\u016f\u017eov\u00e1 sd\u00edlen\u00e1 kola nyn\u00ed u\u017eivatel\u00e9 najdou v Praze, Brn\u011b, \u010cesk\u00fdch Bud\u011bjovic\u00edch, Prost\u011bjov\u011b, Krnov\u011b, \u017d\u010f\u00e1ru nad S\u00e1zavou, Hav\u00ed\u0159ov\u011b, Bratislav\u011b a estonsk\u00e9m Tallinnu.<\/p>\n","protected":false},"excerpt":{"rendered":"<p>Spole\u010dnost Rekola roz\u0161\u00ed\u0159\u00ed pra\u017eskou flotilu o 50 nov\u00fdch elektrokol. P\u016fj\u010dovat i vracet je u\u017eivatel\u00e9 mohou&#8230;<\/p>\n","protected":false},"author":1,"featured_media":13146,"comment_status":"closed","ping_status":"closed","sticky":false,"template":"","format":"standard","meta":{"footnotes":""},"categories":[94,47],"tags":[],"class_list":["post-13144","post","type-post","status-publish","format-standard","has-post-thumbnail","hentry","category-carsharing","category-doprava"],"_links":{"self":[{"href":"https:\/\/www.automakers.cz\/index.php?rest_route=\/wp\/v2\/posts\/13144","targetHints":{"allow":["GET"]}}],"collection":[{"href":"https:\/\/www.automakers.cz\/index.php?rest_route=\/wp\/v2\/posts"}],"about":[{"href":"https:\/\/www.automakers.cz\/index.php?rest_route=\/wp\/v2\/types\/post"}],"author":[{"embeddable":true,"href":"https:\/\/www.automakers.cz\/index.php?rest_route=\/wp\/v2\/users\/1"}],"replies":[{"embeddable":true,"href":"https:\/\/www.automakers.cz\/index.php?rest_route=%2Fwp%2Fv2%2Fcomments&post=13144"}],"version-history":[{"count":2,"href":"https:\/\/www.automakers.cz\/index.php?rest_route=\/wp\/v2\/posts\/13144\/revisions"}],"predecessor-version":[{"id":13147,"href":"https:\/\/www.automakers.cz\/index.php?rest_route=\/wp\/v2\/posts\/13144\/revisions\/13147"}],"wp:featuredmedia":[{"embeddable":true,"href":"https:\/\/www.automakers.cz\/index.php?rest_route=\/wp\/v2\/media\/13146"}],"wp:attachment":[{"href":"https:\/\/www.automakers.cz\/index.php?rest_route=%2Fwp%2Fv2%2Fmedia&parent=13144"}],"wp:term":[{"taxonomy":"category","embeddable":true,"href":"https:\/\/www.automakers.cz\/index.php?rest_route=%2Fwp%2Fv2%2Fcategories&post=13144"},{"taxonomy":"post_tag","embeddable":true,"href":"https:\/\/www.automakers.cz\/index.php?rest_route=%2Fwp%2Fv2%2Ftags&post=13144"}],"curies":[{"name":"wp","href":"https:\/\/api.w.org\/{rel}","templated":true}]}}