{"id":13158,"date":"2025-05-14T20:03:50","date_gmt":"2025-05-14T20:03:50","guid":{"rendered":"https:\/\/www.automakers.cz\/?p=13158"},"modified":"2025-05-14T20:03:50","modified_gmt":"2025-05-14T20:03:50","slug":"znacka-jeep-se-vraci-na-dres-juventusu","status":"publish","type":"post","link":"https:\/\/www.automakers.cz\/?p=13158","title":{"rendered":"Zna\u010dka Jeep se vrac\u00ed na dres Juventusu"},"content":{"rendered":"<p><strong>Jeep obnovuje historick\u00e9 partnerstv\u00ed: zna\u010dka Jeep\u00ae je op\u011bt ofici\u00e1ln\u00edm sponzorem Juventusu Tur\u00edn a od sez\u00f3ny 2025\/2026 se vr\u00e1t\u00ed na t\u00fdmov\u00e9 dresy \u2013 mu\u017e\u016f, \u017een i t\u00fdm\u016f Juventus Next Gen. <\/strong><!--more--><\/p>\n<p>Cesty zna\u010dek Jeep\u00ae a Juventus Tur\u00edn se op\u011bt zk\u0159\u00ed\u017e\u00ed a budou pokra\u010dovat ve sv\u00e9 spole\u010dn\u00e9 cest\u011b. Spolupr\u00e1ce za\u010dala p\u0159ed dvan\u00e1cti sez\u00f3nami v sez\u00f3n\u011b 2012\/2013 a pokra\u010dovala i v sez\u00f3n\u011b 2024\/2025 s Jeepem jako ofici\u00e1ln\u00edm automobilov\u00fdm partnerem.<\/p>\n<p>N\u00e1vrat zna\u010dky Jeep\u00ae, jako sponzora Juventusu, je sou\u010d\u00e1st\u00ed v\u00edcelet\u00e9 dohody, kter\u00e1 zahrnuje i dal\u0161\u00ed sponzorsk\u00e9 aktivity.<\/p>\n<p>&nbsp;<\/p>\n","protected":false},"excerpt":{"rendered":"<p>Jeep obnovuje historick\u00e9 partnerstv\u00ed: zna\u010dka Jeep\u00ae je op\u011bt ofici\u00e1ln\u00edm sponzorem Juventusu Tur\u00edn a od sez\u00f3ny&#8230;<\/p>\n","protected":false},"author":2,"featured_media":13159,"comment_status":"closed","ping_status":"closed","sticky":false,"template":"","format":"standard","meta":{"footnotes":""},"categories":[29,70],"tags":[],"class_list":["post-13158","post","type-post","status-publish","format-standard","has-post-thumbnail","hentry","category-sponzoring","category-sport"],"_links":{"self":[{"href":"https:\/\/www.automakers.cz\/index.php?rest_route=\/wp\/v2\/posts\/13158","targetHints":{"allow":["GET"]}}],"collection":[{"href":"https:\/\/www.automakers.cz\/index.php?rest_route=\/wp\/v2\/posts"}],"about":[{"href":"https:\/\/www.automakers.cz\/index.php?rest_route=\/wp\/v2\/types\/post"}],"author":[{"embeddable":true,"href":"https:\/\/www.automakers.cz\/index.php?rest_route=\/wp\/v2\/users\/2"}],"replies":[{"embeddable":true,"href":"https:\/\/www.automakers.cz\/index.php?rest_route=%2Fwp%2Fv2%2Fcomments&post=13158"}],"version-history":[{"count":5,"href":"https:\/\/www.automakers.cz\/index.php?rest_route=\/wp\/v2\/posts\/13158\/revisions"}],"predecessor-version":[{"id":13164,"href":"https:\/\/www.automakers.cz\/index.php?rest_route=\/wp\/v2\/posts\/13158\/revisions\/13164"}],"wp:featuredmedia":[{"embeddable":true,"href":"https:\/\/www.automakers.cz\/index.php?rest_route=\/wp\/v2\/media\/13159"}],"wp:attachment":[{"href":"https:\/\/www.automakers.cz\/index.php?rest_route=%2Fwp%2Fv2%2Fmedia&parent=13158"}],"wp:term":[{"taxonomy":"category","embeddable":true,"href":"https:\/\/www.automakers.cz\/index.php?rest_route=%2Fwp%2Fv2%2Fcategories&post=13158"},{"taxonomy":"post_tag","embeddable":true,"href":"https:\/\/www.automakers.cz\/index.php?rest_route=%2Fwp%2Fv2%2Ftags&post=13158"}],"curies":[{"name":"wp","href":"https:\/\/api.w.org\/{rel}","templated":true}]}}