{"id":13199,"date":"2025-05-18T21:14:25","date_gmt":"2025-05-18T21:14:25","guid":{"rendered":"https:\/\/www.automakers.cz\/?p=13199"},"modified":"2025-05-19T07:15:08","modified_gmt":"2025-05-19T07:15:08","slug":"bmw-polozilo-zaklady-centra-v-mosnove","status":"publish","type":"post","link":"https:\/\/www.automakers.cz\/?p=13199","title":{"rendered":"BMW polo\u017eilo z\u00e1klady centra v Mo\u0161nov\u011b"},"content":{"rendered":"<p><strong><b>Z\u00e1stupci developersk\u00e9 firmy Gridarch (d\u0159\u00edve Concens Investments), automobilky BMW Group, m\u011bsta Ostravy a Moravskoslezsk\u00e9ho kraje spole\u010dn\u011b ve \u010dtvrtek 15. kv\u011btna 2025 zasadili symbolicky prvn\u00ed t\u0159i \u010desk\u00e9 l\u00edpy v projektu logistick\u00e9ho centra automobilky BMW Group. <\/b><\/strong><!--more--><\/p>\n<p>To vyroste na plo\u0161e 126.000 m<sup>2<\/sup>\u00a0III. f\u00e1ze Ostrava Airport Multimodal Parku (#OAMP) u Leti\u0161t\u011b Leo\u0161e Jan\u00e1\u010dka v\u00a0Mo\u0161nov\u011b. Jeho pilotn\u00ed provoz by m\u011bl b\u00fdt zah\u00e1jen v\u00a0Q1 2026, pln\u00fd provoz koncem roku 2026. BMW Group bude z\u00a0Mo\u0161nova sv\u00e9 v\u00fdrobn\u00ed komponenty do z\u00e1mo\u0159\u00ed \u2013 p\u0159edev\u0161\u00edm do Asie a do Ameriky.<\/p>\n<p><strong><em><b><i>\u00a0<\/i><\/b><\/em><\/strong><em><i>\u201eD\u00edky smlouv\u011b o dlouhodob\u00e9m pron\u00e1jmu, kterou jsme s\u00a0BMW Group uzav\u0159eli, budeme moci i nad\u00e1le rozv\u00edjet lokalitu, v\u00a0n\u00ed\u017e p\u016fsob\u00edme od roku 2018 a kter\u00e1 je unik\u00e1tn\u00ed nejen svou polohou, ale i kombinac\u00ed leteck\u00e9, kamionov\u00e9 a \u017eelezni\u010dn\u00ed cargo dopravy. A pr\u00e1v\u011b dostupnost \u017eelezni\u010dn\u00edho napojen\u00ed byla pro volbu lokality pro na\u0161eho klienta kl\u00ed\u010dov\u00e1. V\u00fdstavba t\u0159\u00ed hal o velikosti v\u00edce ne\u017e 123.000 m<\/i><\/em><em><sup><i>2<\/i><\/sup><\/em><em><i>, kter\u00e9 vyu\u017eije BMW Group, p\u0159edstavuje III. f\u00e1zi developmentu mo\u0161novsk\u00e9ho are\u00e1lu Ostrava Airport Multimodal Park,\u201c <\/i><\/em>\u0159\u00edk\u00e1 <strong><b>Tom\u00e1\u0161 Novotn\u00fd<\/b><\/strong>, v\u00fdkonn\u00fd \u0159editel developersk\u00e9 spole\u010dnosti Gridarch, a dod\u00e1v\u00e1: <em><i>\u201ePl\u00e1nujeme, \u017ee v\u00fdstavba t\u011bchto nemovitost\u00ed bude prob\u00edhat do Q1 2026.\u201c <\/i><\/em><\/p>\n<p><img loading=\"lazy\" decoding=\"async\" class=\"alignnone size-medium wp-image-13203\" src=\"http:\/\/www.automakers.cz\/wp-content\/uploads\/2025\/05\/BMW-sazeni-lip-2Manazeri-900x600.jpg\" alt=\"\" width=\"900\" height=\"600\" srcset=\"https:\/\/www.automakers.cz\/wp-content\/uploads\/2025\/05\/BMW-sazeni-lip-2Manazeri-900x600.jpg 900w, https:\/\/www.automakers.cz\/wp-content\/uploads\/2025\/05\/BMW-sazeni-lip-2Manazeri-1024x683.jpg 1024w, https:\/\/www.automakers.cz\/wp-content\/uploads\/2025\/05\/BMW-sazeni-lip-2Manazeri-768x512.jpg 768w, https:\/\/www.automakers.cz\/wp-content\/uploads\/2025\/05\/BMW-sazeni-lip-2Manazeri-1536x1025.jpg 1536w, https:\/\/www.automakers.cz\/wp-content\/uploads\/2025\/05\/BMW-sazeni-lip-2Manazeri-2048x1366.jpg 2048w\" sizes=\"auto, (max-width: 900px) 100vw, 900px\" \/><strong><b>Oliver Bilstein<\/b><\/strong>, Head of BMW Group Oversea Logistics, uv\u00e1d\u00ed: <em><i>\u201eP\u0159\u00edle\u017eitost st\u00e1t se sou\u010d\u00e1st\u00ed rozr\u016fstaj\u00edc\u00edho se logistick\u00e9ho hubu v\u00a0Ostrav\u011b je pro dodavatelsk\u00fd \u0159et\u011bzec BMW Group skv\u011bl\u00fd posun. Nov\u00e9 logistick\u00e9 centrum bude kl\u00ed\u010dovou sou\u010d\u00e1st\u00ed na\u0161\u00ed s\u00edt\u011b a bude zaji\u0161\u0165ovat d\u00edly pro v\u00fdrobu automobil\u016f a motorek v\u00a0z\u00e1mo\u0159\u00ed. Mohli bychom \u0159\u00edkat \u201ez \u010cesk\u00e9 republiky do sv\u011bta\u201c, proto\u017ee d\u00edly budou dod\u00e1v\u00e1ny do na\u0161ich tov\u00e1ren nap\u0159\u00edklad v\u00a0Braz\u00edlii, Thajsku a Indii. Pl\u00e1nujeme, \u017ee distribuce z\u00a0Ostravy za\u010dne naplno fungovat koncem roku 2026.\u201c <\/i><\/em><\/p>\n<p><em><i>\u00a0<\/i><\/em><em><i>\u201eRozvoj pr\u016fmyslov\u00e9 z\u00f3ny v Mo\u0161nov\u011b potvrzuje, \u017ee Ostrava m\u00e1 co nab\u00eddnout i t\u011bm nejv\u00fdznamn\u011bj\u0161\u00edm sv\u011btov\u00fdm zna\u010dk\u00e1m. Nov\u00e9 distribu\u010dn\u00ed centrum BMW v Mo\u0161nov\u011b v r\u00e1mci Ostrava Airport Multimodal se stane d\u016fle\u017eit\u00fdm logistick\u00fdm uzlem, kter\u00fd bude zaji\u0161\u0165ovat export v\u00fdrobn\u00edch komponent do cel\u00e9ho sv\u011bta a podtrhuje v\u00fdznam zm\u00edn\u011bn\u00e9 lokality tak\u00e9 pro glob\u00e1ln\u00ed dodavatelsk\u00e9 \u0159et\u011bzce. Dlouhodob\u00e1 a n\u00e1ro\u010dn\u00e1 p\u0159\u00edprava projektu nyn\u00ed p\u0159inese pomysln\u00e9 ovoce v\u00a0podob\u011b kvalitn\u00edho zam\u011bstnavatele, kter\u00e9ho v\u00a0z\u00f3n\u011b chceme a jeho\u017e z\u00e1jem pr\u00e1v\u011b o p\u016fsoben\u00ed v\u00a0z\u00f3n\u011b Mo\u0161nov sv\u011bd\u010d\u00ed o atraktivit\u011b Ostravy. Spolupr\u00e1ce m\u011bsta na tomto projektu je d\u016fkazem na\u0161\u00ed snahy vytv\u00e1\u0159et kvalitn\u00ed prost\u0159ed\u00ed pro modern\u00ed pr\u016fmysl a logistiku. V\u011b\u0159\u00edme, \u017ee je to dal\u0161\u00ed krok na cest\u011b Ostravy st\u00e1t se technologick\u00fdm centrem \u010cesk\u00e9 republiky. P\u0159edpokl\u00e1d\u00e1m t\u00e9\u017e, \u017ee d\u00edky realizaci projektu dojde k\u00a0multiplika\u010dn\u00edmu efektu a na BMW se nav\u00e1\u017eou dal\u0161\u00ed subdodavatel\u00e9 slu\u017eeb a produkt\u016f. Zkr\u00e1tka, \u017ee zna\u010dka BMW p\u0159il\u00e1k\u00e1 dal\u0161\u00ed investory do kraje,\u201c <\/i><\/em>doplnil <strong><b>Jan Dohnal<\/b><\/strong>, prim\u00e1tor m\u011bsta Ostravy, m\u011bsta, kter\u00e9 spravuje strategickou pr\u016fmyslovou z\u00f3nu v\u00a0Mo\u0161nov\u011b.<\/p>\n<p><img loading=\"lazy\" decoding=\"async\" class=\"alignnone size-medium wp-image-13205\" src=\"http:\/\/www.automakers.cz\/wp-content\/uploads\/2025\/05\/BMW-sazeni-lip-3stan-900x600.jpg\" alt=\"\" width=\"900\" height=\"600\" srcset=\"https:\/\/www.automakers.cz\/wp-content\/uploads\/2025\/05\/BMW-sazeni-lip-3stan-900x600.jpg 900w, https:\/\/www.automakers.cz\/wp-content\/uploads\/2025\/05\/BMW-sazeni-lip-3stan-1024x683.jpg 1024w, https:\/\/www.automakers.cz\/wp-content\/uploads\/2025\/05\/BMW-sazeni-lip-3stan-768x512.jpg 768w, https:\/\/www.automakers.cz\/wp-content\/uploads\/2025\/05\/BMW-sazeni-lip-3stan-1536x1024.jpg 1536w, https:\/\/www.automakers.cz\/wp-content\/uploads\/2025\/05\/BMW-sazeni-lip-3stan-2048x1366.jpg 2048w\" sizes=\"auto, (max-width: 900px) 100vw, 900px\" \/><\/p>\n<p><em><i>\u201eSpojen\u00ed leti\u0161tn\u00edho carga, \u017eeleznice a d\u00e1lnice d\u011bl\u00e1 z pr\u016fmyslov\u00e9 z\u00f3ny Mo\u0161nov logistick\u00fd hub, kter\u00fd nem\u00e1 v \u010cesku obdoby. Jsem r\u00e1d, \u017ee jeho strategick\u00e9 v\u00fdhody &#8211; polohu v\u00a0srdci Evropy,\u00a0bl\u00edzkost v\u00fdznamn\u00fdch z\u00e1kazn\u00edk\u016f, kvalitn\u00ed infrastrukturu a\u00a0dopravn\u00ed spojen\u00ed ocenila i automobilka BMW Group a rozhodla se tu vybudovat sv\u00e9 logistick\u00e9 centrum. V\u00e1\u017e\u00edme si toho. Pot\u0159ebujeme, aby se v\u00a0na\u0161em regionu us\u00eddlily prosperuj\u00edc\u00ed firmy, zejm\u00e9na ty, kter\u00e9 investuj\u00ed do inovac\u00ed, pr\u016fmyslov\u00e9ho v\u00fdzkumu a v\u00fdvoje. Projekty s vysokou p\u0159idanou hodnotou p\u0159inesou ekonomick\u00e9 zisky a zlep\u0161\u00ed kvalitu \u017eivota v na\u0161em kraji,\u201c <\/i><\/em>\u0159ekl hejtman Moravskoslezsk\u00e9ho kraje <strong><b>Josef B\u011blica<\/b><\/strong>.<\/p>\n<p><img loading=\"lazy\" decoding=\"async\" class=\"alignnone size-medium wp-image-13204\" src=\"http:\/\/www.automakers.cz\/wp-content\/uploads\/2025\/05\/BMW-projekt-vizualizace-1-900x600.jpg\" alt=\"\" width=\"900\" height=\"600\" srcset=\"https:\/\/www.automakers.cz\/wp-content\/uploads\/2025\/05\/BMW-projekt-vizualizace-1-900x600.jpg 900w, https:\/\/www.automakers.cz\/wp-content\/uploads\/2025\/05\/BMW-projekt-vizualizace-1-1024x682.jpg 1024w, https:\/\/www.automakers.cz\/wp-content\/uploads\/2025\/05\/BMW-projekt-vizualizace-1-768x512.jpg 768w, https:\/\/www.automakers.cz\/wp-content\/uploads\/2025\/05\/BMW-projekt-vizualizace-1-1536x1023.jpg 1536w, https:\/\/www.automakers.cz\/wp-content\/uploads\/2025\/05\/BMW-projekt-vizualizace-1-2048x1364.jpg 2048w\" sizes=\"auto, (max-width: 900px) 100vw, 900px\" \/><\/p>\n<p><em><i>\u00a0<\/i><\/em><strong><u><b>Ostrava Airport Multimodal Park v Mo\u0161nov\u011b<\/b><\/u><\/strong><\/p>\n<p><strong><b>\u00a0<\/b><\/strong><strong><b>f\u00e1ze \u2013 realizovan\u00e1 v\u00fdstavba (4 haly) <\/b><\/strong><\/p>\n<p>Developersk\u00e1 spole\u010dnost Gridarch zah\u00e1jila v\u00a0roce 2018 v\u00fdstavbu Ostrava Airport Multimodal Park v\u00a0Ostrav\u011b Mo\u0161nov\u011b, kter\u00fd dnes \u010d\u00edt\u00e1 138.000 m<sup>2<\/sup>\u00a0prvot\u0159\u00eddn\u00edch industri\u00e1ln\u00edch nemovitost\u00ed a kter\u00e9 jsou pronajaty p\u0159edn\u00edm logistick\u00fdm a v\u00fdrobn\u00edm spole\u010dnostem. Sou\u010d\u00e1st\u00ed are\u00e1lu je i \u017eelezni\u010dn\u00ed kontejnerov\u00fd termin\u00e1l o rozloze 151.000 m<sup>2<\/sup>. V\u00a0roce 2021 byla \u010d\u00e1st tohoto are\u00e1lu spolu s\u00a0v\u00fdrobn\u00edm parkem v\u00a0No\u0161ovic\u00edch prod\u00e1na americk\u00e9mu realitn\u00edmu investi\u010dn\u00edmu fondu EQT Exeter (dnes EQT Real Estate).<\/p>\n<ul>\n<li><b><\/b><strong><b> f\u00e1ze \u2013 realizovan\u00e1 v\u00fdstavba (4 haly) \u00a0<\/b><\/strong><\/li>\n<\/ul>\n<p>Na ja\u0159e roku 2024 zah\u00e1jila Gridarch v\u00a0Mo\u0161nov\u011b v\u00fdstavbu II. f\u00e1ze Ostrava Airport Multimodal Parku, kter\u00e1 zahrnuje 120.000 m<sup>2<\/sup>\u00a0prvot\u0159\u00eddn\u00edch komer\u010dn\u00edch ploch t\u0159\u00eddy A. Jedn\u00e1 se o 4 haly pro logistiku a lehkou v\u00fdrobu. V\u00fdstavba byla v\u00a0b\u0159eznu 2025 dokon\u010dena. T\u0159i haly z\u00edskal americk\u00fd investor EQT Real Estate. \u010ctvrt\u00e1 hala o rozloze 12.000 m<sup>2<\/sup>\u00a0je pronajata mezin\u00e1rodn\u00ed v\u00fdrobn\u00ed spole\u010dnosti Brose a z\u016fst\u00e1v\u00e1 ve vlastnictv\u00ed Gridarch.<\/p>\n<p><strong><b>\u00a0<\/b><\/strong><strong><b>f\u00e1ze \u2013 zah\u00e1jen\u00e1 v\u00fdstavba (3 haly) \u00a0<\/b><\/strong><\/p>\n<p>Zahrnuje 3 nov\u00e9 haly, kter\u00e9 na z\u00e1klad\u011b desetilet\u00e9ho pron\u00e1jmu vyu\u017eije jako distribu\u010dn\u00ed centrum automobilka BMW Group. Dokon\u010den\u00ed v\u00fdstavby se o\u010dek\u00e1v\u00e1 v\u00a0Q1 2026 a provoz distribu\u010dn\u00edho centra by m\u011bl b\u00fdt zah\u00e1jen do konce roku 2026.<\/p>\n<ul>\n<li><b><\/b><strong><b> f\u00e1ze \u2013 p\u0159ipravovan\u00e1 v\u00fdstavba (1 hala) \u00a0<\/b><\/strong><\/li>\n<\/ul>\n<p>Na pozemku o rozloze 155.000 m<sup>2<\/sup>\u00a0se pl\u00e1nuje v\u00fdstavba industri\u00e1ln\u00ed haly v\u00a0rozsahu 97.500 m<sup>2<\/sup>, kter\u00e1 m\u00e1 stavebn\u00ed povolen\u00ed k\u00a0realizaci.<\/p>\n<p>Celkov\u00e1 plocha are\u00e1lu Ostrava Airport Multimodal Park m\u016f\u017ee v\u00a0nejbli\u017e\u0161\u00edch letech p\u0159es\u00e1hnout rozlohu 550.000 m<sup>2 <\/sup>pronaj\u00edmateln\u00fdch komer\u010dn\u00edch ploch.<\/p>\n<p><strong><b>\u00a0<\/b><\/strong>* * *<\/p>\n<p><strong><b>Gridarch (d\u0159\u00edve Concens Investments)\u00a0<\/b><\/strong>je \u010desk\u00e1 developersk\u00e1 spole\u010dnost zam\u011b\u0159uj\u00edc\u00ed se na p\u0159\u00edpravu, realizaci a pron\u00e1jem modern\u00edch pr\u016fmyslov\u00fdch a logistick\u00fdch nemovitost\u00ed. V\u00a0roce 2018 zah\u00e1jila v\u00fdstavbu Ostrava Airport Multimodal Park v\u00a0Ostrav\u011b Mo\u0161nov\u011b, kter\u00fd v\u00a0sou\u010dasnosti (5\/2025) \u010d\u00edt\u00e1 300.000 m<sup>2<\/sup>\u00a0prvot\u0159\u00eddn\u00edch industri\u00e1ln\u00edch nemovitost\u00ed. \u010c\u00e1st are\u00e1lu vlastn\u00ed americk\u00e1 investi\u010dn\u00ed spole\u010dnost EQT Real Estate (d\u0159\u00edve EQT Exeter). Na p\u0159\u00edprav\u011b dal\u0161\u00edch obchodn\u011b-pr\u016fmyslov\u00fdch z\u00f3n Gridarch pracuje.<\/p>\n<p><strong><b>Zdroj:\u00a0<\/b><\/strong><strong><b>Mark\u00e9ta Mikov\u00e1<\/b><\/strong>, PR Konzultantka<\/p>\n","protected":false},"excerpt":{"rendered":"<p>Z\u00e1stupci developersk\u00e9 firmy Gridarch (d\u0159\u00edve Concens Investments), automobilky BMW Group, m\u011bsta Ostravy a Moravskoslezsk\u00e9ho kraje&#8230;<\/p>\n","protected":false},"author":1,"featured_media":13201,"comment_status":"closed","ping_status":"closed","sticky":false,"template":"","format":"standard","meta":{"footnotes":""},"categories":[26,3,43],"tags":[],"class_list":["post-13199","post","type-post","status-publish","format-standard","has-post-thumbnail","hentry","category-eventy","category-investice","category-logistika"],"_links":{"self":[{"href":"https:\/\/www.automakers.cz\/index.php?rest_route=\/wp\/v2\/posts\/13199","targetHints":{"allow":["GET"]}}],"collection":[{"href":"https:\/\/www.automakers.cz\/index.php?rest_route=\/wp\/v2\/posts"}],"about":[{"href":"https:\/\/www.automakers.cz\/index.php?rest_route=\/wp\/v2\/types\/post"}],"author":[{"embeddable":true,"href":"https:\/\/www.automakers.cz\/index.php?rest_route=\/wp\/v2\/users\/1"}],"replies":[{"embeddable":true,"href":"https:\/\/www.automakers.cz\/index.php?rest_route=%2Fwp%2Fv2%2Fcomments&post=13199"}],"version-history":[{"count":3,"href":"https:\/\/www.automakers.cz\/index.php?rest_route=\/wp\/v2\/posts\/13199\/revisions"}],"predecessor-version":[{"id":13206,"href":"https:\/\/www.automakers.cz\/index.php?rest_route=\/wp\/v2\/posts\/13199\/revisions\/13206"}],"wp:featuredmedia":[{"embeddable":true,"href":"https:\/\/www.automakers.cz\/index.php?rest_route=\/wp\/v2\/media\/13201"}],"wp:attachment":[{"href":"https:\/\/www.automakers.cz\/index.php?rest_route=%2Fwp%2Fv2%2Fmedia&parent=13199"}],"wp:term":[{"taxonomy":"category","embeddable":true,"href":"https:\/\/www.automakers.cz\/index.php?rest_route=%2Fwp%2Fv2%2Fcategories&post=13199"},{"taxonomy":"post_tag","embeddable":true,"href":"https:\/\/www.automakers.cz\/index.php?rest_route=%2Fwp%2Fv2%2Ftags&post=13199"}],"curies":[{"name":"wp","href":"https:\/\/api.w.org\/{rel}","templated":true}]}}