{"id":13229,"date":"2025-05-18T21:24:31","date_gmt":"2025-05-18T21:24:31","guid":{"rendered":"https:\/\/www.automakers.cz\/?p=13229"},"modified":"2025-05-18T21:24:31","modified_gmt":"2025-05-18T21:24:31","slug":"ecorally-morava-peugeot-postavil-4-posadky","status":"publish","type":"post","link":"https:\/\/www.automakers.cz\/?p=13229","title":{"rendered":"Ecorally Morava: Peugeot postavil 4 pos\u00e1dky"},"content":{"rendered":"<p><strong>Na 4. Futures Contproduct Classic Rally Morava, kter\u00e1 prob\u011bhla od p\u00e1tku 16. do soboty 17. kv\u011btna v\u202fokol\u00ed Olomouce, se vydaly \u010dty\u0159i pos\u00e1dky s\u202fvozy Peugeot. Do z\u00e1kladn\u00ed sestavy nov\u011b p\u0159ibyla dvojice Milan Byd\u017eovsk\u00fd st. \/ Milan Byd\u017eovsk\u00fd ml. Po\u010det \u201etov\u00e1rn\u00edch\u201c pos\u00e1dek t\u00fdmu Peugeot TotalEnergies se tak rozrostl na \u010dty\u0159i.<\/strong><!--more--><\/p>\n<p>Ve druh\u00e9m podniku leto\u0161n\u00edho \u010cEZ mistrovstv\u00ed \u010cR v\u202fEcorally se op\u011bt o\u010dek\u00e1valo siln\u011b obsazen\u00e9 startovn\u00ed pole, a to navzdory n\u00e1ro\u010dnosti sout\u011b\u017ee jak z\u202flogistick\u00e9ho hlediska, tak i z\u202fpohledu samotn\u00e9ho pr\u016fb\u011bhu z\u00e1vodu.<\/p>\n<p><strong>Nov\u00e1 posila<\/strong><\/p>\n<p>A\u010dkoli bylo p\u016fvodn\u00edm z\u00e1m\u011brem zna\u010dky Peugeot anga\u017eovat v\u202f\u0161ampion\u00e1tu t\u0159i st\u00e1l\u00e9 pos\u00e1dky, po prvn\u00edm z\u00e1vod\u011b v\u202f\u010cesk\u00e9m Krumlov\u011b a premi\u00e9\u0159e dvojice Milan Byd\u017eovsk\u00fd st. \/ Milan Byd\u017eovsk\u00fd ml. s\u202fmodelem Peugeot e-208 padlo rozhodnut\u00ed p\u0159ijmout do t\u00fdmu Peugeot TotalEnergies dal\u0161\u00ed posilu. Zb\u00fdvaj\u00edc\u00edch p\u011bt podnik\u016f leto\u0161n\u00ed sez\u00f3ny tak obsad\u00ed minim\u00e1ln\u011b \u010dty\u0159i vozy zna\u010dky Peugeot.<\/p>\n<p><strong>Premi\u00e9ra modelu e-Partner<\/strong><\/p>\n<p>Na start Ecorally Morava se postavily je\u0161t\u011b dal\u0161\u00ed t\u0159i pos\u00e1dky, z\u202ftoho jedna v nov\u00e9m slo\u017een\u00ed. Petr Vom\u00e1\u010dka tentokr\u00e1t nez\u00e1vodil se svou tradi\u010dn\u00ed navig\u00e1torkou Martinou Vom\u00e1\u010dkovou, ale s\u202fnov\u00fdm spolujezdcem Janem Kubovicem. Novinkou byl i v\u016fz, s\u202fn\u00edm\u017e se chystali do z\u00e1vodu: poprv\u00e9 v\u202fhistorii vy\u0161le Peugeot do sout\u011b\u017ee elektrickou dod\u00e1vku \u2013 model e-Partner. Tato novinka m\u00e1 za c\u00edl demonstrovat \u0161\u00ed\u0159i produktov\u00e9 nab\u00eddky zna\u010dky.<\/p>\n<p><strong>E-2008 a E-3008<\/strong><\/p>\n<p>Zb\u00fdvaj\u00edc\u00ed dv\u011b pos\u00e1dky se na Ecorally Morava vydaly ve sv\u00e9m tradi\u010dn\u00edm slo\u017een\u00ed. Kry\u0161tof H\u00e1jek a Jakub Motl\u00edk usedli do sv\u00e9ho Peugeotu e-2008, zat\u00edmco Roman Kraus a Luk\u00e1\u0161 Tich\u00fd znovu zvolili SUV e-3008.<\/p>\n","protected":false},"excerpt":{"rendered":"<p>Na 4. Futures Contproduct Classic Rally Morava, kter\u00e1 prob\u011bhla od p\u00e1tku 16. do soboty 17&#8230;.<\/p>\n","protected":false},"author":2,"featured_media":13231,"comment_status":"closed","ping_status":"closed","sticky":false,"template":"","format":"standard","meta":{"footnotes":""},"categories":[9,19],"tags":[],"class_list":["post-13229","post","type-post","status-publish","format-standard","has-post-thumbnail","hentry","category-elektromobily","category-motorsport"],"_links":{"self":[{"href":"https:\/\/www.automakers.cz\/index.php?rest_route=\/wp\/v2\/posts\/13229","targetHints":{"allow":["GET"]}}],"collection":[{"href":"https:\/\/www.automakers.cz\/index.php?rest_route=\/wp\/v2\/posts"}],"about":[{"href":"https:\/\/www.automakers.cz\/index.php?rest_route=\/wp\/v2\/types\/post"}],"author":[{"embeddable":true,"href":"https:\/\/www.automakers.cz\/index.php?rest_route=\/wp\/v2\/users\/2"}],"replies":[{"embeddable":true,"href":"https:\/\/www.automakers.cz\/index.php?rest_route=%2Fwp%2Fv2%2Fcomments&post=13229"}],"version-history":[{"count":3,"href":"https:\/\/www.automakers.cz\/index.php?rest_route=\/wp\/v2\/posts\/13229\/revisions"}],"predecessor-version":[{"id":13250,"href":"https:\/\/www.automakers.cz\/index.php?rest_route=\/wp\/v2\/posts\/13229\/revisions\/13250"}],"wp:featuredmedia":[{"embeddable":true,"href":"https:\/\/www.automakers.cz\/index.php?rest_route=\/wp\/v2\/media\/13231"}],"wp:attachment":[{"href":"https:\/\/www.automakers.cz\/index.php?rest_route=%2Fwp%2Fv2%2Fmedia&parent=13229"}],"wp:term":[{"taxonomy":"category","embeddable":true,"href":"https:\/\/www.automakers.cz\/index.php?rest_route=%2Fwp%2Fv2%2Fcategories&post=13229"},{"taxonomy":"post_tag","embeddable":true,"href":"https:\/\/www.automakers.cz\/index.php?rest_route=%2Fwp%2Fv2%2Ftags&post=13229"}],"curies":[{"name":"wp","href":"https:\/\/api.w.org\/{rel}","templated":true}]}}